{"id":6476,"date":"2024-04-02T15:06:18","date_gmt":"2024-04-02T15:06:18","guid":{"rendered":"https:\/\/angelsolisnoticias.com\/?p=6476"},"modified":"2024-04-02T22:28:40","modified_gmt":"2024-04-02T22:28:40","slug":"se-renueva-parque-vehicular-de-cancun-con-100-unidades-nuevas-de-transporte-publico","status":"publish","type":"post","link":"https:\/\/angelsolisnoticias.com\/index.php\/2024\/04\/02\/se-renueva-parque-vehicular-de-cancun-con-100-unidades-nuevas-de-transporte-publico\/","title":{"rendered":"Se renueva parque vehicular de Canc\u00fan con 100 unidades nuevas de transporte p\u00fablico"},"content":{"rendered":"<p>Canc\u00fan, 2 de abril<br \/>\nEspecial<\/p>\n<p>Inici\u00f3 hoy el proceso de modernizaci\u00f3n del parque vehicular, arranque del corredor Kabah y el reordenamiento de rutas del transporte p\u00fablico de la ciudad de Canc\u00fan a favor de los usuarios, con la inversi\u00f3n de las empresas concesionarias.<\/p>\n<p>Empresarios concesionarios invitaron a la gobernadora Mara Lezama Espinosa y a la presidenta municipal de Benito Ju\u00e1rez, Ana Paty Peralta de la Pe\u00f1a, a la presentaci\u00f3n de 100 nuevos autobuses, que completan una flota de 184 unidades, que se suman a mejorar el transporte p\u00fablico en Canc\u00fan.<\/p>\n<p><img loading=\"lazy\" decoding=\"async\" class=\"aligncenter wp-image-6481 \" src=\"https:\/\/angelsolisnoticias.com\/wp-content\/uploads\/2024\/04\/Mara-camiones-Cancun2.jpg\" alt=\"\" width=\"699\" height=\"384\" \/><\/p>\n<p>En este marco se dio el banderazo para poner en marcha el primer corredor que operar\u00e1 en la Avenida Kabah, con imagen unificada en 4 rutas, para la movilidad en la Zona Hotelera. Con la incorporaci\u00f3n de estas nuevas unidades crece la flotilla 12%, mejorando sustancialmente la movilidad en este destino de clase mundial con ahorros de tiempo de traslado de hasta 20 minutos.<\/p>\n<p>Las cuatro rutas son Lakin &#8211; Zona Hotelera, Rehoyada &#8211; Zona Hotelera, La Joya &#8211; Zona Hotelera y 20 de Noviembre &#8211; Zona Hotelera.<\/p>\n<p><img loading=\"lazy\" decoding=\"async\" class=\"aligncenter wp-image-6480 \" src=\"https:\/\/angelsolisnoticias.com\/wp-content\/uploads\/2024\/04\/Mara-camiones-Cancun3.jpg\" alt=\"\" width=\"658\" height=\"431\" \/><\/p>\n<p>Al respecto, Mara Lezama afirm\u00f3 que con el corredor de la Av. Kabah se lograr\u00e1 una mejora real y, por ende, un incremento en la calidad de vida de los trabajadores y de la experiencia de sus visitantes, al poder movilizarse con reducci\u00f3n de tiempos de seguridad y confort.<\/p>\n<p>Mara Lezama tambi\u00e9n felicit\u00f3 a las tres empresas concesionarias Autocar Canc\u00fan, Transportaci\u00f3n Tur\u00edstica Urbana de Canc\u00fan y Sociedad Cooperativa de Transportes Maya Caribe, por estas mejoras en su servicio y por reincorporarse al proyecto de movilidad a favor de ciudadanos y turistas de Benito Ju\u00e1rez e Isla Mujeres, en la zona continental, pues tambi\u00e9n se consideran rutas intermunicipales en la Av. Tulum, Kabah, Rancho Viejo, Chac Mool y Nichupt\u00e9.<\/p>\n<p><img loading=\"lazy\" decoding=\"async\" class=\"aligncenter wp-image-6479 \" src=\"https:\/\/angelsolisnoticias.com\/wp-content\/uploads\/2024\/04\/Mara-camiones-Cancun4.jpg\" alt=\"\" width=\"626\" height=\"405\" \/><\/p>\n<p>Sobre el tema, el empresario Francisco Palma Leal record\u00f3 que el proyecto llevaba dos a\u00f1os, necesario para recortar tiempos de traslado de hasta 20 minutos y pone a Quintana Roo en el camino correcto de la modernizaci\u00f3n de los servicios.<\/p>\n<p>Entre las personas asistentes estuvieron el titular del IMOVEQROO Luis Rodrigo Alc\u00e1zar Urrutia; los empresarios Francisco Palma Leal, Vicente Noya Cruz y Jorge Catz\u00edn Quijano, de las concesionarias.<\/p>\n","protected":false},"excerpt":{"rendered":"<p>Canc\u00fan, 2 de abril Especial Inici\u00f3 hoy el proceso de modernizaci\u00f3n del parque vehicular, arranque del corredor Kabah y el reordenamiento de rutas del transporte p\u00fablico de la ciudad de Canc\u00fan a favor de los usuarios, con la inversi\u00f3n de las empresas concesionarias. Empresarios concesionarios invitaron a la gobernadora Mara <a href=\"https:\/\/angelsolisnoticias.com\/index.php\/2024\/04\/02\/se-renueva-parque-vehicular-de-cancun-con-100-unidades-nuevas-de-transporte-publico\/\" class=\"btn btn-link continue-link\">Seguir leyendo<\/a><\/p>\n","protected":false},"author":1,"featured_media":6478,"comment_status":"open","ping_status":"open","sticky":false,"template":"","format":"standard","meta":{"footnotes":""},"categories":[1],"tags":[],"class_list":["post-6476","post","type-post","status-publish","format-standard","has-post-thumbnail","hentry","category-uncategorized"],"yoast_head":"<!-- This site is optimized with the Yoast SEO plugin v21.1 - https:\/\/yoast.com\/wordpress\/plugins\/seo\/ -->\n<title>Se renueva parque vehicular de Canc\u00fan con 100 unidades nuevas de transporte p\u00fablico<\/title>\n<meta name=\"description\" content=\".\" \/>\n<meta name=\"robots\" content=\"index, follow, max-snippet:-1, max-image-preview:large, max-video-preview:-1\" \/>\n<link rel=\"canonical\" href=\"https:\/\/angelsolisnoticias.com\/index.php\/2024\/04\/02\/se-renueva-parque-vehicular-de-cancun-con-100-unidades-nuevas-de-transporte-publico\/\" \/>\n<meta property=\"og:locale\" content=\"es_MX\" \/>\n<meta property=\"og:type\" content=\"article\" \/>\n<meta property=\"og:title\" content=\"Se renueva parque vehicular de Canc\u00fan con 100 unidades nuevas de transporte p\u00fablico\" \/>\n<meta property=\"og:description\" content=\".\" \/>\n<meta property=\"og:url\" content=\"https:\/\/angelsolisnoticias.com\/index.php\/2024\/04\/02\/se-renueva-parque-vehicular-de-cancun-con-100-unidades-nuevas-de-transporte-publico\/\" \/>\n<meta property=\"og:site_name\" content=\"\u00c1ngel Solis\" \/>\n<meta property=\"article:publisher\" content=\"https:\/\/www.facebook.com\/periodistasquintanaroo\" \/>\n<meta property=\"article:published_time\" content=\"2024-04-02T15:06:18+00:00\" \/>\n<meta property=\"article:modified_time\" content=\"2024-04-02T22:28:40+00:00\" \/>\n<meta property=\"og:image\" content=\"https:\/\/angelsolisnoticias.com\/wp-content\/uploads\/2024\/04\/Mara-camiones-Cancun5.jpg\" \/>\n\t<meta property=\"og:image:width\" content=\"800\" \/>\n\t<meta property=\"og:image:height\" content=\"569\" \/>\n\t<meta property=\"og:image:type\" content=\"image\/jpeg\" \/>\n<meta name=\"author\" content=\"admin\" \/>\n<meta name=\"twitter:card\" content=\"summary_large_image\" \/>\n<meta name=\"twitter:creator\" content=\"@PERIODISTASQROO\" \/>\n<meta name=\"twitter:site\" content=\"@PERIODISTASQROO\" \/>\n<meta name=\"twitter:label1\" content=\"Escrito por\" \/>\n\t<meta name=\"twitter:data1\" content=\"admin\" \/>\n\t<meta name=\"twitter:label2\" content=\"Tiempo de lectura\" \/>\n\t<meta name=\"twitter:data2\" content=\"3 minutos\" \/>\n<script type=\"application\/ld+json\" class=\"yoast-schema-graph\">{\"@context\":\"https:\/\/schema.org\",\"@graph\":[{\"@type\":\"Article\",\"@id\":\"https:\/\/angelsolisnoticias.com\/index.php\/2024\/04\/02\/se-renueva-parque-vehicular-de-cancun-con-100-unidades-nuevas-de-transporte-publico\/#article\",\"isPartOf\":{\"@id\":\"https:\/\/angelsolisnoticias.com\/index.php\/2024\/04\/02\/se-renueva-parque-vehicular-de-cancun-con-100-unidades-nuevas-de-transporte-publico\/\"},\"author\":{\"name\":\"admin\",\"@id\":\"https:\/\/angelsolisnoticias.com\/#\/schema\/person\/d5ca5e4c5f05db44e86cb564bf81ae6f\"},\"headline\":\"Se renueva parque vehicular de Canc\u00fan con 100 unidades nuevas de transporte p\u00fablico\",\"datePublished\":\"2024-04-02T15:06:18+00:00\",\"dateModified\":\"2024-04-02T22:28:40+00:00\",\"mainEntityOfPage\":{\"@id\":\"https:\/\/angelsolisnoticias.com\/index.php\/2024\/04\/02\/se-renueva-parque-vehicular-de-cancun-con-100-unidades-nuevas-de-transporte-publico\/\"},\"wordCount\":393,\"commentCount\":0,\"publisher\":{\"@id\":\"https:\/\/angelsolisnoticias.com\/#organization\"},\"articleSection\":[\"Uncategorized\"],\"inLanguage\":\"es\",\"potentialAction\":[{\"@type\":\"CommentAction\",\"name\":\"Comment\",\"target\":[\"https:\/\/angelsolisnoticias.com\/index.php\/2024\/04\/02\/se-renueva-parque-vehicular-de-cancun-con-100-unidades-nuevas-de-transporte-publico\/#respond\"]}]},{\"@type\":\"WebPage\",\"@id\":\"https:\/\/angelsolisnoticias.com\/index.php\/2024\/04\/02\/se-renueva-parque-vehicular-de-cancun-con-100-unidades-nuevas-de-transporte-publico\/\",\"url\":\"https:\/\/angelsolisnoticias.com\/index.php\/2024\/04\/02\/se-renueva-parque-vehicular-de-cancun-con-100-unidades-nuevas-de-transporte-publico\/\",\"name\":\"Se renueva parque vehicular de Canc\u00fan con 100 unidades nuevas de transporte p\u00fablico\",\"isPartOf\":{\"@id\":\"https:\/\/angelsolisnoticias.com\/#website\"},\"datePublished\":\"2024-04-02T15:06:18+00:00\",\"dateModified\":\"2024-04-02T22:28:40+00:00\",\"description\":\".\",\"breadcrumb\":{\"@id\":\"https:\/\/angelsolisnoticias.com\/index.php\/2024\/04\/02\/se-renueva-parque-vehicular-de-cancun-con-100-unidades-nuevas-de-transporte-publico\/#breadcrumb\"},\"inLanguage\":\"es\",\"potentialAction\":[{\"@type\":\"ReadAction\",\"target\":[\"https:\/\/angelsolisnoticias.com\/index.php\/2024\/04\/02\/se-renueva-parque-vehicular-de-cancun-con-100-unidades-nuevas-de-transporte-publico\/\"]}]},{\"@type\":\"BreadcrumbList\",\"@id\":\"https:\/\/angelsolisnoticias.com\/index.php\/2024\/04\/02\/se-renueva-parque-vehicular-de-cancun-con-100-unidades-nuevas-de-transporte-publico\/#breadcrumb\",\"itemListElement\":[{\"@type\":\"ListItem\",\"position\":1,\"name\":\"Inicio\",\"item\":\"https:\/\/angelsolisnoticias.com\/\"},{\"@type\":\"ListItem\",\"position\":2,\"name\":\"Se renueva parque vehicular de Canc\u00fan con 100 unidades nuevas de transporte p\u00fablico\"}]},{\"@type\":\"WebSite\",\"@id\":\"https:\/\/angelsolisnoticias.com\/#website\",\"url\":\"https:\/\/angelsolisnoticias.com\/\",\"name\":\"\u00c1ngel Solis\",\"description\":\"Noticias de Quintana Roo\",\"publisher\":{\"@id\":\"https:\/\/angelsolisnoticias.com\/#organization\"},\"potentialAction\":[{\"@type\":\"SearchAction\",\"target\":{\"@type\":\"EntryPoint\",\"urlTemplate\":\"https:\/\/angelsolisnoticias.com\/?s={search_term_string}\"},\"query-input\":\"required name=search_term_string\"}],\"inLanguage\":\"es\"},{\"@type\":\"Organization\",\"@id\":\"https:\/\/angelsolisnoticias.com\/#organization\",\"name\":\"\u00c1ngel Solis\",\"url\":\"https:\/\/angelsolisnoticias.com\/\",\"logo\":{\"@type\":\"ImageObject\",\"inLanguage\":\"es\",\"@id\":\"https:\/\/angelsolisnoticias.com\/#\/schema\/logo\/image\/\",\"url\":\"https:\/\/angelsolisnoticias.com\/wp-content\/uploads\/2023\/01\/LOGO3.png\",\"contentUrl\":\"https:\/\/angelsolisnoticias.com\/wp-content\/uploads\/2023\/01\/LOGO3.png\",\"width\":1853,\"height\":570,\"caption\":\"\u00c1ngel Solis\"},\"image\":{\"@id\":\"https:\/\/angelsolisnoticias.com\/#\/schema\/logo\/image\/\"},\"sameAs\":[\"https:\/\/www.facebook.com\/periodistasquintanaroo\",\"https:\/\/twitter.com\/PERIODISTASQROO\"]},{\"@type\":\"Person\",\"@id\":\"https:\/\/angelsolisnoticias.com\/#\/schema\/person\/d5ca5e4c5f05db44e86cb564bf81ae6f\",\"name\":\"admin\",\"image\":{\"@type\":\"ImageObject\",\"inLanguage\":\"es\",\"@id\":\"https:\/\/angelsolisnoticias.com\/#\/schema\/person\/image\/\",\"url\":\"https:\/\/secure.gravatar.com\/avatar\/dff3eaf7d33320066684ce268bff2bf90ce4f69456139b2d65d7796f64299e47?s=96&d=mm&r=g\",\"contentUrl\":\"https:\/\/secure.gravatar.com\/avatar\/dff3eaf7d33320066684ce268bff2bf90ce4f69456139b2d65d7796f64299e47?s=96&d=mm&r=g\",\"caption\":\"admin\"},\"sameAs\":[\"https:\/\/angelsolisnoticias.com\"],\"url\":\"https:\/\/angelsolisnoticias.com\/index.php\/author\/admin_qnbaat5l\/\"}]}<\/script>\n<!-- \/ Yoast SEO plugin. -->","yoast_head_json":{"title":"Se renueva parque vehicular de Canc\u00fan con 100 unidades nuevas de transporte p\u00fablico","description":".","robots":{"index":"index","follow":"follow","max-snippet":"max-snippet:-1","max-image-preview":"max-image-preview:large","max-video-preview":"max-video-preview:-1"},"canonical":"https:\/\/angelsolisnoticias.com\/index.php\/2024\/04\/02\/se-renueva-parque-vehicular-de-cancun-con-100-unidades-nuevas-de-transporte-publico\/","og_locale":"es_MX","og_type":"article","og_title":"Se renueva parque vehicular de Canc\u00fan con 100 unidades nuevas de transporte p\u00fablico","og_description":".","og_url":"https:\/\/angelsolisnoticias.com\/index.php\/2024\/04\/02\/se-renueva-parque-vehicular-de-cancun-con-100-unidades-nuevas-de-transporte-publico\/","og_site_name":"\u00c1ngel Solis","article_publisher":"https:\/\/www.facebook.com\/periodistasquintanaroo","article_published_time":"2024-04-02T15:06:18+00:00","article_modified_time":"2024-04-02T22:28:40+00:00","og_image":[{"width":800,"height":569,"url":"https:\/\/angelsolisnoticias.com\/wp-content\/uploads\/2024\/04\/Mara-camiones-Cancun5.jpg","type":"image\/jpeg"}],"author":"admin","twitter_card":"summary_large_image","twitter_creator":"@PERIODISTASQROO","twitter_site":"@PERIODISTASQROO","twitter_misc":{"Escrito por":"admin","Tiempo de lectura":"3 minutos"},"schema":{"@context":"https:\/\/schema.org","@graph":[{"@type":"Article","@id":"https:\/\/angelsolisnoticias.com\/index.php\/2024\/04\/02\/se-renueva-parque-vehicular-de-cancun-con-100-unidades-nuevas-de-transporte-publico\/#article","isPartOf":{"@id":"https:\/\/angelsolisnoticias.com\/index.php\/2024\/04\/02\/se-renueva-parque-vehicular-de-cancun-con-100-unidades-nuevas-de-transporte-publico\/"},"author":{"name":"admin","@id":"https:\/\/angelsolisnoticias.com\/#\/schema\/person\/d5ca5e4c5f05db44e86cb564bf81ae6f"},"headline":"Se renueva parque vehicular de Canc\u00fan con 100 unidades nuevas de transporte p\u00fablico","datePublished":"2024-04-02T15:06:18+00:00","dateModified":"2024-04-02T22:28:40+00:00","mainEntityOfPage":{"@id":"https:\/\/angelsolisnoticias.com\/index.php\/2024\/04\/02\/se-renueva-parque-vehicular-de-cancun-con-100-unidades-nuevas-de-transporte-publico\/"},"wordCount":393,"commentCount":0,"publisher":{"@id":"https:\/\/angelsolisnoticias.com\/#organization"},"articleSection":["Uncategorized"],"inLanguage":"es","potentialAction":[{"@type":"CommentAction","name":"Comment","target":["https:\/\/angelsolisnoticias.com\/index.php\/2024\/04\/02\/se-renueva-parque-vehicular-de-cancun-con-100-unidades-nuevas-de-transporte-publico\/#respond"]}]},{"@type":"WebPage","@id":"https:\/\/angelsolisnoticias.com\/index.php\/2024\/04\/02\/se-renueva-parque-vehicular-de-cancun-con-100-unidades-nuevas-de-transporte-publico\/","url":"https:\/\/angelsolisnoticias.com\/index.php\/2024\/04\/02\/se-renueva-parque-vehicular-de-cancun-con-100-unidades-nuevas-de-transporte-publico\/","name":"Se renueva parque vehicular de Canc\u00fan con 100 unidades nuevas de transporte p\u00fablico","isPartOf":{"@id":"https:\/\/angelsolisnoticias.com\/#website"},"datePublished":"2024-04-02T15:06:18+00:00","dateModified":"2024-04-02T22:28:40+00:00","description":".","breadcrumb":{"@id":"https:\/\/angelsolisnoticias.com\/index.php\/2024\/04\/02\/se-renueva-parque-vehicular-de-cancun-con-100-unidades-nuevas-de-transporte-publico\/#breadcrumb"},"inLanguage":"es","potentialAction":[{"@type":"ReadAction","target":["https:\/\/angelsolisnoticias.com\/index.php\/2024\/04\/02\/se-renueva-parque-vehicular-de-cancun-con-100-unidades-nuevas-de-transporte-publico\/"]}]},{"@type":"BreadcrumbList","@id":"https:\/\/angelsolisnoticias.com\/index.php\/2024\/04\/02\/se-renueva-parque-vehicular-de-cancun-con-100-unidades-nuevas-de-transporte-publico\/#breadcrumb","itemListElement":[{"@type":"ListItem","position":1,"name":"Inicio","item":"https:\/\/angelsolisnoticias.com\/"},{"@type":"ListItem","position":2,"name":"Se renueva parque vehicular de Canc\u00fan con 100 unidades nuevas de transporte p\u00fablico"}]},{"@type":"WebSite","@id":"https:\/\/angelsolisnoticias.com\/#website","url":"https:\/\/angelsolisnoticias.com\/","name":"\u00c1ngel Solis","description":"Noticias de Quintana Roo","publisher":{"@id":"https:\/\/angelsolisnoticias.com\/#organization"},"potentialAction":[{"@type":"SearchAction","target":{"@type":"EntryPoint","urlTemplate":"https:\/\/angelsolisnoticias.com\/?s={search_term_string}"},"query-input":"required name=search_term_string"}],"inLanguage":"es"},{"@type":"Organization","@id":"https:\/\/angelsolisnoticias.com\/#organization","name":"\u00c1ngel Solis","url":"https:\/\/angelsolisnoticias.com\/","logo":{"@type":"ImageObject","inLanguage":"es","@id":"https:\/\/angelsolisnoticias.com\/#\/schema\/logo\/image\/","url":"https:\/\/angelsolisnoticias.com\/wp-content\/uploads\/2023\/01\/LOGO3.png","contentUrl":"https:\/\/angelsolisnoticias.com\/wp-content\/uploads\/2023\/01\/LOGO3.png","width":1853,"height":570,"caption":"\u00c1ngel Solis"},"image":{"@id":"https:\/\/angelsolisnoticias.com\/#\/schema\/logo\/image\/"},"sameAs":["https:\/\/www.facebook.com\/periodistasquintanaroo","https:\/\/twitter.com\/PERIODISTASQROO"]},{"@type":"Person","@id":"https:\/\/angelsolisnoticias.com\/#\/schema\/person\/d5ca5e4c5f05db44e86cb564bf81ae6f","name":"admin","image":{"@type":"ImageObject","inLanguage":"es","@id":"https:\/\/angelsolisnoticias.com\/#\/schema\/person\/image\/","url":"https:\/\/secure.gravatar.com\/avatar\/dff3eaf7d33320066684ce268bff2bf90ce4f69456139b2d65d7796f64299e47?s=96&d=mm&r=g","contentUrl":"https:\/\/secure.gravatar.com\/avatar\/dff3eaf7d33320066684ce268bff2bf90ce4f69456139b2d65d7796f64299e47?s=96&d=mm&r=g","caption":"admin"},"sameAs":["https:\/\/angelsolisnoticias.com"],"url":"https:\/\/angelsolisnoticias.com\/index.php\/author\/admin_qnbaat5l\/"}]}},"jetpack_featured_media_url":"https:\/\/angelsolisnoticias.com\/wp-content\/uploads\/2024\/04\/Mara-camiones-Cancun5.jpg","_links":{"self":[{"href":"https:\/\/angelsolisnoticias.com\/index.php\/wp-json\/wp\/v2\/posts\/6476","targetHints":{"allow":["GET"]}}],"collection":[{"href":"https:\/\/angelsolisnoticias.com\/index.php\/wp-json\/wp\/v2\/posts"}],"about":[{"href":"https:\/\/angelsolisnoticias.com\/index.php\/wp-json\/wp\/v2\/types\/post"}],"author":[{"embeddable":true,"href":"https:\/\/angelsolisnoticias.com\/index.php\/wp-json\/wp\/v2\/users\/1"}],"replies":[{"embeddable":true,"href":"https:\/\/angelsolisnoticias.com\/index.php\/wp-json\/wp\/v2\/comments?post=6476"}],"version-history":[{"count":3,"href":"https:\/\/angelsolisnoticias.com\/index.php\/wp-json\/wp\/v2\/posts\/6476\/revisions"}],"predecessor-version":[{"id":6483,"href":"https:\/\/angelsolisnoticias.com\/index.php\/wp-json\/wp\/v2\/posts\/6476\/revisions\/6483"}],"wp:featuredmedia":[{"embeddable":true,"href":"https:\/\/angelsolisnoticias.com\/index.php\/wp-json\/wp\/v2\/media\/6478"}],"wp:attachment":[{"href":"https:\/\/angelsolisnoticias.com\/index.php\/wp-json\/wp\/v2\/media?parent=6476"}],"wp:term":[{"taxonomy":"category","embeddable":true,"href":"https:\/\/angelsolisnoticias.com\/index.php\/wp-json\/wp\/v2\/categories?post=6476"},{"taxonomy":"post_tag","embeddable":true,"href":"https:\/\/angelsolisnoticias.com\/index.php\/wp-json\/wp\/v2\/tags?post=6476"}],"curies":[{"name":"wp","href":"https:\/\/api.w.org\/{rel}","templated":true}]}}