{"id":6492,"date":"2024-04-01T18:40:25","date_gmt":"2024-04-01T18:40:25","guid":{"rendered":"https:\/\/angelsolisnoticias.com\/?p=6492"},"modified":"2024-04-02T22:44:48","modified_gmt":"2024-04-02T22:44:48","slug":"se-inaugura-foro-la-mujer-y-la-innovacion-en-la-tecnologia","status":"publish","type":"post","link":"https:\/\/angelsolisnoticias.com\/index.php\/2024\/04\/01\/se-inaugura-foro-la-mujer-y-la-innovacion-en-la-tecnologia\/","title":{"rendered":"Se inaugura foro \u201cLa Mujer y la Innovaci\u00f3n en la Tecnolog\u00eda\u201d"},"content":{"rendered":"<p>Canc\u00fan, 1 de abril<br \/>\nEspecial<\/p>\n<p>Como parte de las actividades relacionadas con el D\u00eda Internacional de la Mujer se inaugur\u00f3 el foro \u201cLa Mujer y la Innovaci\u00f3n en la Tecnolog\u00eda\u201d, dirigido a empresarias, artesanas, presidentas de c\u00e1maras, consultoras, del sector acad\u00e9mico, entre muchas m\u00e1s.<\/p>\n<p>La agenda de este foro contempl\u00f3 una conferencia magistral sobre \u201cPlataformas de Educaci\u00f3n Financiera\u201d y dos talleres: \u201cLa inteligencia artificial en la vida de las mujeres\u201d y \u201cEl rol de la mujer en la innovaci\u00f3n en M\u00e9xico\u201d, al que fue invitada la gobernadora Mara Lezama Espinosa para su inauguraci\u00f3n.<\/p>\n<p><img loading=\"lazy\" decoding=\"async\" class=\"aligncenter wp-image-6495 \" src=\"https:\/\/angelsolisnoticias.com\/wp-content\/uploads\/2024\/04\/Mara-Mujer-tecnologia4.jpg\" alt=\"\" width=\"620\" height=\"413\" srcset=\"https:\/\/angelsolisnoticias.com\/wp-content\/uploads\/2024\/04\/Mara-Mujer-tecnologia4.jpg 720w, https:\/\/angelsolisnoticias.com\/wp-content\/uploads\/2024\/04\/Mara-Mujer-tecnologia4-300x200.jpg 300w\" sizes=\"auto, (max-width: 620px) 100vw, 620px\" \/><\/p>\n<p>La gobernadora Mara Lezama expres\u00f3 que en Quintana Roo hay m\u00e1s mujeres emprendiendo, dirigiendo con \u00e9xito empresas que generan empleo; mujeres que lideren la innovaci\u00f3n tecnol\u00f3gica para la resoluci\u00f3n de problemas p\u00fablicos para acelerar el paso hacia el desarrollo.<\/p>\n<p>El foro, organizado en conjunto entre el Instituto Quintanarroense de Innovaci\u00f3n y Tecnolog\u00eda y la Secretar\u00eda de Desarrollo Econ\u00f3mico.<\/p>\n<p><img loading=\"lazy\" decoding=\"async\" class=\"aligncenter wp-image-6496 \" src=\"https:\/\/angelsolisnoticias.com\/wp-content\/uploads\/2024\/04\/Mara-Mujer-tecnologia3.jpg\" alt=\"\" width=\"618\" height=\"412\" srcset=\"https:\/\/angelsolisnoticias.com\/wp-content\/uploads\/2024\/04\/Mara-Mujer-tecnologia3.jpg 720w, https:\/\/angelsolisnoticias.com\/wp-content\/uploads\/2024\/04\/Mara-Mujer-tecnologia3-300x200.jpg 300w\" sizes=\"auto, (max-width: 618px) 100vw, 618px\" \/><\/p>\n<p>La presidenta municipal de Benito Ju\u00e1rez, Ana Paty Peralta de la Pe\u00f1a dio la bienvenida al foro, en el planetario Ka\u00b4yoc\u00b4, en tanto que la secretaria de Desarrollo Econ\u00f3mico Karla Almanza L\u00f3pez expuso los objetivos y alcances del foro.<\/p>\n<p><img loading=\"lazy\" decoding=\"async\" class=\"aligncenter wp-image-6497 \" src=\"https:\/\/angelsolisnoticias.com\/wp-content\/uploads\/2024\/04\/Mara-Mujer-tecnologia2.jpg\" alt=\"\" width=\"635\" height=\"423\" srcset=\"https:\/\/angelsolisnoticias.com\/wp-content\/uploads\/2024\/04\/Mara-Mujer-tecnologia2.jpg 720w, https:\/\/angelsolisnoticias.com\/wp-content\/uploads\/2024\/04\/Mara-Mujer-tecnologia2-300x200.jpg 300w\" sizes=\"auto, (max-width: 635px) 100vw, 635px\" \/><\/p>\n<p>En la apertura del foro acompa\u00f1aron a la titular del Ejecutivo la presidenta honoraria del Sistema DIF Quintana Roo, Ver\u00f3nica Lezama Espinosa; Ana Mar\u00eda Casais, gerente de educaci\u00f3n financiera Actinver; Ang\u00e9lica Fr\u00edas, presidenta de Coparmex Quintana Roo; Luisa Barr\u00f3n Maldonado, fundadora de Maldonado Consultores; Mar\u00eda Hadad Castillo, directora general del IQM; Javier Abraham Ayuso S\u00e1nchez, director general del IQIT, y Christopher Malpica Morales, director general del COQCYT.<\/p>\n","protected":false},"excerpt":{"rendered":"<p>Canc\u00fan, 1 de abril Especial Como parte de las actividades relacionadas con el D\u00eda Internacional de la Mujer se inaugur\u00f3 el foro \u201cLa Mujer y la Innovaci\u00f3n en la Tecnolog\u00eda\u201d, dirigido a empresarias, artesanas, presidentas de c\u00e1maras, consultoras, del sector acad\u00e9mico, entre muchas m\u00e1s. La agenda de este foro contempl\u00f3 <a href=\"https:\/\/angelsolisnoticias.com\/index.php\/2024\/04\/01\/se-inaugura-foro-la-mujer-y-la-innovacion-en-la-tecnologia\/\" class=\"btn btn-link continue-link\">Seguir leyendo<\/a><\/p>\n","protected":false},"author":1,"featured_media":6494,"comment_status":"open","ping_status":"open","sticky":false,"template":"","format":"standard","meta":{"footnotes":""},"categories":[1],"tags":[],"class_list":["post-6492","post","type-post","status-publish","format-standard","has-post-thumbnail","hentry","category-uncategorized"],"yoast_head":"<!-- This site is optimized with the Yoast SEO plugin v21.1 - https:\/\/yoast.com\/wordpress\/plugins\/seo\/ -->\n<title>Se inaugura foro \u201cLa Mujer y la Innovaci\u00f3n en la Tecnolog\u00eda\u201d<\/title>\n<meta name=\"description\" content=\".\" \/>\n<meta name=\"robots\" content=\"index, follow, max-snippet:-1, max-image-preview:large, max-video-preview:-1\" \/>\n<link rel=\"canonical\" href=\"https:\/\/angelsolisnoticias.com\/index.php\/2024\/04\/01\/se-inaugura-foro-la-mujer-y-la-innovacion-en-la-tecnologia\/\" \/>\n<meta property=\"og:locale\" content=\"es_MX\" \/>\n<meta property=\"og:type\" content=\"article\" \/>\n<meta property=\"og:title\" content=\"Se inaugura foro \u201cLa Mujer y la Innovaci\u00f3n en la Tecnolog\u00eda\u201d\" \/>\n<meta property=\"og:description\" content=\".\" \/>\n<meta property=\"og:url\" content=\"https:\/\/angelsolisnoticias.com\/index.php\/2024\/04\/01\/se-inaugura-foro-la-mujer-y-la-innovacion-en-la-tecnologia\/\" \/>\n<meta property=\"og:site_name\" content=\"\u00c1ngel Solis\" \/>\n<meta property=\"article:publisher\" content=\"https:\/\/www.facebook.com\/periodistasquintanaroo\" \/>\n<meta property=\"article:published_time\" content=\"2024-04-01T18:40:25+00:00\" \/>\n<meta property=\"article:modified_time\" content=\"2024-04-02T22:44:48+00:00\" \/>\n<meta property=\"og:image\" content=\"https:\/\/angelsolisnoticias.com\/wp-content\/uploads\/2024\/04\/Mara-Mujer-tecnologia5.jpg\" \/>\n\t<meta property=\"og:image:width\" content=\"800\" \/>\n\t<meta property=\"og:image:height\" content=\"569\" \/>\n\t<meta property=\"og:image:type\" content=\"image\/jpeg\" \/>\n<meta name=\"author\" content=\"admin\" \/>\n<meta name=\"twitter:card\" content=\"summary_large_image\" \/>\n<meta name=\"twitter:creator\" content=\"@PERIODISTASQROO\" \/>\n<meta name=\"twitter:site\" content=\"@PERIODISTASQROO\" \/>\n<meta name=\"twitter:label1\" content=\"Escrito por\" \/>\n\t<meta name=\"twitter:data1\" content=\"admin\" \/>\n\t<meta name=\"twitter:label2\" content=\"Tiempo de lectura\" \/>\n\t<meta name=\"twitter:data2\" content=\"2 minutos\" \/>\n<script type=\"application\/ld+json\" class=\"yoast-schema-graph\">{\"@context\":\"https:\/\/schema.org\",\"@graph\":[{\"@type\":\"Article\",\"@id\":\"https:\/\/angelsolisnoticias.com\/index.php\/2024\/04\/01\/se-inaugura-foro-la-mujer-y-la-innovacion-en-la-tecnologia\/#article\",\"isPartOf\":{\"@id\":\"https:\/\/angelsolisnoticias.com\/index.php\/2024\/04\/01\/se-inaugura-foro-la-mujer-y-la-innovacion-en-la-tecnologia\/\"},\"author\":{\"name\":\"admin\",\"@id\":\"https:\/\/angelsolisnoticias.com\/#\/schema\/person\/d5ca5e4c5f05db44e86cb564bf81ae6f\"},\"headline\":\"Se inaugura foro \u201cLa Mujer y la Innovaci\u00f3n en la Tecnolog\u00eda\u201d\",\"datePublished\":\"2024-04-01T18:40:25+00:00\",\"dateModified\":\"2024-04-02T22:44:48+00:00\",\"mainEntityOfPage\":{\"@id\":\"https:\/\/angelsolisnoticias.com\/index.php\/2024\/04\/01\/se-inaugura-foro-la-mujer-y-la-innovacion-en-la-tecnologia\/\"},\"wordCount\":303,\"commentCount\":0,\"publisher\":{\"@id\":\"https:\/\/angelsolisnoticias.com\/#organization\"},\"articleSection\":[\"Uncategorized\"],\"inLanguage\":\"es\",\"potentialAction\":[{\"@type\":\"CommentAction\",\"name\":\"Comment\",\"target\":[\"https:\/\/angelsolisnoticias.com\/index.php\/2024\/04\/01\/se-inaugura-foro-la-mujer-y-la-innovacion-en-la-tecnologia\/#respond\"]}]},{\"@type\":\"WebPage\",\"@id\":\"https:\/\/angelsolisnoticias.com\/index.php\/2024\/04\/01\/se-inaugura-foro-la-mujer-y-la-innovacion-en-la-tecnologia\/\",\"url\":\"https:\/\/angelsolisnoticias.com\/index.php\/2024\/04\/01\/se-inaugura-foro-la-mujer-y-la-innovacion-en-la-tecnologia\/\",\"name\":\"Se inaugura foro \u201cLa Mujer y la Innovaci\u00f3n en la Tecnolog\u00eda\u201d\",\"isPartOf\":{\"@id\":\"https:\/\/angelsolisnoticias.com\/#website\"},\"datePublished\":\"2024-04-01T18:40:25+00:00\",\"dateModified\":\"2024-04-02T22:44:48+00:00\",\"description\":\".\",\"breadcrumb\":{\"@id\":\"https:\/\/angelsolisnoticias.com\/index.php\/2024\/04\/01\/se-inaugura-foro-la-mujer-y-la-innovacion-en-la-tecnologia\/#breadcrumb\"},\"inLanguage\":\"es\",\"potentialAction\":[{\"@type\":\"ReadAction\",\"target\":[\"https:\/\/angelsolisnoticias.com\/index.php\/2024\/04\/01\/se-inaugura-foro-la-mujer-y-la-innovacion-en-la-tecnologia\/\"]}]},{\"@type\":\"BreadcrumbList\",\"@id\":\"https:\/\/angelsolisnoticias.com\/index.php\/2024\/04\/01\/se-inaugura-foro-la-mujer-y-la-innovacion-en-la-tecnologia\/#breadcrumb\",\"itemListElement\":[{\"@type\":\"ListItem\",\"position\":1,\"name\":\"Inicio\",\"item\":\"https:\/\/angelsolisnoticias.com\/\"},{\"@type\":\"ListItem\",\"position\":2,\"name\":\"Se inaugura foro \u201cLa Mujer y la Innovaci\u00f3n en la Tecnolog\u00eda\u201d\"}]},{\"@type\":\"WebSite\",\"@id\":\"https:\/\/angelsolisnoticias.com\/#website\",\"url\":\"https:\/\/angelsolisnoticias.com\/\",\"name\":\"\u00c1ngel Solis\",\"description\":\"Noticias de Quintana Roo\",\"publisher\":{\"@id\":\"https:\/\/angelsolisnoticias.com\/#organization\"},\"potentialAction\":[{\"@type\":\"SearchAction\",\"target\":{\"@type\":\"EntryPoint\",\"urlTemplate\":\"https:\/\/angelsolisnoticias.com\/?s={search_term_string}\"},\"query-input\":\"required name=search_term_string\"}],\"inLanguage\":\"es\"},{\"@type\":\"Organization\",\"@id\":\"https:\/\/angelsolisnoticias.com\/#organization\",\"name\":\"\u00c1ngel Solis\",\"url\":\"https:\/\/angelsolisnoticias.com\/\",\"logo\":{\"@type\":\"ImageObject\",\"inLanguage\":\"es\",\"@id\":\"https:\/\/angelsolisnoticias.com\/#\/schema\/logo\/image\/\",\"url\":\"https:\/\/angelsolisnoticias.com\/wp-content\/uploads\/2023\/01\/LOGO3.png\",\"contentUrl\":\"https:\/\/angelsolisnoticias.com\/wp-content\/uploads\/2023\/01\/LOGO3.png\",\"width\":1853,\"height\":570,\"caption\":\"\u00c1ngel Solis\"},\"image\":{\"@id\":\"https:\/\/angelsolisnoticias.com\/#\/schema\/logo\/image\/\"},\"sameAs\":[\"https:\/\/www.facebook.com\/periodistasquintanaroo\",\"https:\/\/twitter.com\/PERIODISTASQROO\"]},{\"@type\":\"Person\",\"@id\":\"https:\/\/angelsolisnoticias.com\/#\/schema\/person\/d5ca5e4c5f05db44e86cb564bf81ae6f\",\"name\":\"admin\",\"image\":{\"@type\":\"ImageObject\",\"inLanguage\":\"es\",\"@id\":\"https:\/\/angelsolisnoticias.com\/#\/schema\/person\/image\/\",\"url\":\"https:\/\/secure.gravatar.com\/avatar\/dff3eaf7d33320066684ce268bff2bf90ce4f69456139b2d65d7796f64299e47?s=96&d=mm&r=g\",\"contentUrl\":\"https:\/\/secure.gravatar.com\/avatar\/dff3eaf7d33320066684ce268bff2bf90ce4f69456139b2d65d7796f64299e47?s=96&d=mm&r=g\",\"caption\":\"admin\"},\"sameAs\":[\"https:\/\/angelsolisnoticias.com\"],\"url\":\"https:\/\/angelsolisnoticias.com\/index.php\/author\/admin_qnbaat5l\/\"}]}<\/script>\n<!-- \/ Yoast SEO plugin. -->","yoast_head_json":{"title":"Se inaugura foro \u201cLa Mujer y la Innovaci\u00f3n en la Tecnolog\u00eda\u201d","description":".","robots":{"index":"index","follow":"follow","max-snippet":"max-snippet:-1","max-image-preview":"max-image-preview:large","max-video-preview":"max-video-preview:-1"},"canonical":"https:\/\/angelsolisnoticias.com\/index.php\/2024\/04\/01\/se-inaugura-foro-la-mujer-y-la-innovacion-en-la-tecnologia\/","og_locale":"es_MX","og_type":"article","og_title":"Se inaugura foro \u201cLa Mujer y la Innovaci\u00f3n en la Tecnolog\u00eda\u201d","og_description":".","og_url":"https:\/\/angelsolisnoticias.com\/index.php\/2024\/04\/01\/se-inaugura-foro-la-mujer-y-la-innovacion-en-la-tecnologia\/","og_site_name":"\u00c1ngel Solis","article_publisher":"https:\/\/www.facebook.com\/periodistasquintanaroo","article_published_time":"2024-04-01T18:40:25+00:00","article_modified_time":"2024-04-02T22:44:48+00:00","og_image":[{"width":800,"height":569,"url":"https:\/\/angelsolisnoticias.com\/wp-content\/uploads\/2024\/04\/Mara-Mujer-tecnologia5.jpg","type":"image\/jpeg"}],"author":"admin","twitter_card":"summary_large_image","twitter_creator":"@PERIODISTASQROO","twitter_site":"@PERIODISTASQROO","twitter_misc":{"Escrito por":"admin","Tiempo de lectura":"2 minutos"},"schema":{"@context":"https:\/\/schema.org","@graph":[{"@type":"Article","@id":"https:\/\/angelsolisnoticias.com\/index.php\/2024\/04\/01\/se-inaugura-foro-la-mujer-y-la-innovacion-en-la-tecnologia\/#article","isPartOf":{"@id":"https:\/\/angelsolisnoticias.com\/index.php\/2024\/04\/01\/se-inaugura-foro-la-mujer-y-la-innovacion-en-la-tecnologia\/"},"author":{"name":"admin","@id":"https:\/\/angelsolisnoticias.com\/#\/schema\/person\/d5ca5e4c5f05db44e86cb564bf81ae6f"},"headline":"Se inaugura foro \u201cLa Mujer y la Innovaci\u00f3n en la Tecnolog\u00eda\u201d","datePublished":"2024-04-01T18:40:25+00:00","dateModified":"2024-04-02T22:44:48+00:00","mainEntityOfPage":{"@id":"https:\/\/angelsolisnoticias.com\/index.php\/2024\/04\/01\/se-inaugura-foro-la-mujer-y-la-innovacion-en-la-tecnologia\/"},"wordCount":303,"commentCount":0,"publisher":{"@id":"https:\/\/angelsolisnoticias.com\/#organization"},"articleSection":["Uncategorized"],"inLanguage":"es","potentialAction":[{"@type":"CommentAction","name":"Comment","target":["https:\/\/angelsolisnoticias.com\/index.php\/2024\/04\/01\/se-inaugura-foro-la-mujer-y-la-innovacion-en-la-tecnologia\/#respond"]}]},{"@type":"WebPage","@id":"https:\/\/angelsolisnoticias.com\/index.php\/2024\/04\/01\/se-inaugura-foro-la-mujer-y-la-innovacion-en-la-tecnologia\/","url":"https:\/\/angelsolisnoticias.com\/index.php\/2024\/04\/01\/se-inaugura-foro-la-mujer-y-la-innovacion-en-la-tecnologia\/","name":"Se inaugura foro \u201cLa Mujer y la Innovaci\u00f3n en la Tecnolog\u00eda\u201d","isPartOf":{"@id":"https:\/\/angelsolisnoticias.com\/#website"},"datePublished":"2024-04-01T18:40:25+00:00","dateModified":"2024-04-02T22:44:48+00:00","description":".","breadcrumb":{"@id":"https:\/\/angelsolisnoticias.com\/index.php\/2024\/04\/01\/se-inaugura-foro-la-mujer-y-la-innovacion-en-la-tecnologia\/#breadcrumb"},"inLanguage":"es","potentialAction":[{"@type":"ReadAction","target":["https:\/\/angelsolisnoticias.com\/index.php\/2024\/04\/01\/se-inaugura-foro-la-mujer-y-la-innovacion-en-la-tecnologia\/"]}]},{"@type":"BreadcrumbList","@id":"https:\/\/angelsolisnoticias.com\/index.php\/2024\/04\/01\/se-inaugura-foro-la-mujer-y-la-innovacion-en-la-tecnologia\/#breadcrumb","itemListElement":[{"@type":"ListItem","position":1,"name":"Inicio","item":"https:\/\/angelsolisnoticias.com\/"},{"@type":"ListItem","position":2,"name":"Se inaugura foro \u201cLa Mujer y la Innovaci\u00f3n en la Tecnolog\u00eda\u201d"}]},{"@type":"WebSite","@id":"https:\/\/angelsolisnoticias.com\/#website","url":"https:\/\/angelsolisnoticias.com\/","name":"\u00c1ngel Solis","description":"Noticias de Quintana Roo","publisher":{"@id":"https:\/\/angelsolisnoticias.com\/#organization"},"potentialAction":[{"@type":"SearchAction","target":{"@type":"EntryPoint","urlTemplate":"https:\/\/angelsolisnoticias.com\/?s={search_term_string}"},"query-input":"required name=search_term_string"}],"inLanguage":"es"},{"@type":"Organization","@id":"https:\/\/angelsolisnoticias.com\/#organization","name":"\u00c1ngel Solis","url":"https:\/\/angelsolisnoticias.com\/","logo":{"@type":"ImageObject","inLanguage":"es","@id":"https:\/\/angelsolisnoticias.com\/#\/schema\/logo\/image\/","url":"https:\/\/angelsolisnoticias.com\/wp-content\/uploads\/2023\/01\/LOGO3.png","contentUrl":"https:\/\/angelsolisnoticias.com\/wp-content\/uploads\/2023\/01\/LOGO3.png","width":1853,"height":570,"caption":"\u00c1ngel Solis"},"image":{"@id":"https:\/\/angelsolisnoticias.com\/#\/schema\/logo\/image\/"},"sameAs":["https:\/\/www.facebook.com\/periodistasquintanaroo","https:\/\/twitter.com\/PERIODISTASQROO"]},{"@type":"Person","@id":"https:\/\/angelsolisnoticias.com\/#\/schema\/person\/d5ca5e4c5f05db44e86cb564bf81ae6f","name":"admin","image":{"@type":"ImageObject","inLanguage":"es","@id":"https:\/\/angelsolisnoticias.com\/#\/schema\/person\/image\/","url":"https:\/\/secure.gravatar.com\/avatar\/dff3eaf7d33320066684ce268bff2bf90ce4f69456139b2d65d7796f64299e47?s=96&d=mm&r=g","contentUrl":"https:\/\/secure.gravatar.com\/avatar\/dff3eaf7d33320066684ce268bff2bf90ce4f69456139b2d65d7796f64299e47?s=96&d=mm&r=g","caption":"admin"},"sameAs":["https:\/\/angelsolisnoticias.com"],"url":"https:\/\/angelsolisnoticias.com\/index.php\/author\/admin_qnbaat5l\/"}]}},"jetpack_featured_media_url":"https:\/\/angelsolisnoticias.com\/wp-content\/uploads\/2024\/04\/Mara-Mujer-tecnologia5.jpg","_links":{"self":[{"href":"https:\/\/angelsolisnoticias.com\/index.php\/wp-json\/wp\/v2\/posts\/6492","targetHints":{"allow":["GET"]}}],"collection":[{"href":"https:\/\/angelsolisnoticias.com\/index.php\/wp-json\/wp\/v2\/posts"}],"about":[{"href":"https:\/\/angelsolisnoticias.com\/index.php\/wp-json\/wp\/v2\/types\/post"}],"author":[{"embeddable":true,"href":"https:\/\/angelsolisnoticias.com\/index.php\/wp-json\/wp\/v2\/users\/1"}],"replies":[{"embeddable":true,"href":"https:\/\/angelsolisnoticias.com\/index.php\/wp-json\/wp\/v2\/comments?post=6492"}],"version-history":[{"count":3,"href":"https:\/\/angelsolisnoticias.com\/index.php\/wp-json\/wp\/v2\/posts\/6492\/revisions"}],"predecessor-version":[{"id":6499,"href":"https:\/\/angelsolisnoticias.com\/index.php\/wp-json\/wp\/v2\/posts\/6492\/revisions\/6499"}],"wp:featuredmedia":[{"embeddable":true,"href":"https:\/\/angelsolisnoticias.com\/index.php\/wp-json\/wp\/v2\/media\/6494"}],"wp:attachment":[{"href":"https:\/\/angelsolisnoticias.com\/index.php\/wp-json\/wp\/v2\/media?parent=6492"}],"wp:term":[{"taxonomy":"category","embeddable":true,"href":"https:\/\/angelsolisnoticias.com\/index.php\/wp-json\/wp\/v2\/categories?post=6492"},{"taxonomy":"post_tag","embeddable":true,"href":"https:\/\/angelsolisnoticias.com\/index.php\/wp-json\/wp\/v2\/tags?post=6492"}],"curies":[{"name":"wp","href":"https:\/\/api.w.org\/{rel}","templated":true}]}}