{"id":6510,"date":"2024-04-02T17:59:44","date_gmt":"2024-04-02T17:59:44","guid":{"rendered":"https:\/\/angelsolisnoticias.com\/?p=6510"},"modified":"2024-04-02T23:19:01","modified_gmt":"2024-04-02T23:19:01","slug":"aprueban-reconocimiento-a-fundadores-de-la-colosio","status":"publish","type":"post","link":"https:\/\/angelsolisnoticias.com\/index.php\/2024\/04\/02\/aprueban-reconocimiento-a-fundadores-de-la-colosio\/","title":{"rendered":"Aprueban reconocimiento a fundadores de la Colosio"},"content":{"rendered":"<p>Playa del Carmen, Solidaridad a 2 de abril del 2024<br \/>\nEspecial<\/p>\n<p>Por motivo del treinta aniversario de la creaci\u00f3n de la colonia Luis Donaldo Colosio, se aprob\u00f3 durante la trig\u00e9sima tercera sesi\u00f3n extraordinaria del Honorable Ayuntamiento de Solidaridad, la dedicaci\u00f3n de una placa conmemorativa en honor a las personas fundadoras.<\/p>\n<p>Como parte de la resoluci\u00f3n, se acord\u00f3 que la develaci\u00f3n de la placa se llevar\u00e1 a cabo en el sitio que ocupa el busto de Luis Donaldo Colosio Murrieta, situado en el cruce de la Avenida Luis Donaldo Colosio y la Avenida 30 norte.<\/p>\n<p><img loading=\"lazy\" decoding=\"async\" class=\"aligncenter wp-image-6513 \" src=\"https:\/\/angelsolisnoticias.com\/wp-content\/uploads\/2024\/04\/Fundadores-Colosio2.jpg\" alt=\"\" width=\"606\" height=\"404\" srcset=\"https:\/\/angelsolisnoticias.com\/wp-content\/uploads\/2024\/04\/Fundadores-Colosio2.jpg 720w, https:\/\/angelsolisnoticias.com\/wp-content\/uploads\/2024\/04\/Fundadores-Colosio2-300x200.jpg 300w\" sizes=\"auto, (max-width: 606px) 100vw, 606px\" \/><\/p>\n<p>En su intervenci\u00f3n y en representaci\u00f3n de los fundadores Raymundo Tineo Celaya se\u00f1al\u00f3 que, los fundadores de la colonia reciben y agradecen la distinci\u00f3n. As\u00ed mismo, describi\u00f3 la evoluci\u00f3n de la colonia desde sus inicios hasta convertirse en un ejemplo de crecimiento del municipio.<\/p>\n<p><img loading=\"lazy\" decoding=\"async\" class=\"aligncenter wp-image-6512 \" src=\"https:\/\/angelsolisnoticias.com\/wp-content\/uploads\/2024\/04\/Fundadores-Colosio3.jpg\" alt=\"\" width=\"590\" height=\"393\" srcset=\"https:\/\/angelsolisnoticias.com\/wp-content\/uploads\/2024\/04\/Fundadores-Colosio3.jpg 720w, https:\/\/angelsolisnoticias.com\/wp-content\/uploads\/2024\/04\/Fundadores-Colosio3-300x200.jpg 300w\" sizes=\"auto, (max-width: 590px) 100vw, 590px\" \/><\/p>\n","protected":false},"excerpt":{"rendered":"<p>Playa del Carmen, Solidaridad a 2 de abril del 2024 Especial Por motivo del treinta aniversario de la creaci\u00f3n de la colonia Luis Donaldo Colosio, se aprob\u00f3 durante la trig\u00e9sima tercera sesi\u00f3n extraordinaria del Honorable Ayuntamiento de Solidaridad, la dedicaci\u00f3n de una placa conmemorativa en honor a las personas fundadoras. <a href=\"https:\/\/angelsolisnoticias.com\/index.php\/2024\/04\/02\/aprueban-reconocimiento-a-fundadores-de-la-colosio\/\" class=\"btn btn-link continue-link\">Seguir leyendo<\/a><\/p>\n","protected":false},"author":1,"featured_media":6514,"comment_status":"open","ping_status":"open","sticky":false,"template":"","format":"standard","meta":{"footnotes":""},"categories":[6,1],"tags":[],"class_list":["post-6510","post","type-post","status-publish","format-standard","has-post-thumbnail","hentry","category-solidaridad","category-uncategorized"],"yoast_head":"<!-- This site is optimized with the Yoast SEO plugin v21.1 - https:\/\/yoast.com\/wordpress\/plugins\/seo\/ -->\n<title>Aprueban reconocimiento a fundadores de la Colosio<\/title>\n<meta name=\"description\" content=\".\" \/>\n<meta name=\"robots\" content=\"index, follow, max-snippet:-1, max-image-preview:large, max-video-preview:-1\" \/>\n<link rel=\"canonical\" href=\"https:\/\/angelsolisnoticias.com\/index.php\/2024\/04\/02\/aprueban-reconocimiento-a-fundadores-de-la-colosio\/\" \/>\n<meta property=\"og:locale\" content=\"es_MX\" \/>\n<meta property=\"og:type\" content=\"article\" \/>\n<meta property=\"og:title\" content=\"Aprueban reconocimiento a fundadores de la Colosio\" \/>\n<meta property=\"og:description\" content=\".\" \/>\n<meta property=\"og:url\" content=\"https:\/\/angelsolisnoticias.com\/index.php\/2024\/04\/02\/aprueban-reconocimiento-a-fundadores-de-la-colosio\/\" \/>\n<meta property=\"og:site_name\" content=\"\u00c1ngel Solis\" \/>\n<meta property=\"article:publisher\" content=\"https:\/\/www.facebook.com\/periodistasquintanaroo\" \/>\n<meta property=\"article:published_time\" content=\"2024-04-02T17:59:44+00:00\" \/>\n<meta property=\"article:modified_time\" content=\"2024-04-02T23:19:01+00:00\" \/>\n<meta property=\"og:image\" content=\"https:\/\/angelsolisnoticias.com\/wp-content\/uploads\/2024\/04\/Fundadores-Colosio1.jpg\" \/>\n\t<meta property=\"og:image:width\" content=\"800\" \/>\n\t<meta property=\"og:image:height\" content=\"569\" \/>\n\t<meta property=\"og:image:type\" content=\"image\/jpeg\" \/>\n<meta name=\"author\" content=\"admin\" \/>\n<meta name=\"twitter:card\" content=\"summary_large_image\" \/>\n<meta name=\"twitter:creator\" content=\"@PERIODISTASQROO\" \/>\n<meta name=\"twitter:site\" content=\"@PERIODISTASQROO\" \/>\n<meta name=\"twitter:label1\" content=\"Escrito por\" \/>\n\t<meta name=\"twitter:data1\" content=\"admin\" \/>\n\t<meta name=\"twitter:label2\" content=\"Tiempo de lectura\" \/>\n\t<meta name=\"twitter:data2\" content=\"2 minutos\" \/>\n<script type=\"application\/ld+json\" class=\"yoast-schema-graph\">{\"@context\":\"https:\/\/schema.org\",\"@graph\":[{\"@type\":\"Article\",\"@id\":\"https:\/\/angelsolisnoticias.com\/index.php\/2024\/04\/02\/aprueban-reconocimiento-a-fundadores-de-la-colosio\/#article\",\"isPartOf\":{\"@id\":\"https:\/\/angelsolisnoticias.com\/index.php\/2024\/04\/02\/aprueban-reconocimiento-a-fundadores-de-la-colosio\/\"},\"author\":{\"name\":\"admin\",\"@id\":\"https:\/\/angelsolisnoticias.com\/#\/schema\/person\/d5ca5e4c5f05db44e86cb564bf81ae6f\"},\"headline\":\"Aprueban reconocimiento a fundadores de la Colosio\",\"datePublished\":\"2024-04-02T17:59:44+00:00\",\"dateModified\":\"2024-04-02T23:19:01+00:00\",\"mainEntityOfPage\":{\"@id\":\"https:\/\/angelsolisnoticias.com\/index.php\/2024\/04\/02\/aprueban-reconocimiento-a-fundadores-de-la-colosio\/\"},\"wordCount\":153,\"commentCount\":0,\"publisher\":{\"@id\":\"https:\/\/angelsolisnoticias.com\/#organization\"},\"articleSection\":[\"Solidaridad\",\"Uncategorized\"],\"inLanguage\":\"es\",\"potentialAction\":[{\"@type\":\"CommentAction\",\"name\":\"Comment\",\"target\":[\"https:\/\/angelsolisnoticias.com\/index.php\/2024\/04\/02\/aprueban-reconocimiento-a-fundadores-de-la-colosio\/#respond\"]}]},{\"@type\":\"WebPage\",\"@id\":\"https:\/\/angelsolisnoticias.com\/index.php\/2024\/04\/02\/aprueban-reconocimiento-a-fundadores-de-la-colosio\/\",\"url\":\"https:\/\/angelsolisnoticias.com\/index.php\/2024\/04\/02\/aprueban-reconocimiento-a-fundadores-de-la-colosio\/\",\"name\":\"Aprueban reconocimiento a fundadores de la Colosio\",\"isPartOf\":{\"@id\":\"https:\/\/angelsolisnoticias.com\/#website\"},\"datePublished\":\"2024-04-02T17:59:44+00:00\",\"dateModified\":\"2024-04-02T23:19:01+00:00\",\"description\":\".\",\"breadcrumb\":{\"@id\":\"https:\/\/angelsolisnoticias.com\/index.php\/2024\/04\/02\/aprueban-reconocimiento-a-fundadores-de-la-colosio\/#breadcrumb\"},\"inLanguage\":\"es\",\"potentialAction\":[{\"@type\":\"ReadAction\",\"target\":[\"https:\/\/angelsolisnoticias.com\/index.php\/2024\/04\/02\/aprueban-reconocimiento-a-fundadores-de-la-colosio\/\"]}]},{\"@type\":\"BreadcrumbList\",\"@id\":\"https:\/\/angelsolisnoticias.com\/index.php\/2024\/04\/02\/aprueban-reconocimiento-a-fundadores-de-la-colosio\/#breadcrumb\",\"itemListElement\":[{\"@type\":\"ListItem\",\"position\":1,\"name\":\"Inicio\",\"item\":\"https:\/\/angelsolisnoticias.com\/\"},{\"@type\":\"ListItem\",\"position\":2,\"name\":\"Aprueban reconocimiento a fundadores de la Colosio\"}]},{\"@type\":\"WebSite\",\"@id\":\"https:\/\/angelsolisnoticias.com\/#website\",\"url\":\"https:\/\/angelsolisnoticias.com\/\",\"name\":\"\u00c1ngel Solis\",\"description\":\"Noticias de Quintana Roo\",\"publisher\":{\"@id\":\"https:\/\/angelsolisnoticias.com\/#organization\"},\"potentialAction\":[{\"@type\":\"SearchAction\",\"target\":{\"@type\":\"EntryPoint\",\"urlTemplate\":\"https:\/\/angelsolisnoticias.com\/?s={search_term_string}\"},\"query-input\":\"required name=search_term_string\"}],\"inLanguage\":\"es\"},{\"@type\":\"Organization\",\"@id\":\"https:\/\/angelsolisnoticias.com\/#organization\",\"name\":\"\u00c1ngel Solis\",\"url\":\"https:\/\/angelsolisnoticias.com\/\",\"logo\":{\"@type\":\"ImageObject\",\"inLanguage\":\"es\",\"@id\":\"https:\/\/angelsolisnoticias.com\/#\/schema\/logo\/image\/\",\"url\":\"https:\/\/angelsolisnoticias.com\/wp-content\/uploads\/2023\/01\/LOGO3.png\",\"contentUrl\":\"https:\/\/angelsolisnoticias.com\/wp-content\/uploads\/2023\/01\/LOGO3.png\",\"width\":1853,\"height\":570,\"caption\":\"\u00c1ngel Solis\"},\"image\":{\"@id\":\"https:\/\/angelsolisnoticias.com\/#\/schema\/logo\/image\/\"},\"sameAs\":[\"https:\/\/www.facebook.com\/periodistasquintanaroo\",\"https:\/\/twitter.com\/PERIODISTASQROO\"]},{\"@type\":\"Person\",\"@id\":\"https:\/\/angelsolisnoticias.com\/#\/schema\/person\/d5ca5e4c5f05db44e86cb564bf81ae6f\",\"name\":\"admin\",\"image\":{\"@type\":\"ImageObject\",\"inLanguage\":\"es\",\"@id\":\"https:\/\/angelsolisnoticias.com\/#\/schema\/person\/image\/\",\"url\":\"https:\/\/secure.gravatar.com\/avatar\/dff3eaf7d33320066684ce268bff2bf90ce4f69456139b2d65d7796f64299e47?s=96&d=mm&r=g\",\"contentUrl\":\"https:\/\/secure.gravatar.com\/avatar\/dff3eaf7d33320066684ce268bff2bf90ce4f69456139b2d65d7796f64299e47?s=96&d=mm&r=g\",\"caption\":\"admin\"},\"sameAs\":[\"https:\/\/angelsolisnoticias.com\"],\"url\":\"https:\/\/angelsolisnoticias.com\/index.php\/author\/admin_qnbaat5l\/\"}]}<\/script>\n<!-- \/ Yoast SEO plugin. -->","yoast_head_json":{"title":"Aprueban reconocimiento a fundadores de la Colosio","description":".","robots":{"index":"index","follow":"follow","max-snippet":"max-snippet:-1","max-image-preview":"max-image-preview:large","max-video-preview":"max-video-preview:-1"},"canonical":"https:\/\/angelsolisnoticias.com\/index.php\/2024\/04\/02\/aprueban-reconocimiento-a-fundadores-de-la-colosio\/","og_locale":"es_MX","og_type":"article","og_title":"Aprueban reconocimiento a fundadores de la Colosio","og_description":".","og_url":"https:\/\/angelsolisnoticias.com\/index.php\/2024\/04\/02\/aprueban-reconocimiento-a-fundadores-de-la-colosio\/","og_site_name":"\u00c1ngel Solis","article_publisher":"https:\/\/www.facebook.com\/periodistasquintanaroo","article_published_time":"2024-04-02T17:59:44+00:00","article_modified_time":"2024-04-02T23:19:01+00:00","og_image":[{"width":800,"height":569,"url":"https:\/\/angelsolisnoticias.com\/wp-content\/uploads\/2024\/04\/Fundadores-Colosio1.jpg","type":"image\/jpeg"}],"author":"admin","twitter_card":"summary_large_image","twitter_creator":"@PERIODISTASQROO","twitter_site":"@PERIODISTASQROO","twitter_misc":{"Escrito por":"admin","Tiempo de lectura":"2 minutos"},"schema":{"@context":"https:\/\/schema.org","@graph":[{"@type":"Article","@id":"https:\/\/angelsolisnoticias.com\/index.php\/2024\/04\/02\/aprueban-reconocimiento-a-fundadores-de-la-colosio\/#article","isPartOf":{"@id":"https:\/\/angelsolisnoticias.com\/index.php\/2024\/04\/02\/aprueban-reconocimiento-a-fundadores-de-la-colosio\/"},"author":{"name":"admin","@id":"https:\/\/angelsolisnoticias.com\/#\/schema\/person\/d5ca5e4c5f05db44e86cb564bf81ae6f"},"headline":"Aprueban reconocimiento a fundadores de la Colosio","datePublished":"2024-04-02T17:59:44+00:00","dateModified":"2024-04-02T23:19:01+00:00","mainEntityOfPage":{"@id":"https:\/\/angelsolisnoticias.com\/index.php\/2024\/04\/02\/aprueban-reconocimiento-a-fundadores-de-la-colosio\/"},"wordCount":153,"commentCount":0,"publisher":{"@id":"https:\/\/angelsolisnoticias.com\/#organization"},"articleSection":["Solidaridad","Uncategorized"],"inLanguage":"es","potentialAction":[{"@type":"CommentAction","name":"Comment","target":["https:\/\/angelsolisnoticias.com\/index.php\/2024\/04\/02\/aprueban-reconocimiento-a-fundadores-de-la-colosio\/#respond"]}]},{"@type":"WebPage","@id":"https:\/\/angelsolisnoticias.com\/index.php\/2024\/04\/02\/aprueban-reconocimiento-a-fundadores-de-la-colosio\/","url":"https:\/\/angelsolisnoticias.com\/index.php\/2024\/04\/02\/aprueban-reconocimiento-a-fundadores-de-la-colosio\/","name":"Aprueban reconocimiento a fundadores de la Colosio","isPartOf":{"@id":"https:\/\/angelsolisnoticias.com\/#website"},"datePublished":"2024-04-02T17:59:44+00:00","dateModified":"2024-04-02T23:19:01+00:00","description":".","breadcrumb":{"@id":"https:\/\/angelsolisnoticias.com\/index.php\/2024\/04\/02\/aprueban-reconocimiento-a-fundadores-de-la-colosio\/#breadcrumb"},"inLanguage":"es","potentialAction":[{"@type":"ReadAction","target":["https:\/\/angelsolisnoticias.com\/index.php\/2024\/04\/02\/aprueban-reconocimiento-a-fundadores-de-la-colosio\/"]}]},{"@type":"BreadcrumbList","@id":"https:\/\/angelsolisnoticias.com\/index.php\/2024\/04\/02\/aprueban-reconocimiento-a-fundadores-de-la-colosio\/#breadcrumb","itemListElement":[{"@type":"ListItem","position":1,"name":"Inicio","item":"https:\/\/angelsolisnoticias.com\/"},{"@type":"ListItem","position":2,"name":"Aprueban reconocimiento a fundadores de la Colosio"}]},{"@type":"WebSite","@id":"https:\/\/angelsolisnoticias.com\/#website","url":"https:\/\/angelsolisnoticias.com\/","name":"\u00c1ngel Solis","description":"Noticias de Quintana Roo","publisher":{"@id":"https:\/\/angelsolisnoticias.com\/#organization"},"potentialAction":[{"@type":"SearchAction","target":{"@type":"EntryPoint","urlTemplate":"https:\/\/angelsolisnoticias.com\/?s={search_term_string}"},"query-input":"required name=search_term_string"}],"inLanguage":"es"},{"@type":"Organization","@id":"https:\/\/angelsolisnoticias.com\/#organization","name":"\u00c1ngel Solis","url":"https:\/\/angelsolisnoticias.com\/","logo":{"@type":"ImageObject","inLanguage":"es","@id":"https:\/\/angelsolisnoticias.com\/#\/schema\/logo\/image\/","url":"https:\/\/angelsolisnoticias.com\/wp-content\/uploads\/2023\/01\/LOGO3.png","contentUrl":"https:\/\/angelsolisnoticias.com\/wp-content\/uploads\/2023\/01\/LOGO3.png","width":1853,"height":570,"caption":"\u00c1ngel Solis"},"image":{"@id":"https:\/\/angelsolisnoticias.com\/#\/schema\/logo\/image\/"},"sameAs":["https:\/\/www.facebook.com\/periodistasquintanaroo","https:\/\/twitter.com\/PERIODISTASQROO"]},{"@type":"Person","@id":"https:\/\/angelsolisnoticias.com\/#\/schema\/person\/d5ca5e4c5f05db44e86cb564bf81ae6f","name":"admin","image":{"@type":"ImageObject","inLanguage":"es","@id":"https:\/\/angelsolisnoticias.com\/#\/schema\/person\/image\/","url":"https:\/\/secure.gravatar.com\/avatar\/dff3eaf7d33320066684ce268bff2bf90ce4f69456139b2d65d7796f64299e47?s=96&d=mm&r=g","contentUrl":"https:\/\/secure.gravatar.com\/avatar\/dff3eaf7d33320066684ce268bff2bf90ce4f69456139b2d65d7796f64299e47?s=96&d=mm&r=g","caption":"admin"},"sameAs":["https:\/\/angelsolisnoticias.com"],"url":"https:\/\/angelsolisnoticias.com\/index.php\/author\/admin_qnbaat5l\/"}]}},"jetpack_featured_media_url":"https:\/\/angelsolisnoticias.com\/wp-content\/uploads\/2024\/04\/Fundadores-Colosio1.jpg","_links":{"self":[{"href":"https:\/\/angelsolisnoticias.com\/index.php\/wp-json\/wp\/v2\/posts\/6510","targetHints":{"allow":["GET"]}}],"collection":[{"href":"https:\/\/angelsolisnoticias.com\/index.php\/wp-json\/wp\/v2\/posts"}],"about":[{"href":"https:\/\/angelsolisnoticias.com\/index.php\/wp-json\/wp\/v2\/types\/post"}],"author":[{"embeddable":true,"href":"https:\/\/angelsolisnoticias.com\/index.php\/wp-json\/wp\/v2\/users\/1"}],"replies":[{"embeddable":true,"href":"https:\/\/angelsolisnoticias.com\/index.php\/wp-json\/wp\/v2\/comments?post=6510"}],"version-history":[{"count":3,"href":"https:\/\/angelsolisnoticias.com\/index.php\/wp-json\/wp\/v2\/posts\/6510\/revisions"}],"predecessor-version":[{"id":6516,"href":"https:\/\/angelsolisnoticias.com\/index.php\/wp-json\/wp\/v2\/posts\/6510\/revisions\/6516"}],"wp:featuredmedia":[{"embeddable":true,"href":"https:\/\/angelsolisnoticias.com\/index.php\/wp-json\/wp\/v2\/media\/6514"}],"wp:attachment":[{"href":"https:\/\/angelsolisnoticias.com\/index.php\/wp-json\/wp\/v2\/media?parent=6510"}],"wp:term":[{"taxonomy":"category","embeddable":true,"href":"https:\/\/angelsolisnoticias.com\/index.php\/wp-json\/wp\/v2\/categories?post=6510"},{"taxonomy":"post_tag","embeddable":true,"href":"https:\/\/angelsolisnoticias.com\/index.php\/wp-json\/wp\/v2\/tags?post=6510"}],"curies":[{"name":"wp","href":"https:\/\/api.w.org\/{rel}","templated":true}]}}