{"id":6755,"date":"2024-04-16T13:13:19","date_gmt":"2024-04-16T13:13:19","guid":{"rendered":"https:\/\/angelsolisnoticias.com\/?p=6755"},"modified":"2024-04-17T02:17:10","modified_gmt":"2024-04-17T02:17:10","slug":"defendera-el-pri-con-todo-a-lili-campos-afirma-pedro-flota","status":"publish","type":"post","link":"https:\/\/angelsolisnoticias.com\/index.php\/2024\/04\/16\/defendera-el-pri-con-todo-a-lili-campos-afirma-pedro-flota\/","title":{"rendered":"Defender\u00e1 el PRI con todo a Lili Campos, afirma Pedro Flota"},"content":{"rendered":"<p>Chetumal, 16 de abril<br \/>\n\u00c1ngel Sol\u00eds<\/p>\n<p>Tras confirmar la persecuci\u00f3n pol\u00edtica lanzada contra un grupo de pol\u00edticos cercanos a Lili Campos Miranda \u2014candidata a la presidencia municipal de Solidaridad (Playa del Carmen)\u2014 y de igual forma el acoso contra funcionarios municipales para intentar debilitar a la aspirante playense a la reelecci\u00f3n, el dirigente estatal del PRI, Pedro Flota Alcocer, asegur\u00f3 que Lili Campos tiene todo el respaldo pol\u00edtico de su partido y anticip\u00f3 que solicitar\u00e1n la intervenci\u00f3n de la justicia federal.<\/p>\n<p>El conocido pol\u00edtico chetumale\u00f1o lament\u00f3 esta violencia pol\u00edtica en contra de Lili Campos Miranda y su equipo de campa\u00f1a, se\u00f1alando al oficialismo como culpable de estos ataques porque son muy mentirosos y\u00a0 agresivos.<\/p>\n<p>Flota Alcocer precis\u00f3 que la denuncia presentada por estos hechos violentos y persecuci\u00f3n pol\u00edtica ya fue dada a conocer p\u00fablicamente por la candidata en la conferencia de prensa de este lunes, pero se dijo convencido que al ser el Fiscal General del Estado Raciel L\u00f3pez Salazar parte de ese grupo que busca sacar de la contienda a Lili Campos, es casi un hecho que a nivel local no har\u00e1n nada.<\/p>\n<p><img loading=\"lazy\" decoding=\"async\" class=\"aligncenter wp-image-6758 \" src=\"https:\/\/angelsolisnoticias.com\/wp-content\/uploads\/2024\/04\/Raciel-Velazco3.jpg\" alt=\"\" width=\"694\" height=\"413\" \/><\/p>\n<p>\u201cEstamos cumpliendo con el expediente, presentando la denuncia a nivel local, pero como es de esperarse que no habr\u00e1 resultados, una vez cumplido ese tr\u00e1mite y dado el tiempo que marca la ley, pediremos el traslado de nuestros expedientes al \u00e1mbito federal\u201d, explic\u00f3.<\/p>\n<p>Y es que ha trascendido que funcionarios del actual gobierno municipal e integrantes del equipo de campa\u00f1a han sido objeto de amenazas telef\u00f3nicas, persecuci\u00f3n de sus veh\u00edculos y acoso por parte de personas que no han sido identificadas, quienes en veh\u00edculos con vidrios polarizados se estacionan por horas frente a sus domicilios particulares.<\/p>\n<p>Adem\u00e1s que algunos veh\u00edculos particulares de funcionarios municipales han sido blanco de vandalismo, por medio de grafitis y otro tipo de da\u00f1os tanto a la carrocer\u00eda como a los cristales de las unidades, con el fin de intimidarlos para que renuncien a sus cargos.<\/p>\n<p>Por ello el dirigente priista indic\u00f3 que toda esta lamentable situaci\u00f3n que se vive en Playa del Carmen ya ha sido informado el dirigente nacional, Alejandro Moreno C\u00e1rdenas, quien instruy\u00f3 que se le otorgue todo el apoyo del Comit\u00e9 Ejecutivo Nacional, por lo que ya se encuentran trabajando los jur\u00eddicos a nivel local y nacional para respaldar las denuncias que ha presentado la candidata Lili Campos.<\/p>\n<p>\u201cNo solo priistas han sido acosados, tambi\u00e9n los candidatos del PAN y otros candidatos; el ambiente que se vive es de una franca persecuci\u00f3n, no hay manera de definirlo\u201d.<\/p>\n<p>Finalmente asegur\u00f3 que a Lili Campos no solo la defender\u00e1 el PRI, sino tambi\u00e9n los propios habitantes solidarenses porque trajo a este municipio paz y convivencia arm\u00f3nica, ausentes en la mala administraci\u00f3n de Morena, dando como muestra de ello el enfrentamiento v\u00eda redes sociales que mantiene Estefan\u00eda Mercado con su maestra Laura Beristain Navarrete.<\/p>\n","protected":false},"excerpt":{"rendered":"<p>Chetumal, 16 de abril \u00c1ngel Sol\u00eds Tras confirmar la persecuci\u00f3n pol\u00edtica lanzada contra un grupo de pol\u00edticos cercanos a Lili Campos Miranda \u2014candidata a la presidencia municipal de Solidaridad (Playa del Carmen)\u2014 y de igual forma el acoso contra funcionarios municipales para intentar debilitar a la aspirante playense a la <a href=\"https:\/\/angelsolisnoticias.com\/index.php\/2024\/04\/16\/defendera-el-pri-con-todo-a-lili-campos-afirma-pedro-flota\/\" class=\"btn btn-link continue-link\">Seguir leyendo<\/a><\/p>\n","protected":false},"author":1,"featured_media":6757,"comment_status":"open","ping_status":"open","sticky":false,"template":"","format":"standard","meta":{"footnotes":""},"categories":[3,1],"tags":[],"class_list":["post-6755","post","type-post","status-publish","format-standard","has-post-thumbnail","hentry","category-principales","category-uncategorized"],"yoast_head":"<!-- This site is optimized with the Yoast SEO plugin v21.1 - https:\/\/yoast.com\/wordpress\/plugins\/seo\/ -->\n<title>Defender\u00e1 el PRI con todo a Lili Campos, afirma Pedro Flota<\/title>\n<meta name=\"description\" content=\"\u00c1ngel Sol\u00eds\" \/>\n<meta name=\"robots\" content=\"index, follow, max-snippet:-1, max-image-preview:large, max-video-preview:-1\" \/>\n<link rel=\"canonical\" href=\"https:\/\/angelsolisnoticias.com\/index.php\/2024\/04\/16\/defendera-el-pri-con-todo-a-lili-campos-afirma-pedro-flota\/\" \/>\n<meta property=\"og:locale\" content=\"es_MX\" \/>\n<meta property=\"og:type\" content=\"article\" \/>\n<meta property=\"og:title\" content=\"Defender\u00e1 el PRI con todo a Lili Campos, afirma Pedro Flota\" \/>\n<meta property=\"og:description\" content=\"\u00c1ngel Sol\u00eds\" \/>\n<meta property=\"og:url\" content=\"https:\/\/angelsolisnoticias.com\/index.php\/2024\/04\/16\/defendera-el-pri-con-todo-a-lili-campos-afirma-pedro-flota\/\" \/>\n<meta property=\"og:site_name\" content=\"\u00c1ngel Solis\" \/>\n<meta property=\"article:publisher\" content=\"https:\/\/www.facebook.com\/periodistasquintanaroo\" \/>\n<meta property=\"article:published_time\" content=\"2024-04-16T13:13:19+00:00\" \/>\n<meta property=\"article:modified_time\" content=\"2024-04-17T02:17:10+00:00\" \/>\n<meta property=\"og:image\" content=\"https:\/\/angelsolisnoticias.com\/wp-content\/uploads\/2024\/04\/Pedro-Lili-raciel2.jpg\" \/>\n\t<meta property=\"og:image:width\" content=\"800\" \/>\n\t<meta property=\"og:image:height\" content=\"569\" \/>\n\t<meta property=\"og:image:type\" content=\"image\/jpeg\" \/>\n<meta name=\"author\" content=\"admin\" \/>\n<meta name=\"twitter:card\" content=\"summary_large_image\" \/>\n<meta name=\"twitter:creator\" content=\"@PERIODISTASQROO\" \/>\n<meta name=\"twitter:site\" content=\"@PERIODISTASQROO\" \/>\n<meta name=\"twitter:label1\" content=\"Escrito por\" \/>\n\t<meta name=\"twitter:data1\" content=\"admin\" \/>\n\t<meta name=\"twitter:label2\" content=\"Tiempo de lectura\" \/>\n\t<meta name=\"twitter:data2\" content=\"3 minutos\" \/>\n<script type=\"application\/ld+json\" class=\"yoast-schema-graph\">{\"@context\":\"https:\/\/schema.org\",\"@graph\":[{\"@type\":\"Article\",\"@id\":\"https:\/\/angelsolisnoticias.com\/index.php\/2024\/04\/16\/defendera-el-pri-con-todo-a-lili-campos-afirma-pedro-flota\/#article\",\"isPartOf\":{\"@id\":\"https:\/\/angelsolisnoticias.com\/index.php\/2024\/04\/16\/defendera-el-pri-con-todo-a-lili-campos-afirma-pedro-flota\/\"},\"author\":{\"name\":\"admin\",\"@id\":\"https:\/\/angelsolisnoticias.com\/#\/schema\/person\/d5ca5e4c5f05db44e86cb564bf81ae6f\"},\"headline\":\"Defender\u00e1 el PRI con todo a Lili Campos, afirma Pedro Flota\",\"datePublished\":\"2024-04-16T13:13:19+00:00\",\"dateModified\":\"2024-04-17T02:17:10+00:00\",\"mainEntityOfPage\":{\"@id\":\"https:\/\/angelsolisnoticias.com\/index.php\/2024\/04\/16\/defendera-el-pri-con-todo-a-lili-campos-afirma-pedro-flota\/\"},\"wordCount\":521,\"commentCount\":0,\"publisher\":{\"@id\":\"https:\/\/angelsolisnoticias.com\/#organization\"},\"articleSection\":[\"Principales\",\"Uncategorized\"],\"inLanguage\":\"es\",\"potentialAction\":[{\"@type\":\"CommentAction\",\"name\":\"Comment\",\"target\":[\"https:\/\/angelsolisnoticias.com\/index.php\/2024\/04\/16\/defendera-el-pri-con-todo-a-lili-campos-afirma-pedro-flota\/#respond\"]}]},{\"@type\":\"WebPage\",\"@id\":\"https:\/\/angelsolisnoticias.com\/index.php\/2024\/04\/16\/defendera-el-pri-con-todo-a-lili-campos-afirma-pedro-flota\/\",\"url\":\"https:\/\/angelsolisnoticias.com\/index.php\/2024\/04\/16\/defendera-el-pri-con-todo-a-lili-campos-afirma-pedro-flota\/\",\"name\":\"Defender\u00e1 el PRI con todo a Lili Campos, afirma Pedro Flota\",\"isPartOf\":{\"@id\":\"https:\/\/angelsolisnoticias.com\/#website\"},\"datePublished\":\"2024-04-16T13:13:19+00:00\",\"dateModified\":\"2024-04-17T02:17:10+00:00\",\"description\":\"\u00c1ngel Sol\u00eds\",\"breadcrumb\":{\"@id\":\"https:\/\/angelsolisnoticias.com\/index.php\/2024\/04\/16\/defendera-el-pri-con-todo-a-lili-campos-afirma-pedro-flota\/#breadcrumb\"},\"inLanguage\":\"es\",\"potentialAction\":[{\"@type\":\"ReadAction\",\"target\":[\"https:\/\/angelsolisnoticias.com\/index.php\/2024\/04\/16\/defendera-el-pri-con-todo-a-lili-campos-afirma-pedro-flota\/\"]}]},{\"@type\":\"BreadcrumbList\",\"@id\":\"https:\/\/angelsolisnoticias.com\/index.php\/2024\/04\/16\/defendera-el-pri-con-todo-a-lili-campos-afirma-pedro-flota\/#breadcrumb\",\"itemListElement\":[{\"@type\":\"ListItem\",\"position\":1,\"name\":\"Inicio\",\"item\":\"https:\/\/angelsolisnoticias.com\/\"},{\"@type\":\"ListItem\",\"position\":2,\"name\":\"Defender\u00e1 el PRI con todo a Lili Campos, afirma Pedro Flota\"}]},{\"@type\":\"WebSite\",\"@id\":\"https:\/\/angelsolisnoticias.com\/#website\",\"url\":\"https:\/\/angelsolisnoticias.com\/\",\"name\":\"\u00c1ngel Solis\",\"description\":\"Noticias de Quintana Roo\",\"publisher\":{\"@id\":\"https:\/\/angelsolisnoticias.com\/#organization\"},\"potentialAction\":[{\"@type\":\"SearchAction\",\"target\":{\"@type\":\"EntryPoint\",\"urlTemplate\":\"https:\/\/angelsolisnoticias.com\/?s={search_term_string}\"},\"query-input\":\"required name=search_term_string\"}],\"inLanguage\":\"es\"},{\"@type\":\"Organization\",\"@id\":\"https:\/\/angelsolisnoticias.com\/#organization\",\"name\":\"\u00c1ngel Solis\",\"url\":\"https:\/\/angelsolisnoticias.com\/\",\"logo\":{\"@type\":\"ImageObject\",\"inLanguage\":\"es\",\"@id\":\"https:\/\/angelsolisnoticias.com\/#\/schema\/logo\/image\/\",\"url\":\"https:\/\/angelsolisnoticias.com\/wp-content\/uploads\/2023\/01\/LOGO3.png\",\"contentUrl\":\"https:\/\/angelsolisnoticias.com\/wp-content\/uploads\/2023\/01\/LOGO3.png\",\"width\":1853,\"height\":570,\"caption\":\"\u00c1ngel Solis\"},\"image\":{\"@id\":\"https:\/\/angelsolisnoticias.com\/#\/schema\/logo\/image\/\"},\"sameAs\":[\"https:\/\/www.facebook.com\/periodistasquintanaroo\",\"https:\/\/twitter.com\/PERIODISTASQROO\"]},{\"@type\":\"Person\",\"@id\":\"https:\/\/angelsolisnoticias.com\/#\/schema\/person\/d5ca5e4c5f05db44e86cb564bf81ae6f\",\"name\":\"admin\",\"image\":{\"@type\":\"ImageObject\",\"inLanguage\":\"es\",\"@id\":\"https:\/\/angelsolisnoticias.com\/#\/schema\/person\/image\/\",\"url\":\"https:\/\/secure.gravatar.com\/avatar\/dff3eaf7d33320066684ce268bff2bf90ce4f69456139b2d65d7796f64299e47?s=96&d=mm&r=g\",\"contentUrl\":\"https:\/\/secure.gravatar.com\/avatar\/dff3eaf7d33320066684ce268bff2bf90ce4f69456139b2d65d7796f64299e47?s=96&d=mm&r=g\",\"caption\":\"admin\"},\"sameAs\":[\"https:\/\/angelsolisnoticias.com\"],\"url\":\"https:\/\/angelsolisnoticias.com\/index.php\/author\/admin_qnbaat5l\/\"}]}<\/script>\n<!-- \/ Yoast SEO plugin. -->","yoast_head_json":{"title":"Defender\u00e1 el PRI con todo a Lili Campos, afirma Pedro Flota","description":"\u00c1ngel Sol\u00eds","robots":{"index":"index","follow":"follow","max-snippet":"max-snippet:-1","max-image-preview":"max-image-preview:large","max-video-preview":"max-video-preview:-1"},"canonical":"https:\/\/angelsolisnoticias.com\/index.php\/2024\/04\/16\/defendera-el-pri-con-todo-a-lili-campos-afirma-pedro-flota\/","og_locale":"es_MX","og_type":"article","og_title":"Defender\u00e1 el PRI con todo a Lili Campos, afirma Pedro Flota","og_description":"\u00c1ngel Sol\u00eds","og_url":"https:\/\/angelsolisnoticias.com\/index.php\/2024\/04\/16\/defendera-el-pri-con-todo-a-lili-campos-afirma-pedro-flota\/","og_site_name":"\u00c1ngel Solis","article_publisher":"https:\/\/www.facebook.com\/periodistasquintanaroo","article_published_time":"2024-04-16T13:13:19+00:00","article_modified_time":"2024-04-17T02:17:10+00:00","og_image":[{"width":800,"height":569,"url":"https:\/\/angelsolisnoticias.com\/wp-content\/uploads\/2024\/04\/Pedro-Lili-raciel2.jpg","type":"image\/jpeg"}],"author":"admin","twitter_card":"summary_large_image","twitter_creator":"@PERIODISTASQROO","twitter_site":"@PERIODISTASQROO","twitter_misc":{"Escrito por":"admin","Tiempo de lectura":"3 minutos"},"schema":{"@context":"https:\/\/schema.org","@graph":[{"@type":"Article","@id":"https:\/\/angelsolisnoticias.com\/index.php\/2024\/04\/16\/defendera-el-pri-con-todo-a-lili-campos-afirma-pedro-flota\/#article","isPartOf":{"@id":"https:\/\/angelsolisnoticias.com\/index.php\/2024\/04\/16\/defendera-el-pri-con-todo-a-lili-campos-afirma-pedro-flota\/"},"author":{"name":"admin","@id":"https:\/\/angelsolisnoticias.com\/#\/schema\/person\/d5ca5e4c5f05db44e86cb564bf81ae6f"},"headline":"Defender\u00e1 el PRI con todo a Lili Campos, afirma Pedro Flota","datePublished":"2024-04-16T13:13:19+00:00","dateModified":"2024-04-17T02:17:10+00:00","mainEntityOfPage":{"@id":"https:\/\/angelsolisnoticias.com\/index.php\/2024\/04\/16\/defendera-el-pri-con-todo-a-lili-campos-afirma-pedro-flota\/"},"wordCount":521,"commentCount":0,"publisher":{"@id":"https:\/\/angelsolisnoticias.com\/#organization"},"articleSection":["Principales","Uncategorized"],"inLanguage":"es","potentialAction":[{"@type":"CommentAction","name":"Comment","target":["https:\/\/angelsolisnoticias.com\/index.php\/2024\/04\/16\/defendera-el-pri-con-todo-a-lili-campos-afirma-pedro-flota\/#respond"]}]},{"@type":"WebPage","@id":"https:\/\/angelsolisnoticias.com\/index.php\/2024\/04\/16\/defendera-el-pri-con-todo-a-lili-campos-afirma-pedro-flota\/","url":"https:\/\/angelsolisnoticias.com\/index.php\/2024\/04\/16\/defendera-el-pri-con-todo-a-lili-campos-afirma-pedro-flota\/","name":"Defender\u00e1 el PRI con todo a Lili Campos, afirma Pedro Flota","isPartOf":{"@id":"https:\/\/angelsolisnoticias.com\/#website"},"datePublished":"2024-04-16T13:13:19+00:00","dateModified":"2024-04-17T02:17:10+00:00","description":"\u00c1ngel Sol\u00eds","breadcrumb":{"@id":"https:\/\/angelsolisnoticias.com\/index.php\/2024\/04\/16\/defendera-el-pri-con-todo-a-lili-campos-afirma-pedro-flota\/#breadcrumb"},"inLanguage":"es","potentialAction":[{"@type":"ReadAction","target":["https:\/\/angelsolisnoticias.com\/index.php\/2024\/04\/16\/defendera-el-pri-con-todo-a-lili-campos-afirma-pedro-flota\/"]}]},{"@type":"BreadcrumbList","@id":"https:\/\/angelsolisnoticias.com\/index.php\/2024\/04\/16\/defendera-el-pri-con-todo-a-lili-campos-afirma-pedro-flota\/#breadcrumb","itemListElement":[{"@type":"ListItem","position":1,"name":"Inicio","item":"https:\/\/angelsolisnoticias.com\/"},{"@type":"ListItem","position":2,"name":"Defender\u00e1 el PRI con todo a Lili Campos, afirma Pedro Flota"}]},{"@type":"WebSite","@id":"https:\/\/angelsolisnoticias.com\/#website","url":"https:\/\/angelsolisnoticias.com\/","name":"\u00c1ngel Solis","description":"Noticias de Quintana Roo","publisher":{"@id":"https:\/\/angelsolisnoticias.com\/#organization"},"potentialAction":[{"@type":"SearchAction","target":{"@type":"EntryPoint","urlTemplate":"https:\/\/angelsolisnoticias.com\/?s={search_term_string}"},"query-input":"required name=search_term_string"}],"inLanguage":"es"},{"@type":"Organization","@id":"https:\/\/angelsolisnoticias.com\/#organization","name":"\u00c1ngel Solis","url":"https:\/\/angelsolisnoticias.com\/","logo":{"@type":"ImageObject","inLanguage":"es","@id":"https:\/\/angelsolisnoticias.com\/#\/schema\/logo\/image\/","url":"https:\/\/angelsolisnoticias.com\/wp-content\/uploads\/2023\/01\/LOGO3.png","contentUrl":"https:\/\/angelsolisnoticias.com\/wp-content\/uploads\/2023\/01\/LOGO3.png","width":1853,"height":570,"caption":"\u00c1ngel Solis"},"image":{"@id":"https:\/\/angelsolisnoticias.com\/#\/schema\/logo\/image\/"},"sameAs":["https:\/\/www.facebook.com\/periodistasquintanaroo","https:\/\/twitter.com\/PERIODISTASQROO"]},{"@type":"Person","@id":"https:\/\/angelsolisnoticias.com\/#\/schema\/person\/d5ca5e4c5f05db44e86cb564bf81ae6f","name":"admin","image":{"@type":"ImageObject","inLanguage":"es","@id":"https:\/\/angelsolisnoticias.com\/#\/schema\/person\/image\/","url":"https:\/\/secure.gravatar.com\/avatar\/dff3eaf7d33320066684ce268bff2bf90ce4f69456139b2d65d7796f64299e47?s=96&d=mm&r=g","contentUrl":"https:\/\/secure.gravatar.com\/avatar\/dff3eaf7d33320066684ce268bff2bf90ce4f69456139b2d65d7796f64299e47?s=96&d=mm&r=g","caption":"admin"},"sameAs":["https:\/\/angelsolisnoticias.com"],"url":"https:\/\/angelsolisnoticias.com\/index.php\/author\/admin_qnbaat5l\/"}]}},"jetpack_featured_media_url":"https:\/\/angelsolisnoticias.com\/wp-content\/uploads\/2024\/04\/Pedro-Lili-raciel2.jpg","_links":{"self":[{"href":"https:\/\/angelsolisnoticias.com\/index.php\/wp-json\/wp\/v2\/posts\/6755","targetHints":{"allow":["GET"]}}],"collection":[{"href":"https:\/\/angelsolisnoticias.com\/index.php\/wp-json\/wp\/v2\/posts"}],"about":[{"href":"https:\/\/angelsolisnoticias.com\/index.php\/wp-json\/wp\/v2\/types\/post"}],"author":[{"embeddable":true,"href":"https:\/\/angelsolisnoticias.com\/index.php\/wp-json\/wp\/v2\/users\/1"}],"replies":[{"embeddable":true,"href":"https:\/\/angelsolisnoticias.com\/index.php\/wp-json\/wp\/v2\/comments?post=6755"}],"version-history":[{"count":2,"href":"https:\/\/angelsolisnoticias.com\/index.php\/wp-json\/wp\/v2\/posts\/6755\/revisions"}],"predecessor-version":[{"id":6759,"href":"https:\/\/angelsolisnoticias.com\/index.php\/wp-json\/wp\/v2\/posts\/6755\/revisions\/6759"}],"wp:featuredmedia":[{"embeddable":true,"href":"https:\/\/angelsolisnoticias.com\/index.php\/wp-json\/wp\/v2\/media\/6757"}],"wp:attachment":[{"href":"https:\/\/angelsolisnoticias.com\/index.php\/wp-json\/wp\/v2\/media?parent=6755"}],"wp:term":[{"taxonomy":"category","embeddable":true,"href":"https:\/\/angelsolisnoticias.com\/index.php\/wp-json\/wp\/v2\/categories?post=6755"},{"taxonomy":"post_tag","embeddable":true,"href":"https:\/\/angelsolisnoticias.com\/index.php\/wp-json\/wp\/v2\/tags?post=6755"}],"curies":[{"name":"wp","href":"https:\/\/api.w.org\/{rel}","templated":true}]}}