{"id":6766,"date":"2024-04-17T21:39:41","date_gmt":"2024-04-17T21:39:41","guid":{"rendered":"https:\/\/angelsolisnoticias.com\/?p=6766"},"modified":"2024-04-18T17:05:12","modified_gmt":"2024-04-18T17:05:12","slug":"mara-lezama-se-reune-con-el-presidente-andres-manuel-lopez-obrador-para-concretar-la-emision-del-decreto-de-zona-libre-de-chetumal","status":"publish","type":"post","link":"https:\/\/angelsolisnoticias.com\/index.php\/2024\/04\/17\/mara-lezama-se-reune-con-el-presidente-andres-manuel-lopez-obrador-para-concretar-la-emision-del-decreto-de-zona-libre-de-chetumal\/","title":{"rendered":"Mara Lezama se re\u00fane con el Presidente Andr\u00e9s Manuel L\u00f3pez Obrador  para concretar la emisi\u00f3n del Decreto de Zona Libre de Chetumal"},"content":{"rendered":"<p>Ciudad de M\u00e9xico, 17 de abril<br \/>\nEspecial<\/p>\n<p>Para concretar la emisi\u00f3n del Decreto de Zona Libre de Chetumal, la Gobernadora de Quintana Roo, Mara Lezama\u00a0 Espinosa, se reuni\u00f3 con el presidente de la Rep\u00fablica Andr\u00e9s Manuel L\u00f3pez Obrador, para actualizar y ampliar la zona franca del sur del estado para detonar la econom\u00eda en el sur sureste mediante los est\u00edmulos fiscales atractivos, ampliaci\u00f3n de la zona objeto del decreto y extensi\u00f3n de vigencia.<\/p>\n<p>Tambi\u00e9n estuvieron presentes, la secretaria de Econom\u00eda, Raquel Buenrostro, el Titular del SAT, Antonio Mart\u00ednez, el subsecretario Pablo De Botton Falc\u00f3n, subsecretario de Egresos de la SHCP, la consejera jur\u00eddica del Ejecutivo Federal, Mar\u00eda Estela R\u00edos Gonz\u00e1lez y personal de la Secretar\u00eda de Hacienda.<\/p>\n<p><a href=\"https:\/\/angelsolisnoticias.com\/wp-content\/uploads\/2024\/04\/Mara-Zona-libre2.jpg\"><img loading=\"lazy\" decoding=\"async\" class=\"aligncenter wp-image-6770 \" src=\"https:\/\/angelsolisnoticias.com\/wp-content\/uploads\/2024\/04\/Mara-Zona-libre2.jpg\" alt=\"\" width=\"638\" height=\"359\" srcset=\"https:\/\/angelsolisnoticias.com\/wp-content\/uploads\/2024\/04\/Mara-Zona-libre2.jpg 720w, https:\/\/angelsolisnoticias.com\/wp-content\/uploads\/2024\/04\/Mara-Zona-libre2-300x169.jpg 300w\" sizes=\"auto, (max-width: 638px) 100vw, 638px\" \/><\/a><\/p>\n<p>La Zona Libre de Chetumal establecer\u00e1 los requisitos para que empresas de la regi\u00f3n puedan gozar de distintos beneficios de car\u00e1cter fiscal en operaciones de comercio exterior, de modo que la poblaci\u00f3n en general y visitantes puedan aprovechar los beneficios de esta zona, detonando la econom\u00eda y hacer de la capital, el polo econ\u00f3mico del sur de Quintana Roo.<\/p>\n<p>Este decreto permitir\u00e1 potenciar la econom\u00eda de Chetumal y del sur del estado, con el tianguis del bienestar Yum Kaax que va a ser de importaciones, los parques industriales, atracci\u00f3n de nuevas inversiones, devolvi\u00e9ndole el brillo a la capital de la entidad.<\/p>\n<p>En esta reuni\u00f3n tambi\u00e9n participaron, por el gobierno de Quintana Roo, Carlos Felipe Fuentes del R\u00edo, titular de la Consejer\u00eda Jur\u00eddica; Alberto Alonso Ovando, titular de la Agepro, y Ari Adler, titular de IDEFIN.<\/p>\n<p>En anteriores ocasiones, la gobernadora de Quintana Roo y la titular de Econom\u00eda trabajaron tanto en la Ciudad de M\u00e9xico como en la ciudad de Canc\u00fan.<\/p>\n","protected":false},"excerpt":{"rendered":"<p>Ciudad de M\u00e9xico, 17 de abril Especial Para concretar la emisi\u00f3n del Decreto de Zona Libre de Chetumal, la Gobernadora de Quintana Roo, Mara Lezama\u00a0 Espinosa, se reuni\u00f3 con el presidente de la Rep\u00fablica Andr\u00e9s Manuel L\u00f3pez Obrador, para actualizar y ampliar la zona franca del sur del estado para <a href=\"https:\/\/angelsolisnoticias.com\/index.php\/2024\/04\/17\/mara-lezama-se-reune-con-el-presidente-andres-manuel-lopez-obrador-para-concretar-la-emision-del-decreto-de-zona-libre-de-chetumal\/\" class=\"btn btn-link continue-link\">Seguir leyendo<\/a><\/p>\n","protected":false},"author":1,"featured_media":6769,"comment_status":"open","ping_status":"open","sticky":false,"template":"","format":"standard","meta":{"footnotes":""},"categories":[1],"tags":[],"class_list":["post-6766","post","type-post","status-publish","format-standard","has-post-thumbnail","hentry","category-uncategorized"],"yoast_head":"<!-- This site is optimized with the Yoast SEO plugin v21.1 - https:\/\/yoast.com\/wordpress\/plugins\/seo\/ -->\n<title>Mara Lezama se re\u00fane con el Presidente Andr\u00e9s Manuel L\u00f3pez Obrador para concretar la emisi\u00f3n del Decreto de Zona Libre de Chetumal<\/title>\n<meta name=\"description\" content=\".\" \/>\n<meta name=\"robots\" content=\"index, follow, max-snippet:-1, max-image-preview:large, max-video-preview:-1\" \/>\n<link rel=\"canonical\" href=\"https:\/\/angelsolisnoticias.com\/index.php\/2024\/04\/17\/mara-lezama-se-reune-con-el-presidente-andres-manuel-lopez-obrador-para-concretar-la-emision-del-decreto-de-zona-libre-de-chetumal\/\" \/>\n<meta property=\"og:locale\" content=\"es_MX\" \/>\n<meta property=\"og:type\" content=\"article\" \/>\n<meta property=\"og:title\" content=\"Mara Lezama se re\u00fane con el Presidente Andr\u00e9s Manuel L\u00f3pez Obrador para concretar la emisi\u00f3n del Decreto de Zona Libre de Chetumal\" \/>\n<meta property=\"og:description\" content=\".\" \/>\n<meta property=\"og:url\" content=\"https:\/\/angelsolisnoticias.com\/index.php\/2024\/04\/17\/mara-lezama-se-reune-con-el-presidente-andres-manuel-lopez-obrador-para-concretar-la-emision-del-decreto-de-zona-libre-de-chetumal\/\" \/>\n<meta property=\"og:site_name\" content=\"\u00c1ngel Solis\" \/>\n<meta property=\"article:publisher\" content=\"https:\/\/www.facebook.com\/periodistasquintanaroo\" \/>\n<meta property=\"article:published_time\" content=\"2024-04-17T21:39:41+00:00\" \/>\n<meta property=\"article:modified_time\" content=\"2024-04-18T17:05:12+00:00\" \/>\n<meta property=\"og:image\" content=\"https:\/\/angelsolisnoticias.com\/wp-content\/uploads\/2024\/04\/Mara-Zona-libre3.jpg\" \/>\n\t<meta property=\"og:image:width\" content=\"800\" \/>\n\t<meta property=\"og:image:height\" content=\"569\" \/>\n\t<meta property=\"og:image:type\" content=\"image\/jpeg\" \/>\n<meta name=\"author\" content=\"admin\" \/>\n<meta name=\"twitter:card\" content=\"summary_large_image\" \/>\n<meta name=\"twitter:creator\" content=\"@PERIODISTASQROO\" \/>\n<meta name=\"twitter:site\" content=\"@PERIODISTASQROO\" \/>\n<meta name=\"twitter:label1\" content=\"Escrito por\" \/>\n\t<meta name=\"twitter:data1\" content=\"admin\" \/>\n\t<meta name=\"twitter:label2\" content=\"Tiempo de lectura\" \/>\n\t<meta name=\"twitter:data2\" content=\"2 minutos\" \/>\n<script type=\"application\/ld+json\" class=\"yoast-schema-graph\">{\"@context\":\"https:\/\/schema.org\",\"@graph\":[{\"@type\":\"Article\",\"@id\":\"https:\/\/angelsolisnoticias.com\/index.php\/2024\/04\/17\/mara-lezama-se-reune-con-el-presidente-andres-manuel-lopez-obrador-para-concretar-la-emision-del-decreto-de-zona-libre-de-chetumal\/#article\",\"isPartOf\":{\"@id\":\"https:\/\/angelsolisnoticias.com\/index.php\/2024\/04\/17\/mara-lezama-se-reune-con-el-presidente-andres-manuel-lopez-obrador-para-concretar-la-emision-del-decreto-de-zona-libre-de-chetumal\/\"},\"author\":{\"name\":\"admin\",\"@id\":\"https:\/\/angelsolisnoticias.com\/#\/schema\/person\/d5ca5e4c5f05db44e86cb564bf81ae6f\"},\"headline\":\"Mara Lezama se re\u00fane con el Presidente Andr\u00e9s Manuel L\u00f3pez Obrador para concretar la emisi\u00f3n del Decreto de Zona Libre de Chetumal\",\"datePublished\":\"2024-04-17T21:39:41+00:00\",\"dateModified\":\"2024-04-18T17:05:12+00:00\",\"mainEntityOfPage\":{\"@id\":\"https:\/\/angelsolisnoticias.com\/index.php\/2024\/04\/17\/mara-lezama-se-reune-con-el-presidente-andres-manuel-lopez-obrador-para-concretar-la-emision-del-decreto-de-zona-libre-de-chetumal\/\"},\"wordCount\":337,\"commentCount\":0,\"publisher\":{\"@id\":\"https:\/\/angelsolisnoticias.com\/#organization\"},\"articleSection\":[\"Uncategorized\"],\"inLanguage\":\"es\",\"potentialAction\":[{\"@type\":\"CommentAction\",\"name\":\"Comment\",\"target\":[\"https:\/\/angelsolisnoticias.com\/index.php\/2024\/04\/17\/mara-lezama-se-reune-con-el-presidente-andres-manuel-lopez-obrador-para-concretar-la-emision-del-decreto-de-zona-libre-de-chetumal\/#respond\"]}]},{\"@type\":\"WebPage\",\"@id\":\"https:\/\/angelsolisnoticias.com\/index.php\/2024\/04\/17\/mara-lezama-se-reune-con-el-presidente-andres-manuel-lopez-obrador-para-concretar-la-emision-del-decreto-de-zona-libre-de-chetumal\/\",\"url\":\"https:\/\/angelsolisnoticias.com\/index.php\/2024\/04\/17\/mara-lezama-se-reune-con-el-presidente-andres-manuel-lopez-obrador-para-concretar-la-emision-del-decreto-de-zona-libre-de-chetumal\/\",\"name\":\"Mara Lezama se re\u00fane con el Presidente Andr\u00e9s Manuel L\u00f3pez Obrador para concretar la emisi\u00f3n del Decreto de Zona Libre de Chetumal\",\"isPartOf\":{\"@id\":\"https:\/\/angelsolisnoticias.com\/#website\"},\"datePublished\":\"2024-04-17T21:39:41+00:00\",\"dateModified\":\"2024-04-18T17:05:12+00:00\",\"description\":\".\",\"breadcrumb\":{\"@id\":\"https:\/\/angelsolisnoticias.com\/index.php\/2024\/04\/17\/mara-lezama-se-reune-con-el-presidente-andres-manuel-lopez-obrador-para-concretar-la-emision-del-decreto-de-zona-libre-de-chetumal\/#breadcrumb\"},\"inLanguage\":\"es\",\"potentialAction\":[{\"@type\":\"ReadAction\",\"target\":[\"https:\/\/angelsolisnoticias.com\/index.php\/2024\/04\/17\/mara-lezama-se-reune-con-el-presidente-andres-manuel-lopez-obrador-para-concretar-la-emision-del-decreto-de-zona-libre-de-chetumal\/\"]}]},{\"@type\":\"BreadcrumbList\",\"@id\":\"https:\/\/angelsolisnoticias.com\/index.php\/2024\/04\/17\/mara-lezama-se-reune-con-el-presidente-andres-manuel-lopez-obrador-para-concretar-la-emision-del-decreto-de-zona-libre-de-chetumal\/#breadcrumb\",\"itemListElement\":[{\"@type\":\"ListItem\",\"position\":1,\"name\":\"Inicio\",\"item\":\"https:\/\/angelsolisnoticias.com\/\"},{\"@type\":\"ListItem\",\"position\":2,\"name\":\"Mara Lezama se re\u00fane con el Presidente Andr\u00e9s Manuel L\u00f3pez Obrador para concretar la emisi\u00f3n del Decreto de Zona Libre de Chetumal\"}]},{\"@type\":\"WebSite\",\"@id\":\"https:\/\/angelsolisnoticias.com\/#website\",\"url\":\"https:\/\/angelsolisnoticias.com\/\",\"name\":\"\u00c1ngel Solis\",\"description\":\"Noticias de Quintana Roo\",\"publisher\":{\"@id\":\"https:\/\/angelsolisnoticias.com\/#organization\"},\"potentialAction\":[{\"@type\":\"SearchAction\",\"target\":{\"@type\":\"EntryPoint\",\"urlTemplate\":\"https:\/\/angelsolisnoticias.com\/?s={search_term_string}\"},\"query-input\":\"required name=search_term_string\"}],\"inLanguage\":\"es\"},{\"@type\":\"Organization\",\"@id\":\"https:\/\/angelsolisnoticias.com\/#organization\",\"name\":\"\u00c1ngel Solis\",\"url\":\"https:\/\/angelsolisnoticias.com\/\",\"logo\":{\"@type\":\"ImageObject\",\"inLanguage\":\"es\",\"@id\":\"https:\/\/angelsolisnoticias.com\/#\/schema\/logo\/image\/\",\"url\":\"https:\/\/angelsolisnoticias.com\/wp-content\/uploads\/2023\/01\/LOGO3.png\",\"contentUrl\":\"https:\/\/angelsolisnoticias.com\/wp-content\/uploads\/2023\/01\/LOGO3.png\",\"width\":1853,\"height\":570,\"caption\":\"\u00c1ngel Solis\"},\"image\":{\"@id\":\"https:\/\/angelsolisnoticias.com\/#\/schema\/logo\/image\/\"},\"sameAs\":[\"https:\/\/www.facebook.com\/periodistasquintanaroo\",\"https:\/\/twitter.com\/PERIODISTASQROO\"]},{\"@type\":\"Person\",\"@id\":\"https:\/\/angelsolisnoticias.com\/#\/schema\/person\/d5ca5e4c5f05db44e86cb564bf81ae6f\",\"name\":\"admin\",\"image\":{\"@type\":\"ImageObject\",\"inLanguage\":\"es\",\"@id\":\"https:\/\/angelsolisnoticias.com\/#\/schema\/person\/image\/\",\"url\":\"https:\/\/secure.gravatar.com\/avatar\/dff3eaf7d33320066684ce268bff2bf90ce4f69456139b2d65d7796f64299e47?s=96&d=mm&r=g\",\"contentUrl\":\"https:\/\/secure.gravatar.com\/avatar\/dff3eaf7d33320066684ce268bff2bf90ce4f69456139b2d65d7796f64299e47?s=96&d=mm&r=g\",\"caption\":\"admin\"},\"sameAs\":[\"https:\/\/angelsolisnoticias.com\"],\"url\":\"https:\/\/angelsolisnoticias.com\/index.php\/author\/admin_qnbaat5l\/\"}]}<\/script>\n<!-- \/ Yoast SEO plugin. -->","yoast_head_json":{"title":"Mara Lezama se re\u00fane con el Presidente Andr\u00e9s Manuel L\u00f3pez Obrador para concretar la emisi\u00f3n del Decreto de Zona Libre de Chetumal","description":".","robots":{"index":"index","follow":"follow","max-snippet":"max-snippet:-1","max-image-preview":"max-image-preview:large","max-video-preview":"max-video-preview:-1"},"canonical":"https:\/\/angelsolisnoticias.com\/index.php\/2024\/04\/17\/mara-lezama-se-reune-con-el-presidente-andres-manuel-lopez-obrador-para-concretar-la-emision-del-decreto-de-zona-libre-de-chetumal\/","og_locale":"es_MX","og_type":"article","og_title":"Mara Lezama se re\u00fane con el Presidente Andr\u00e9s Manuel L\u00f3pez Obrador para concretar la emisi\u00f3n del Decreto de Zona Libre de Chetumal","og_description":".","og_url":"https:\/\/angelsolisnoticias.com\/index.php\/2024\/04\/17\/mara-lezama-se-reune-con-el-presidente-andres-manuel-lopez-obrador-para-concretar-la-emision-del-decreto-de-zona-libre-de-chetumal\/","og_site_name":"\u00c1ngel Solis","article_publisher":"https:\/\/www.facebook.com\/periodistasquintanaroo","article_published_time":"2024-04-17T21:39:41+00:00","article_modified_time":"2024-04-18T17:05:12+00:00","og_image":[{"width":800,"height":569,"url":"https:\/\/angelsolisnoticias.com\/wp-content\/uploads\/2024\/04\/Mara-Zona-libre3.jpg","type":"image\/jpeg"}],"author":"admin","twitter_card":"summary_large_image","twitter_creator":"@PERIODISTASQROO","twitter_site":"@PERIODISTASQROO","twitter_misc":{"Escrito por":"admin","Tiempo de lectura":"2 minutos"},"schema":{"@context":"https:\/\/schema.org","@graph":[{"@type":"Article","@id":"https:\/\/angelsolisnoticias.com\/index.php\/2024\/04\/17\/mara-lezama-se-reune-con-el-presidente-andres-manuel-lopez-obrador-para-concretar-la-emision-del-decreto-de-zona-libre-de-chetumal\/#article","isPartOf":{"@id":"https:\/\/angelsolisnoticias.com\/index.php\/2024\/04\/17\/mara-lezama-se-reune-con-el-presidente-andres-manuel-lopez-obrador-para-concretar-la-emision-del-decreto-de-zona-libre-de-chetumal\/"},"author":{"name":"admin","@id":"https:\/\/angelsolisnoticias.com\/#\/schema\/person\/d5ca5e4c5f05db44e86cb564bf81ae6f"},"headline":"Mara Lezama se re\u00fane con el Presidente Andr\u00e9s Manuel L\u00f3pez Obrador para concretar la emisi\u00f3n del Decreto de Zona Libre de Chetumal","datePublished":"2024-04-17T21:39:41+00:00","dateModified":"2024-04-18T17:05:12+00:00","mainEntityOfPage":{"@id":"https:\/\/angelsolisnoticias.com\/index.php\/2024\/04\/17\/mara-lezama-se-reune-con-el-presidente-andres-manuel-lopez-obrador-para-concretar-la-emision-del-decreto-de-zona-libre-de-chetumal\/"},"wordCount":337,"commentCount":0,"publisher":{"@id":"https:\/\/angelsolisnoticias.com\/#organization"},"articleSection":["Uncategorized"],"inLanguage":"es","potentialAction":[{"@type":"CommentAction","name":"Comment","target":["https:\/\/angelsolisnoticias.com\/index.php\/2024\/04\/17\/mara-lezama-se-reune-con-el-presidente-andres-manuel-lopez-obrador-para-concretar-la-emision-del-decreto-de-zona-libre-de-chetumal\/#respond"]}]},{"@type":"WebPage","@id":"https:\/\/angelsolisnoticias.com\/index.php\/2024\/04\/17\/mara-lezama-se-reune-con-el-presidente-andres-manuel-lopez-obrador-para-concretar-la-emision-del-decreto-de-zona-libre-de-chetumal\/","url":"https:\/\/angelsolisnoticias.com\/index.php\/2024\/04\/17\/mara-lezama-se-reune-con-el-presidente-andres-manuel-lopez-obrador-para-concretar-la-emision-del-decreto-de-zona-libre-de-chetumal\/","name":"Mara Lezama se re\u00fane con el Presidente Andr\u00e9s Manuel L\u00f3pez Obrador para concretar la emisi\u00f3n del Decreto de Zona Libre de Chetumal","isPartOf":{"@id":"https:\/\/angelsolisnoticias.com\/#website"},"datePublished":"2024-04-17T21:39:41+00:00","dateModified":"2024-04-18T17:05:12+00:00","description":".","breadcrumb":{"@id":"https:\/\/angelsolisnoticias.com\/index.php\/2024\/04\/17\/mara-lezama-se-reune-con-el-presidente-andres-manuel-lopez-obrador-para-concretar-la-emision-del-decreto-de-zona-libre-de-chetumal\/#breadcrumb"},"inLanguage":"es","potentialAction":[{"@type":"ReadAction","target":["https:\/\/angelsolisnoticias.com\/index.php\/2024\/04\/17\/mara-lezama-se-reune-con-el-presidente-andres-manuel-lopez-obrador-para-concretar-la-emision-del-decreto-de-zona-libre-de-chetumal\/"]}]},{"@type":"BreadcrumbList","@id":"https:\/\/angelsolisnoticias.com\/index.php\/2024\/04\/17\/mara-lezama-se-reune-con-el-presidente-andres-manuel-lopez-obrador-para-concretar-la-emision-del-decreto-de-zona-libre-de-chetumal\/#breadcrumb","itemListElement":[{"@type":"ListItem","position":1,"name":"Inicio","item":"https:\/\/angelsolisnoticias.com\/"},{"@type":"ListItem","position":2,"name":"Mara Lezama se re\u00fane con el Presidente Andr\u00e9s Manuel L\u00f3pez Obrador para concretar la emisi\u00f3n del Decreto de Zona Libre de Chetumal"}]},{"@type":"WebSite","@id":"https:\/\/angelsolisnoticias.com\/#website","url":"https:\/\/angelsolisnoticias.com\/","name":"\u00c1ngel Solis","description":"Noticias de Quintana Roo","publisher":{"@id":"https:\/\/angelsolisnoticias.com\/#organization"},"potentialAction":[{"@type":"SearchAction","target":{"@type":"EntryPoint","urlTemplate":"https:\/\/angelsolisnoticias.com\/?s={search_term_string}"},"query-input":"required name=search_term_string"}],"inLanguage":"es"},{"@type":"Organization","@id":"https:\/\/angelsolisnoticias.com\/#organization","name":"\u00c1ngel Solis","url":"https:\/\/angelsolisnoticias.com\/","logo":{"@type":"ImageObject","inLanguage":"es","@id":"https:\/\/angelsolisnoticias.com\/#\/schema\/logo\/image\/","url":"https:\/\/angelsolisnoticias.com\/wp-content\/uploads\/2023\/01\/LOGO3.png","contentUrl":"https:\/\/angelsolisnoticias.com\/wp-content\/uploads\/2023\/01\/LOGO3.png","width":1853,"height":570,"caption":"\u00c1ngel Solis"},"image":{"@id":"https:\/\/angelsolisnoticias.com\/#\/schema\/logo\/image\/"},"sameAs":["https:\/\/www.facebook.com\/periodistasquintanaroo","https:\/\/twitter.com\/PERIODISTASQROO"]},{"@type":"Person","@id":"https:\/\/angelsolisnoticias.com\/#\/schema\/person\/d5ca5e4c5f05db44e86cb564bf81ae6f","name":"admin","image":{"@type":"ImageObject","inLanguage":"es","@id":"https:\/\/angelsolisnoticias.com\/#\/schema\/person\/image\/","url":"https:\/\/secure.gravatar.com\/avatar\/dff3eaf7d33320066684ce268bff2bf90ce4f69456139b2d65d7796f64299e47?s=96&d=mm&r=g","contentUrl":"https:\/\/secure.gravatar.com\/avatar\/dff3eaf7d33320066684ce268bff2bf90ce4f69456139b2d65d7796f64299e47?s=96&d=mm&r=g","caption":"admin"},"sameAs":["https:\/\/angelsolisnoticias.com"],"url":"https:\/\/angelsolisnoticias.com\/index.php\/author\/admin_qnbaat5l\/"}]}},"jetpack_featured_media_url":"https:\/\/angelsolisnoticias.com\/wp-content\/uploads\/2024\/04\/Mara-Zona-libre3.jpg","_links":{"self":[{"href":"https:\/\/angelsolisnoticias.com\/index.php\/wp-json\/wp\/v2\/posts\/6766","targetHints":{"allow":["GET"]}}],"collection":[{"href":"https:\/\/angelsolisnoticias.com\/index.php\/wp-json\/wp\/v2\/posts"}],"about":[{"href":"https:\/\/angelsolisnoticias.com\/index.php\/wp-json\/wp\/v2\/types\/post"}],"author":[{"embeddable":true,"href":"https:\/\/angelsolisnoticias.com\/index.php\/wp-json\/wp\/v2\/users\/1"}],"replies":[{"embeddable":true,"href":"https:\/\/angelsolisnoticias.com\/index.php\/wp-json\/wp\/v2\/comments?post=6766"}],"version-history":[{"count":3,"href":"https:\/\/angelsolisnoticias.com\/index.php\/wp-json\/wp\/v2\/posts\/6766\/revisions"}],"predecessor-version":[{"id":6771,"href":"https:\/\/angelsolisnoticias.com\/index.php\/wp-json\/wp\/v2\/posts\/6766\/revisions\/6771"}],"wp:featuredmedia":[{"embeddable":true,"href":"https:\/\/angelsolisnoticias.com\/index.php\/wp-json\/wp\/v2\/media\/6769"}],"wp:attachment":[{"href":"https:\/\/angelsolisnoticias.com\/index.php\/wp-json\/wp\/v2\/media?parent=6766"}],"wp:term":[{"taxonomy":"category","embeddable":true,"href":"https:\/\/angelsolisnoticias.com\/index.php\/wp-json\/wp\/v2\/categories?post=6766"},{"taxonomy":"post_tag","embeddable":true,"href":"https:\/\/angelsolisnoticias.com\/index.php\/wp-json\/wp\/v2\/tags?post=6766"}],"curies":[{"name":"wp","href":"https:\/\/api.w.org\/{rel}","templated":true}]}}