{"id":7020,"date":"2024-04-29T16:15:45","date_gmt":"2024-04-29T16:15:45","guid":{"rendered":"https:\/\/angelsolisnoticias.com\/?p=7020"},"modified":"2024-04-29T22:10:40","modified_gmt":"2024-04-29T22:10:40","slug":"ante-escalada-de-violencia-ejercito-fuerza-aerea-y-guardia-nacional-refuerzan-seguridad-en-othon-p-blanco","status":"publish","type":"post","link":"https:\/\/angelsolisnoticias.com\/index.php\/2024\/04\/29\/ante-escalada-de-violencia-ejercito-fuerza-aerea-y-guardia-nacional-refuerzan-seguridad-en-othon-p-blanco\/","title":{"rendered":"Ante escalada de violencia, Ej\u00e9rcito, Fuerza A\u00e9rea y Guardia Nacional refuerzan seguridad en Oth\u00f3n P. Blanco"},"content":{"rendered":"<p>Chetumal, 29 de abril de 2024<br \/>\nEspecial<\/p>\n<p>Unos 200 elementos del Ej\u00e9rcito Mexicano y Guardia Nacional en veh\u00edculos artillados as\u00ed como un helic\u00f3ptero EC225 de la Fuerza A\u00e9rea Mexicana, arribaron este lunes a la capital quintanarroense para realizar operaciones en coordinaci\u00f3n con las autoridades locales, a fin de inhibir las actividades de la delincuencia organizada y atender la problem\u00e1tica de seguridad en el municipio de Oth\u00f3n Pompeyo Blanco, que ha registrado una serie de hechos violentos en los \u00faltimos d\u00edas.<\/p>\n<p>La misi\u00f3n principal de la Fuerza de Tarea Regional es reforzar las actividades operativas del personal del ej\u00e9rcito y la Guardia Nacional, que se encuentran acantonados en la plaza de Chetumal, para realizar la planeaci\u00f3n y trabajos de inteligencia que fortalezcan el Estado de derecho y llevar a cabo reconocimientos terrestres y disuasivos en comunidades del municipio de Oth\u00f3n Pompeyo Blanco, Q. Roo, c\u00f3mo Luis Echeverr\u00eda, Calderitas, Morocoy, el Cedral, El Gallito, entre otras, a fin de colaborar con las autoridades locales de los tres \u00f3rdenes de gobierno, para revertir los \u00edndices delictivos de privaciones ilegales de la libertad y de homicidios vinculados al crimen organizado, actuando en todo momento con pleno respeto a los Derechos Humanos.<\/p>\n<p><img loading=\"lazy\" decoding=\"async\" class=\"aligncenter wp-image-7023 \" src=\"https:\/\/angelsolisnoticias.com\/wp-content\/uploads\/2024\/04\/Refuerzos-Seguridad3.jpg\" alt=\"\" width=\"634\" height=\"369\" srcset=\"https:\/\/angelsolisnoticias.com\/wp-content\/uploads\/2024\/04\/Refuerzos-Seguridad3.jpg 720w, https:\/\/angelsolisnoticias.com\/wp-content\/uploads\/2024\/04\/Refuerzos-Seguridad3-300x175.jpg 300w\" sizes=\"auto, (max-width: 634px) 100vw, 634px\" \/><\/p>\n<p>Entre las caracter\u00edsticas del personal castrense que integra la Fuerza de Tarea Regional, se destaca su gran movilidad terrestre y a\u00e9rea, capacidad de despliegue, armamento, material, equipo y adiestramiento con el que cuentan para diferente tipo de actividades, lo cual refuerza las operaciones interinstitucionales que se realizan en coordinaci\u00f3n con las autoridades estatales y municipales, tanto en las zonas urbanas como en los caminos circunvecinos.<\/p>\n<p><img loading=\"lazy\" decoding=\"async\" class=\"aligncenter wp-image-7024 \" src=\"https:\/\/angelsolisnoticias.com\/wp-content\/uploads\/2024\/04\/Refuerzos-Seguridad2.jpg\" alt=\"\" width=\"656\" height=\"385\" \/><\/p>\n<p>Es preciso se\u00f1alar que el personal militar actuar\u00e1 en todo momento con firmeza, realizando tareas de disuasi\u00f3n, prevenci\u00f3n, patrullajes, reconocimientos y establecimiento de puestos militares de seguridad que generen un ambiente de tranquilidad en la poblaci\u00f3n quintanarroense del sur de la entidad y el turismo nacional e internacional que asiste a esta importante regi\u00f3n del pa\u00eds.<\/p>\n","protected":false},"excerpt":{"rendered":"<p>Chetumal, 29 de abril de 2024 Especial Unos 200 elementos del Ej\u00e9rcito Mexicano y Guardia Nacional en veh\u00edculos artillados as\u00ed como un helic\u00f3ptero EC225 de la Fuerza A\u00e9rea Mexicana, arribaron este lunes a la capital quintanarroense para realizar operaciones en coordinaci\u00f3n con las autoridades locales, a fin de inhibir las <a href=\"https:\/\/angelsolisnoticias.com\/index.php\/2024\/04\/29\/ante-escalada-de-violencia-ejercito-fuerza-aerea-y-guardia-nacional-refuerzan-seguridad-en-othon-p-blanco\/\" class=\"btn btn-link continue-link\">Seguir leyendo<\/a><\/p>\n","protected":false},"author":1,"featured_media":7022,"comment_status":"open","ping_status":"open","sticky":false,"template":"","format":"standard","meta":{"footnotes":""},"categories":[1],"tags":[],"class_list":["post-7020","post","type-post","status-publish","format-standard","has-post-thumbnail","hentry","category-uncategorized"],"yoast_head":"<!-- This site is optimized with the Yoast SEO plugin v21.1 - https:\/\/yoast.com\/wordpress\/plugins\/seo\/ -->\n<title>Ante escalada de violencia, Ej\u00e9rcito, Fuerza A\u00e9rea y Guardia Nacional refuerzan seguridad en Oth\u00f3n P. Blanco<\/title>\n<meta name=\"description\" content=\".\" \/>\n<meta name=\"robots\" content=\"index, follow, max-snippet:-1, max-image-preview:large, max-video-preview:-1\" \/>\n<link rel=\"canonical\" href=\"https:\/\/angelsolisnoticias.com\/index.php\/2024\/04\/29\/ante-escalada-de-violencia-ejercito-fuerza-aerea-y-guardia-nacional-refuerzan-seguridad-en-othon-p-blanco\/\" \/>\n<meta property=\"og:locale\" content=\"es_MX\" \/>\n<meta property=\"og:type\" content=\"article\" \/>\n<meta property=\"og:title\" content=\"Ante escalada de violencia, Ej\u00e9rcito, Fuerza A\u00e9rea y Guardia Nacional refuerzan seguridad en Oth\u00f3n P. Blanco\" \/>\n<meta property=\"og:description\" content=\".\" \/>\n<meta property=\"og:url\" content=\"https:\/\/angelsolisnoticias.com\/index.php\/2024\/04\/29\/ante-escalada-de-violencia-ejercito-fuerza-aerea-y-guardia-nacional-refuerzan-seguridad-en-othon-p-blanco\/\" \/>\n<meta property=\"og:site_name\" content=\"\u00c1ngel Solis\" \/>\n<meta property=\"article:publisher\" content=\"https:\/\/www.facebook.com\/periodistasquintanaroo\" \/>\n<meta property=\"article:published_time\" content=\"2024-04-29T16:15:45+00:00\" \/>\n<meta property=\"article:modified_time\" content=\"2024-04-29T22:10:40+00:00\" \/>\n<meta property=\"og:image\" content=\"https:\/\/angelsolisnoticias.com\/wp-content\/uploads\/2024\/04\/Refuerzos-Seguridad4.jpg\" \/>\n\t<meta property=\"og:image:width\" content=\"800\" \/>\n\t<meta property=\"og:image:height\" content=\"569\" \/>\n\t<meta property=\"og:image:type\" content=\"image\/jpeg\" \/>\n<meta name=\"author\" content=\"admin\" \/>\n<meta name=\"twitter:card\" content=\"summary_large_image\" \/>\n<meta name=\"twitter:creator\" content=\"@PERIODISTASQROO\" \/>\n<meta name=\"twitter:site\" content=\"@PERIODISTASQROO\" \/>\n<meta name=\"twitter:label1\" content=\"Escrito por\" \/>\n\t<meta name=\"twitter:data1\" content=\"admin\" \/>\n\t<meta name=\"twitter:label2\" content=\"Tiempo de lectura\" \/>\n\t<meta name=\"twitter:data2\" content=\"2 minutos\" \/>\n<script type=\"application\/ld+json\" class=\"yoast-schema-graph\">{\"@context\":\"https:\/\/schema.org\",\"@graph\":[{\"@type\":\"Article\",\"@id\":\"https:\/\/angelsolisnoticias.com\/index.php\/2024\/04\/29\/ante-escalada-de-violencia-ejercito-fuerza-aerea-y-guardia-nacional-refuerzan-seguridad-en-othon-p-blanco\/#article\",\"isPartOf\":{\"@id\":\"https:\/\/angelsolisnoticias.com\/index.php\/2024\/04\/29\/ante-escalada-de-violencia-ejercito-fuerza-aerea-y-guardia-nacional-refuerzan-seguridad-en-othon-p-blanco\/\"},\"author\":{\"name\":\"admin\",\"@id\":\"https:\/\/angelsolisnoticias.com\/#\/schema\/person\/d5ca5e4c5f05db44e86cb564bf81ae6f\"},\"headline\":\"Ante escalada de violencia, Ej\u00e9rcito, Fuerza A\u00e9rea y Guardia Nacional refuerzan seguridad en Oth\u00f3n P. Blanco\",\"datePublished\":\"2024-04-29T16:15:45+00:00\",\"dateModified\":\"2024-04-29T22:10:40+00:00\",\"mainEntityOfPage\":{\"@id\":\"https:\/\/angelsolisnoticias.com\/index.php\/2024\/04\/29\/ante-escalada-de-violencia-ejercito-fuerza-aerea-y-guardia-nacional-refuerzan-seguridad-en-othon-p-blanco\/\"},\"wordCount\":357,\"commentCount\":0,\"publisher\":{\"@id\":\"https:\/\/angelsolisnoticias.com\/#organization\"},\"articleSection\":[\"Uncategorized\"],\"inLanguage\":\"es\",\"potentialAction\":[{\"@type\":\"CommentAction\",\"name\":\"Comment\",\"target\":[\"https:\/\/angelsolisnoticias.com\/index.php\/2024\/04\/29\/ante-escalada-de-violencia-ejercito-fuerza-aerea-y-guardia-nacional-refuerzan-seguridad-en-othon-p-blanco\/#respond\"]}]},{\"@type\":\"WebPage\",\"@id\":\"https:\/\/angelsolisnoticias.com\/index.php\/2024\/04\/29\/ante-escalada-de-violencia-ejercito-fuerza-aerea-y-guardia-nacional-refuerzan-seguridad-en-othon-p-blanco\/\",\"url\":\"https:\/\/angelsolisnoticias.com\/index.php\/2024\/04\/29\/ante-escalada-de-violencia-ejercito-fuerza-aerea-y-guardia-nacional-refuerzan-seguridad-en-othon-p-blanco\/\",\"name\":\"Ante escalada de violencia, Ej\u00e9rcito, Fuerza A\u00e9rea y Guardia Nacional refuerzan seguridad en Oth\u00f3n P. Blanco\",\"isPartOf\":{\"@id\":\"https:\/\/angelsolisnoticias.com\/#website\"},\"datePublished\":\"2024-04-29T16:15:45+00:00\",\"dateModified\":\"2024-04-29T22:10:40+00:00\",\"description\":\".\",\"breadcrumb\":{\"@id\":\"https:\/\/angelsolisnoticias.com\/index.php\/2024\/04\/29\/ante-escalada-de-violencia-ejercito-fuerza-aerea-y-guardia-nacional-refuerzan-seguridad-en-othon-p-blanco\/#breadcrumb\"},\"inLanguage\":\"es\",\"potentialAction\":[{\"@type\":\"ReadAction\",\"target\":[\"https:\/\/angelsolisnoticias.com\/index.php\/2024\/04\/29\/ante-escalada-de-violencia-ejercito-fuerza-aerea-y-guardia-nacional-refuerzan-seguridad-en-othon-p-blanco\/\"]}]},{\"@type\":\"BreadcrumbList\",\"@id\":\"https:\/\/angelsolisnoticias.com\/index.php\/2024\/04\/29\/ante-escalada-de-violencia-ejercito-fuerza-aerea-y-guardia-nacional-refuerzan-seguridad-en-othon-p-blanco\/#breadcrumb\",\"itemListElement\":[{\"@type\":\"ListItem\",\"position\":1,\"name\":\"Inicio\",\"item\":\"https:\/\/angelsolisnoticias.com\/\"},{\"@type\":\"ListItem\",\"position\":2,\"name\":\"Ante escalada de violencia, Ej\u00e9rcito, Fuerza A\u00e9rea y Guardia Nacional refuerzan seguridad en Oth\u00f3n P. Blanco\"}]},{\"@type\":\"WebSite\",\"@id\":\"https:\/\/angelsolisnoticias.com\/#website\",\"url\":\"https:\/\/angelsolisnoticias.com\/\",\"name\":\"\u00c1ngel Solis\",\"description\":\"Noticias de Quintana Roo\",\"publisher\":{\"@id\":\"https:\/\/angelsolisnoticias.com\/#organization\"},\"potentialAction\":[{\"@type\":\"SearchAction\",\"target\":{\"@type\":\"EntryPoint\",\"urlTemplate\":\"https:\/\/angelsolisnoticias.com\/?s={search_term_string}\"},\"query-input\":\"required name=search_term_string\"}],\"inLanguage\":\"es\"},{\"@type\":\"Organization\",\"@id\":\"https:\/\/angelsolisnoticias.com\/#organization\",\"name\":\"\u00c1ngel Solis\",\"url\":\"https:\/\/angelsolisnoticias.com\/\",\"logo\":{\"@type\":\"ImageObject\",\"inLanguage\":\"es\",\"@id\":\"https:\/\/angelsolisnoticias.com\/#\/schema\/logo\/image\/\",\"url\":\"https:\/\/angelsolisnoticias.com\/wp-content\/uploads\/2023\/01\/LOGO3.png\",\"contentUrl\":\"https:\/\/angelsolisnoticias.com\/wp-content\/uploads\/2023\/01\/LOGO3.png\",\"width\":1853,\"height\":570,\"caption\":\"\u00c1ngel Solis\"},\"image\":{\"@id\":\"https:\/\/angelsolisnoticias.com\/#\/schema\/logo\/image\/\"},\"sameAs\":[\"https:\/\/www.facebook.com\/periodistasquintanaroo\",\"https:\/\/twitter.com\/PERIODISTASQROO\"]},{\"@type\":\"Person\",\"@id\":\"https:\/\/angelsolisnoticias.com\/#\/schema\/person\/d5ca5e4c5f05db44e86cb564bf81ae6f\",\"name\":\"admin\",\"image\":{\"@type\":\"ImageObject\",\"inLanguage\":\"es\",\"@id\":\"https:\/\/angelsolisnoticias.com\/#\/schema\/person\/image\/\",\"url\":\"https:\/\/secure.gravatar.com\/avatar\/dff3eaf7d33320066684ce268bff2bf90ce4f69456139b2d65d7796f64299e47?s=96&d=mm&r=g\",\"contentUrl\":\"https:\/\/secure.gravatar.com\/avatar\/dff3eaf7d33320066684ce268bff2bf90ce4f69456139b2d65d7796f64299e47?s=96&d=mm&r=g\",\"caption\":\"admin\"},\"sameAs\":[\"https:\/\/angelsolisnoticias.com\"],\"url\":\"https:\/\/angelsolisnoticias.com\/index.php\/author\/admin_qnbaat5l\/\"}]}<\/script>\n<!-- \/ Yoast SEO plugin. -->","yoast_head_json":{"title":"Ante escalada de violencia, Ej\u00e9rcito, Fuerza A\u00e9rea y Guardia Nacional refuerzan seguridad en Oth\u00f3n P. Blanco","description":".","robots":{"index":"index","follow":"follow","max-snippet":"max-snippet:-1","max-image-preview":"max-image-preview:large","max-video-preview":"max-video-preview:-1"},"canonical":"https:\/\/angelsolisnoticias.com\/index.php\/2024\/04\/29\/ante-escalada-de-violencia-ejercito-fuerza-aerea-y-guardia-nacional-refuerzan-seguridad-en-othon-p-blanco\/","og_locale":"es_MX","og_type":"article","og_title":"Ante escalada de violencia, Ej\u00e9rcito, Fuerza A\u00e9rea y Guardia Nacional refuerzan seguridad en Oth\u00f3n P. Blanco","og_description":".","og_url":"https:\/\/angelsolisnoticias.com\/index.php\/2024\/04\/29\/ante-escalada-de-violencia-ejercito-fuerza-aerea-y-guardia-nacional-refuerzan-seguridad-en-othon-p-blanco\/","og_site_name":"\u00c1ngel Solis","article_publisher":"https:\/\/www.facebook.com\/periodistasquintanaroo","article_published_time":"2024-04-29T16:15:45+00:00","article_modified_time":"2024-04-29T22:10:40+00:00","og_image":[{"width":800,"height":569,"url":"https:\/\/angelsolisnoticias.com\/wp-content\/uploads\/2024\/04\/Refuerzos-Seguridad4.jpg","type":"image\/jpeg"}],"author":"admin","twitter_card":"summary_large_image","twitter_creator":"@PERIODISTASQROO","twitter_site":"@PERIODISTASQROO","twitter_misc":{"Escrito por":"admin","Tiempo de lectura":"2 minutos"},"schema":{"@context":"https:\/\/schema.org","@graph":[{"@type":"Article","@id":"https:\/\/angelsolisnoticias.com\/index.php\/2024\/04\/29\/ante-escalada-de-violencia-ejercito-fuerza-aerea-y-guardia-nacional-refuerzan-seguridad-en-othon-p-blanco\/#article","isPartOf":{"@id":"https:\/\/angelsolisnoticias.com\/index.php\/2024\/04\/29\/ante-escalada-de-violencia-ejercito-fuerza-aerea-y-guardia-nacional-refuerzan-seguridad-en-othon-p-blanco\/"},"author":{"name":"admin","@id":"https:\/\/angelsolisnoticias.com\/#\/schema\/person\/d5ca5e4c5f05db44e86cb564bf81ae6f"},"headline":"Ante escalada de violencia, Ej\u00e9rcito, Fuerza A\u00e9rea y Guardia Nacional refuerzan seguridad en Oth\u00f3n P. Blanco","datePublished":"2024-04-29T16:15:45+00:00","dateModified":"2024-04-29T22:10:40+00:00","mainEntityOfPage":{"@id":"https:\/\/angelsolisnoticias.com\/index.php\/2024\/04\/29\/ante-escalada-de-violencia-ejercito-fuerza-aerea-y-guardia-nacional-refuerzan-seguridad-en-othon-p-blanco\/"},"wordCount":357,"commentCount":0,"publisher":{"@id":"https:\/\/angelsolisnoticias.com\/#organization"},"articleSection":["Uncategorized"],"inLanguage":"es","potentialAction":[{"@type":"CommentAction","name":"Comment","target":["https:\/\/angelsolisnoticias.com\/index.php\/2024\/04\/29\/ante-escalada-de-violencia-ejercito-fuerza-aerea-y-guardia-nacional-refuerzan-seguridad-en-othon-p-blanco\/#respond"]}]},{"@type":"WebPage","@id":"https:\/\/angelsolisnoticias.com\/index.php\/2024\/04\/29\/ante-escalada-de-violencia-ejercito-fuerza-aerea-y-guardia-nacional-refuerzan-seguridad-en-othon-p-blanco\/","url":"https:\/\/angelsolisnoticias.com\/index.php\/2024\/04\/29\/ante-escalada-de-violencia-ejercito-fuerza-aerea-y-guardia-nacional-refuerzan-seguridad-en-othon-p-blanco\/","name":"Ante escalada de violencia, Ej\u00e9rcito, Fuerza A\u00e9rea y Guardia Nacional refuerzan seguridad en Oth\u00f3n P. Blanco","isPartOf":{"@id":"https:\/\/angelsolisnoticias.com\/#website"},"datePublished":"2024-04-29T16:15:45+00:00","dateModified":"2024-04-29T22:10:40+00:00","description":".","breadcrumb":{"@id":"https:\/\/angelsolisnoticias.com\/index.php\/2024\/04\/29\/ante-escalada-de-violencia-ejercito-fuerza-aerea-y-guardia-nacional-refuerzan-seguridad-en-othon-p-blanco\/#breadcrumb"},"inLanguage":"es","potentialAction":[{"@type":"ReadAction","target":["https:\/\/angelsolisnoticias.com\/index.php\/2024\/04\/29\/ante-escalada-de-violencia-ejercito-fuerza-aerea-y-guardia-nacional-refuerzan-seguridad-en-othon-p-blanco\/"]}]},{"@type":"BreadcrumbList","@id":"https:\/\/angelsolisnoticias.com\/index.php\/2024\/04\/29\/ante-escalada-de-violencia-ejercito-fuerza-aerea-y-guardia-nacional-refuerzan-seguridad-en-othon-p-blanco\/#breadcrumb","itemListElement":[{"@type":"ListItem","position":1,"name":"Inicio","item":"https:\/\/angelsolisnoticias.com\/"},{"@type":"ListItem","position":2,"name":"Ante escalada de violencia, Ej\u00e9rcito, Fuerza A\u00e9rea y Guardia Nacional refuerzan seguridad en Oth\u00f3n P. Blanco"}]},{"@type":"WebSite","@id":"https:\/\/angelsolisnoticias.com\/#website","url":"https:\/\/angelsolisnoticias.com\/","name":"\u00c1ngel Solis","description":"Noticias de Quintana Roo","publisher":{"@id":"https:\/\/angelsolisnoticias.com\/#organization"},"potentialAction":[{"@type":"SearchAction","target":{"@type":"EntryPoint","urlTemplate":"https:\/\/angelsolisnoticias.com\/?s={search_term_string}"},"query-input":"required name=search_term_string"}],"inLanguage":"es"},{"@type":"Organization","@id":"https:\/\/angelsolisnoticias.com\/#organization","name":"\u00c1ngel Solis","url":"https:\/\/angelsolisnoticias.com\/","logo":{"@type":"ImageObject","inLanguage":"es","@id":"https:\/\/angelsolisnoticias.com\/#\/schema\/logo\/image\/","url":"https:\/\/angelsolisnoticias.com\/wp-content\/uploads\/2023\/01\/LOGO3.png","contentUrl":"https:\/\/angelsolisnoticias.com\/wp-content\/uploads\/2023\/01\/LOGO3.png","width":1853,"height":570,"caption":"\u00c1ngel Solis"},"image":{"@id":"https:\/\/angelsolisnoticias.com\/#\/schema\/logo\/image\/"},"sameAs":["https:\/\/www.facebook.com\/periodistasquintanaroo","https:\/\/twitter.com\/PERIODISTASQROO"]},{"@type":"Person","@id":"https:\/\/angelsolisnoticias.com\/#\/schema\/person\/d5ca5e4c5f05db44e86cb564bf81ae6f","name":"admin","image":{"@type":"ImageObject","inLanguage":"es","@id":"https:\/\/angelsolisnoticias.com\/#\/schema\/person\/image\/","url":"https:\/\/secure.gravatar.com\/avatar\/dff3eaf7d33320066684ce268bff2bf90ce4f69456139b2d65d7796f64299e47?s=96&d=mm&r=g","contentUrl":"https:\/\/secure.gravatar.com\/avatar\/dff3eaf7d33320066684ce268bff2bf90ce4f69456139b2d65d7796f64299e47?s=96&d=mm&r=g","caption":"admin"},"sameAs":["https:\/\/angelsolisnoticias.com"],"url":"https:\/\/angelsolisnoticias.com\/index.php\/author\/admin_qnbaat5l\/"}]}},"jetpack_featured_media_url":"https:\/\/angelsolisnoticias.com\/wp-content\/uploads\/2024\/04\/Refuerzos-Seguridad4.jpg","_links":{"self":[{"href":"https:\/\/angelsolisnoticias.com\/index.php\/wp-json\/wp\/v2\/posts\/7020","targetHints":{"allow":["GET"]}}],"collection":[{"href":"https:\/\/angelsolisnoticias.com\/index.php\/wp-json\/wp\/v2\/posts"}],"about":[{"href":"https:\/\/angelsolisnoticias.com\/index.php\/wp-json\/wp\/v2\/types\/post"}],"author":[{"embeddable":true,"href":"https:\/\/angelsolisnoticias.com\/index.php\/wp-json\/wp\/v2\/users\/1"}],"replies":[{"embeddable":true,"href":"https:\/\/angelsolisnoticias.com\/index.php\/wp-json\/wp\/v2\/comments?post=7020"}],"version-history":[{"count":3,"href":"https:\/\/angelsolisnoticias.com\/index.php\/wp-json\/wp\/v2\/posts\/7020\/revisions"}],"predecessor-version":[{"id":7026,"href":"https:\/\/angelsolisnoticias.com\/index.php\/wp-json\/wp\/v2\/posts\/7020\/revisions\/7026"}],"wp:featuredmedia":[{"embeddable":true,"href":"https:\/\/angelsolisnoticias.com\/index.php\/wp-json\/wp\/v2\/media\/7022"}],"wp:attachment":[{"href":"https:\/\/angelsolisnoticias.com\/index.php\/wp-json\/wp\/v2\/media?parent=7020"}],"wp:term":[{"taxonomy":"category","embeddable":true,"href":"https:\/\/angelsolisnoticias.com\/index.php\/wp-json\/wp\/v2\/categories?post=7020"},{"taxonomy":"post_tag","embeddable":true,"href":"https:\/\/angelsolisnoticias.com\/index.php\/wp-json\/wp\/v2\/tags?post=7020"}],"curies":[{"name":"wp","href":"https:\/\/api.w.org\/{rel}","templated":true}]}}