{"id":7065,"date":"2024-05-01T17:06:19","date_gmt":"2024-05-01T17:06:19","guid":{"rendered":"https:\/\/angelsolisnoticias.com\/?p=7065"},"modified":"2024-05-02T00:05:45","modified_gmt":"2024-05-02T00:05:45","slug":"la-verde-estefania-no-es-rival-para-lili-campos","status":"publish","type":"post","link":"https:\/\/angelsolisnoticias.com\/index.php\/2024\/05\/01\/la-verde-estefania-no-es-rival-para-lili-campos\/","title":{"rendered":"La &#8220;Verde&#8221; Estefan\u00eda no es rival para Lili Campos"},"content":{"rendered":"<p>Ajuste de Cuentos<br \/>\n\u00c1ngel Sol\u00eds<\/p>\n<p>Bastaron 15 d\u00edas de campa\u00f1a\u2014y hasta menos que eso\u2014 para que los solidarenses se dieran cuenta que los supuestos 16 o 18 puntos de \u201cventaja\u201d de la Verde candidata Estefan\u00eda Mercado Asencio son puro cuento y un negociazo para las casas encuestadoras y el intermediario de la campa\u00f1a Verde-Morena, ya que desde el d\u00eda de arranque qued\u00f3 al descubierto que la joven candidata no tiene nada que hacer frente a Lili Campos Miranda, quien va al frente en la carrera por la reelecci\u00f3n.<\/p>\n<p>Sin experiencia, preparaci\u00f3n pol\u00edtica, propuesta alguna y otras fortalezas que deber\u00eda haber tenido la o el candidato que pudiera enfrentar a un equipo s\u00f3lido como el que lidera la abogada Campos Miranda, la campa\u00f1a de Estefan\u00eda Mercado ha sido exhibida con sus miserias en redes sociales.<\/p>\n<p>Con una planilla al Ayuntamiento que carece de figuras morenistas, ya que en su gran mayor\u00eda los aspirantes a integrar el pr\u00f3ximo Cabildo provienen del PRI, PAN y PRD, incluso de la pasada elecci\u00f3n federal porque Estefan\u00eda Mercado compiti\u00f3 por el PAN por una diputaci\u00f3n federal, la campa\u00f1a de la coalici\u00f3n Verde-Morena y PT en Solidaridad causa pena ajena y el rechazo ciudadano es m\u00e1s que evidente en las calles.<\/p>\n<p>Es notoria la desesperaci\u00f3n en los estrategas de la coalici\u00f3n \u201cSigamos Haciendo Historia por Quintana Roo\u201d, porque desde el pasado 15 de abril arranc\u00f3 la campa\u00f1a con un pobre poder de convocatoria y apenas pudieron llenar el domo del parque 2 de Villas del Sol, con tres mil 500 personas a lo m\u00e1ximo, mientras la aspirante a la reelecci\u00f3n realiz\u00f3 una demostraci\u00f3n de verdadera fuerza con m\u00e1s de 10 mil personas en un espacio abierto como lo es la Plaza 28 de Julio, ubicada frente al Palacio municipal.<\/p>\n<p>No existe alg\u00fan flanco con qu\u00e9 intentar comparar a la candidata Verde con Lili Campos, quien es una mujer con m\u00e1s de 20 a\u00f1os de experiencia en la administraci\u00f3n p\u00fablica, que incluye cargos en la extinta Procuradur\u00eda General de Justicia, la Comisi\u00f3n Estatal de Derechos Humanos, Consejer\u00eda Jur\u00eddica del Gobierno del estado y la diputaci\u00f3n local por el distrito 10.<\/p>\n<p>Y es que solo basta con hacer un recorrido a trav\u00e9s del Internet, espec\u00edficamente en la p\u00e1gina web del Congreso del Estado de Quintana Roo, para darse cuenta que Estefan\u00eda Mercado lleg\u00f3 sin nada a competirle a una mujer que rescat\u00f3 un municipio en llamas del que la delincuencia ya se hab\u00eda apoderado, porque eran ellos lo que realmente mandaban.<\/p>\n<p><img loading=\"lazy\" decoding=\"async\" class=\"aligncenter wp-image-7068 \" src=\"https:\/\/angelsolisnoticias.com\/wp-content\/uploads\/2024\/05\/Lili-Estefania30.jpg\" alt=\"\" width=\"673\" height=\"391\" \/><\/p>\n<p>Un ejemplo de la gran distancia que existe entre Campos Miranda y Mercado Asencio, son sus pasos por el Congreso local, donde ambas representaron el distrito 10.<\/p>\n<p>La diferencia consiste en que la primera en los poco m\u00e1s de dos a\u00f1os que estuvo al frente present\u00f3 16 iniciativas propias y tuvo una asistencia de 96.7 por ciento en las 91 sesiones a las que fue convocada en la pasada XVI Legislatura.<\/p>\n<p>Mientras la candidata del Verde disfrazada de Morena, Estefan\u00eda Mercado, fue exhibida por ser una de las m\u00e1s faltistas y menos productivas de los 25 diputados que integran la XVII Legislatura.<\/p>\n<p>La desesperaci\u00f3n es m\u00e1s clara, pero los ataques y guerra sucia por parte de los operadores Verdes lejos de perjudicar a Lili Campos la han beneficiado y posicionado a nivel estatal y hasta nacional, porque enviar a reporteras para leer notas sin sustento o pruebas ha provocado que el nombre de la alcaldesa ya est\u00e9 posicionado entre los habitantes de la zona maya, quienes son fieles seguidores de las \u201cma\u00f1aneras\u201d del presidente Andr\u00e9s Manuel L\u00f3pez Obrador desde Palacio Nacional.<\/p>\n<p>La ca\u00edda libre de Estefan\u00eda Mercado se puede ver claramente en las caminatas diarias que realiza, donde hay m\u00e1s fot\u00f3grafos y facebuqueros que ciudadanos que salgan a refrendarle su apoyo, mientras en la otra campa\u00f1a esquinas completas de ciudadanos playenses salen a tomarse la foto y demostrarle su apoyo a la candidata Lili Campos.<\/p>\n<p>Si Morena no quiere hacer un papel\u00f3n este 2 de junio, est\u00e1n a tiempo de \u201cenfermar\u201d a Estefan\u00eda y bajarla de la contienda, para al menos perder con dignidad y alcanzar unos espacios en el pr\u00f3ximo Cabildo solidarense.<\/p>\n","protected":false},"excerpt":{"rendered":"<p>Ajuste de Cuentos \u00c1ngel Sol\u00eds Bastaron 15 d\u00edas de campa\u00f1a\u2014y hasta menos que eso\u2014 para que los solidarenses se dieran cuenta que los supuestos 16 o 18 puntos de \u201cventaja\u201d de la Verde candidata Estefan\u00eda Mercado Asencio son puro cuento y un negociazo para las casas encuestadoras y el intermediario <a href=\"https:\/\/angelsolisnoticias.com\/index.php\/2024\/05\/01\/la-verde-estefania-no-es-rival-para-lili-campos\/\" class=\"btn btn-link continue-link\">Seguir leyendo<\/a><\/p>\n","protected":false},"author":1,"featured_media":7067,"comment_status":"open","ping_status":"open","sticky":false,"template":"","format":"standard","meta":{"footnotes":""},"categories":[3,1],"tags":[],"class_list":["post-7065","post","type-post","status-publish","format-standard","has-post-thumbnail","hentry","category-principales","category-uncategorized"],"yoast_head":"<!-- This site is optimized with the Yoast SEO plugin v21.1 - https:\/\/yoast.com\/wordpress\/plugins\/seo\/ -->\n<title>La &quot;Verde&quot; Estefan\u00eda no es rival para Lili Campos<\/title>\n<meta name=\"description\" content=\"\u00c1ngel Sol\u00eds\" \/>\n<meta name=\"robots\" content=\"index, follow, max-snippet:-1, max-image-preview:large, max-video-preview:-1\" \/>\n<link rel=\"canonical\" href=\"https:\/\/angelsolisnoticias.com\/index.php\/2024\/05\/01\/la-verde-estefania-no-es-rival-para-lili-campos\/\" \/>\n<meta property=\"og:locale\" content=\"es_MX\" \/>\n<meta property=\"og:type\" content=\"article\" \/>\n<meta property=\"og:title\" content=\"La &quot;Verde&quot; Estefan\u00eda no es rival para Lili Campos\" \/>\n<meta property=\"og:description\" content=\"\u00c1ngel Sol\u00eds\" \/>\n<meta property=\"og:url\" content=\"https:\/\/angelsolisnoticias.com\/index.php\/2024\/05\/01\/la-verde-estefania-no-es-rival-para-lili-campos\/\" \/>\n<meta property=\"og:site_name\" content=\"\u00c1ngel Solis\" \/>\n<meta property=\"article:publisher\" content=\"https:\/\/www.facebook.com\/periodistasquintanaroo\" \/>\n<meta property=\"article:published_time\" content=\"2024-05-01T17:06:19+00:00\" \/>\n<meta property=\"article:modified_time\" content=\"2024-05-02T00:05:45+00:00\" \/>\n<meta property=\"og:image\" content=\"https:\/\/angelsolisnoticias.com\/wp-content\/uploads\/2024\/05\/Lili-Estefania33.jpg\" \/>\n\t<meta property=\"og:image:width\" content=\"800\" \/>\n\t<meta property=\"og:image:height\" content=\"569\" \/>\n\t<meta property=\"og:image:type\" content=\"image\/jpeg\" \/>\n<meta name=\"author\" content=\"admin\" \/>\n<meta name=\"twitter:card\" content=\"summary_large_image\" \/>\n<meta name=\"twitter:creator\" content=\"@PERIODISTASQROO\" \/>\n<meta name=\"twitter:site\" content=\"@PERIODISTASQROO\" \/>\n<meta name=\"twitter:label1\" content=\"Escrito por\" \/>\n\t<meta name=\"twitter:data1\" content=\"admin\" \/>\n\t<meta name=\"twitter:label2\" content=\"Tiempo de lectura\" \/>\n\t<meta name=\"twitter:data2\" content=\"4 minutos\" \/>\n<script type=\"application\/ld+json\" class=\"yoast-schema-graph\">{\"@context\":\"https:\/\/schema.org\",\"@graph\":[{\"@type\":\"Article\",\"@id\":\"https:\/\/angelsolisnoticias.com\/index.php\/2024\/05\/01\/la-verde-estefania-no-es-rival-para-lili-campos\/#article\",\"isPartOf\":{\"@id\":\"https:\/\/angelsolisnoticias.com\/index.php\/2024\/05\/01\/la-verde-estefania-no-es-rival-para-lili-campos\/\"},\"author\":{\"name\":\"admin\",\"@id\":\"https:\/\/angelsolisnoticias.com\/#\/schema\/person\/d5ca5e4c5f05db44e86cb564bf81ae6f\"},\"headline\":\"La &#8220;Verde&#8221; Estefan\u00eda no es rival para Lili Campos\",\"datePublished\":\"2024-05-01T17:06:19+00:00\",\"dateModified\":\"2024-05-02T00:05:45+00:00\",\"mainEntityOfPage\":{\"@id\":\"https:\/\/angelsolisnoticias.com\/index.php\/2024\/05\/01\/la-verde-estefania-no-es-rival-para-lili-campos\/\"},\"wordCount\":741,\"commentCount\":0,\"publisher\":{\"@id\":\"https:\/\/angelsolisnoticias.com\/#organization\"},\"articleSection\":[\"Principales\",\"Uncategorized\"],\"inLanguage\":\"es\",\"potentialAction\":[{\"@type\":\"CommentAction\",\"name\":\"Comment\",\"target\":[\"https:\/\/angelsolisnoticias.com\/index.php\/2024\/05\/01\/la-verde-estefania-no-es-rival-para-lili-campos\/#respond\"]}]},{\"@type\":\"WebPage\",\"@id\":\"https:\/\/angelsolisnoticias.com\/index.php\/2024\/05\/01\/la-verde-estefania-no-es-rival-para-lili-campos\/\",\"url\":\"https:\/\/angelsolisnoticias.com\/index.php\/2024\/05\/01\/la-verde-estefania-no-es-rival-para-lili-campos\/\",\"name\":\"La \\\"Verde\\\" Estefan\u00eda no es rival para Lili Campos\",\"isPartOf\":{\"@id\":\"https:\/\/angelsolisnoticias.com\/#website\"},\"datePublished\":\"2024-05-01T17:06:19+00:00\",\"dateModified\":\"2024-05-02T00:05:45+00:00\",\"description\":\"\u00c1ngel Sol\u00eds\",\"breadcrumb\":{\"@id\":\"https:\/\/angelsolisnoticias.com\/index.php\/2024\/05\/01\/la-verde-estefania-no-es-rival-para-lili-campos\/#breadcrumb\"},\"inLanguage\":\"es\",\"potentialAction\":[{\"@type\":\"ReadAction\",\"target\":[\"https:\/\/angelsolisnoticias.com\/index.php\/2024\/05\/01\/la-verde-estefania-no-es-rival-para-lili-campos\/\"]}]},{\"@type\":\"BreadcrumbList\",\"@id\":\"https:\/\/angelsolisnoticias.com\/index.php\/2024\/05\/01\/la-verde-estefania-no-es-rival-para-lili-campos\/#breadcrumb\",\"itemListElement\":[{\"@type\":\"ListItem\",\"position\":1,\"name\":\"Inicio\",\"item\":\"https:\/\/angelsolisnoticias.com\/\"},{\"@type\":\"ListItem\",\"position\":2,\"name\":\"La &#8220;Verde&#8221; Estefan\u00eda no es rival para Lili Campos\"}]},{\"@type\":\"WebSite\",\"@id\":\"https:\/\/angelsolisnoticias.com\/#website\",\"url\":\"https:\/\/angelsolisnoticias.com\/\",\"name\":\"\u00c1ngel Solis\",\"description\":\"Noticias de Quintana Roo\",\"publisher\":{\"@id\":\"https:\/\/angelsolisnoticias.com\/#organization\"},\"potentialAction\":[{\"@type\":\"SearchAction\",\"target\":{\"@type\":\"EntryPoint\",\"urlTemplate\":\"https:\/\/angelsolisnoticias.com\/?s={search_term_string}\"},\"query-input\":\"required name=search_term_string\"}],\"inLanguage\":\"es\"},{\"@type\":\"Organization\",\"@id\":\"https:\/\/angelsolisnoticias.com\/#organization\",\"name\":\"\u00c1ngel Solis\",\"url\":\"https:\/\/angelsolisnoticias.com\/\",\"logo\":{\"@type\":\"ImageObject\",\"inLanguage\":\"es\",\"@id\":\"https:\/\/angelsolisnoticias.com\/#\/schema\/logo\/image\/\",\"url\":\"https:\/\/angelsolisnoticias.com\/wp-content\/uploads\/2023\/01\/LOGO3.png\",\"contentUrl\":\"https:\/\/angelsolisnoticias.com\/wp-content\/uploads\/2023\/01\/LOGO3.png\",\"width\":1853,\"height\":570,\"caption\":\"\u00c1ngel Solis\"},\"image\":{\"@id\":\"https:\/\/angelsolisnoticias.com\/#\/schema\/logo\/image\/\"},\"sameAs\":[\"https:\/\/www.facebook.com\/periodistasquintanaroo\",\"https:\/\/twitter.com\/PERIODISTASQROO\"]},{\"@type\":\"Person\",\"@id\":\"https:\/\/angelsolisnoticias.com\/#\/schema\/person\/d5ca5e4c5f05db44e86cb564bf81ae6f\",\"name\":\"admin\",\"image\":{\"@type\":\"ImageObject\",\"inLanguage\":\"es\",\"@id\":\"https:\/\/angelsolisnoticias.com\/#\/schema\/person\/image\/\",\"url\":\"https:\/\/secure.gravatar.com\/avatar\/dff3eaf7d33320066684ce268bff2bf90ce4f69456139b2d65d7796f64299e47?s=96&d=mm&r=g\",\"contentUrl\":\"https:\/\/secure.gravatar.com\/avatar\/dff3eaf7d33320066684ce268bff2bf90ce4f69456139b2d65d7796f64299e47?s=96&d=mm&r=g\",\"caption\":\"admin\"},\"sameAs\":[\"https:\/\/angelsolisnoticias.com\"],\"url\":\"https:\/\/angelsolisnoticias.com\/index.php\/author\/admin_qnbaat5l\/\"}]}<\/script>\n<!-- \/ Yoast SEO plugin. -->","yoast_head_json":{"title":"La \"Verde\" Estefan\u00eda no es rival para Lili Campos","description":"\u00c1ngel Sol\u00eds","robots":{"index":"index","follow":"follow","max-snippet":"max-snippet:-1","max-image-preview":"max-image-preview:large","max-video-preview":"max-video-preview:-1"},"canonical":"https:\/\/angelsolisnoticias.com\/index.php\/2024\/05\/01\/la-verde-estefania-no-es-rival-para-lili-campos\/","og_locale":"es_MX","og_type":"article","og_title":"La \"Verde\" Estefan\u00eda no es rival para Lili Campos","og_description":"\u00c1ngel Sol\u00eds","og_url":"https:\/\/angelsolisnoticias.com\/index.php\/2024\/05\/01\/la-verde-estefania-no-es-rival-para-lili-campos\/","og_site_name":"\u00c1ngel Solis","article_publisher":"https:\/\/www.facebook.com\/periodistasquintanaroo","article_published_time":"2024-05-01T17:06:19+00:00","article_modified_time":"2024-05-02T00:05:45+00:00","og_image":[{"width":800,"height":569,"url":"https:\/\/angelsolisnoticias.com\/wp-content\/uploads\/2024\/05\/Lili-Estefania33.jpg","type":"image\/jpeg"}],"author":"admin","twitter_card":"summary_large_image","twitter_creator":"@PERIODISTASQROO","twitter_site":"@PERIODISTASQROO","twitter_misc":{"Escrito por":"admin","Tiempo de lectura":"4 minutos"},"schema":{"@context":"https:\/\/schema.org","@graph":[{"@type":"Article","@id":"https:\/\/angelsolisnoticias.com\/index.php\/2024\/05\/01\/la-verde-estefania-no-es-rival-para-lili-campos\/#article","isPartOf":{"@id":"https:\/\/angelsolisnoticias.com\/index.php\/2024\/05\/01\/la-verde-estefania-no-es-rival-para-lili-campos\/"},"author":{"name":"admin","@id":"https:\/\/angelsolisnoticias.com\/#\/schema\/person\/d5ca5e4c5f05db44e86cb564bf81ae6f"},"headline":"La &#8220;Verde&#8221; Estefan\u00eda no es rival para Lili Campos","datePublished":"2024-05-01T17:06:19+00:00","dateModified":"2024-05-02T00:05:45+00:00","mainEntityOfPage":{"@id":"https:\/\/angelsolisnoticias.com\/index.php\/2024\/05\/01\/la-verde-estefania-no-es-rival-para-lili-campos\/"},"wordCount":741,"commentCount":0,"publisher":{"@id":"https:\/\/angelsolisnoticias.com\/#organization"},"articleSection":["Principales","Uncategorized"],"inLanguage":"es","potentialAction":[{"@type":"CommentAction","name":"Comment","target":["https:\/\/angelsolisnoticias.com\/index.php\/2024\/05\/01\/la-verde-estefania-no-es-rival-para-lili-campos\/#respond"]}]},{"@type":"WebPage","@id":"https:\/\/angelsolisnoticias.com\/index.php\/2024\/05\/01\/la-verde-estefania-no-es-rival-para-lili-campos\/","url":"https:\/\/angelsolisnoticias.com\/index.php\/2024\/05\/01\/la-verde-estefania-no-es-rival-para-lili-campos\/","name":"La \"Verde\" Estefan\u00eda no es rival para Lili Campos","isPartOf":{"@id":"https:\/\/angelsolisnoticias.com\/#website"},"datePublished":"2024-05-01T17:06:19+00:00","dateModified":"2024-05-02T00:05:45+00:00","description":"\u00c1ngel Sol\u00eds","breadcrumb":{"@id":"https:\/\/angelsolisnoticias.com\/index.php\/2024\/05\/01\/la-verde-estefania-no-es-rival-para-lili-campos\/#breadcrumb"},"inLanguage":"es","potentialAction":[{"@type":"ReadAction","target":["https:\/\/angelsolisnoticias.com\/index.php\/2024\/05\/01\/la-verde-estefania-no-es-rival-para-lili-campos\/"]}]},{"@type":"BreadcrumbList","@id":"https:\/\/angelsolisnoticias.com\/index.php\/2024\/05\/01\/la-verde-estefania-no-es-rival-para-lili-campos\/#breadcrumb","itemListElement":[{"@type":"ListItem","position":1,"name":"Inicio","item":"https:\/\/angelsolisnoticias.com\/"},{"@type":"ListItem","position":2,"name":"La &#8220;Verde&#8221; Estefan\u00eda no es rival para Lili Campos"}]},{"@type":"WebSite","@id":"https:\/\/angelsolisnoticias.com\/#website","url":"https:\/\/angelsolisnoticias.com\/","name":"\u00c1ngel Solis","description":"Noticias de Quintana Roo","publisher":{"@id":"https:\/\/angelsolisnoticias.com\/#organization"},"potentialAction":[{"@type":"SearchAction","target":{"@type":"EntryPoint","urlTemplate":"https:\/\/angelsolisnoticias.com\/?s={search_term_string}"},"query-input":"required name=search_term_string"}],"inLanguage":"es"},{"@type":"Organization","@id":"https:\/\/angelsolisnoticias.com\/#organization","name":"\u00c1ngel Solis","url":"https:\/\/angelsolisnoticias.com\/","logo":{"@type":"ImageObject","inLanguage":"es","@id":"https:\/\/angelsolisnoticias.com\/#\/schema\/logo\/image\/","url":"https:\/\/angelsolisnoticias.com\/wp-content\/uploads\/2023\/01\/LOGO3.png","contentUrl":"https:\/\/angelsolisnoticias.com\/wp-content\/uploads\/2023\/01\/LOGO3.png","width":1853,"height":570,"caption":"\u00c1ngel Solis"},"image":{"@id":"https:\/\/angelsolisnoticias.com\/#\/schema\/logo\/image\/"},"sameAs":["https:\/\/www.facebook.com\/periodistasquintanaroo","https:\/\/twitter.com\/PERIODISTASQROO"]},{"@type":"Person","@id":"https:\/\/angelsolisnoticias.com\/#\/schema\/person\/d5ca5e4c5f05db44e86cb564bf81ae6f","name":"admin","image":{"@type":"ImageObject","inLanguage":"es","@id":"https:\/\/angelsolisnoticias.com\/#\/schema\/person\/image\/","url":"https:\/\/secure.gravatar.com\/avatar\/dff3eaf7d33320066684ce268bff2bf90ce4f69456139b2d65d7796f64299e47?s=96&d=mm&r=g","contentUrl":"https:\/\/secure.gravatar.com\/avatar\/dff3eaf7d33320066684ce268bff2bf90ce4f69456139b2d65d7796f64299e47?s=96&d=mm&r=g","caption":"admin"},"sameAs":["https:\/\/angelsolisnoticias.com"],"url":"https:\/\/angelsolisnoticias.com\/index.php\/author\/admin_qnbaat5l\/"}]}},"jetpack_featured_media_url":"https:\/\/angelsolisnoticias.com\/wp-content\/uploads\/2024\/05\/Lili-Estefania33.jpg","_links":{"self":[{"href":"https:\/\/angelsolisnoticias.com\/index.php\/wp-json\/wp\/v2\/posts\/7065","targetHints":{"allow":["GET"]}}],"collection":[{"href":"https:\/\/angelsolisnoticias.com\/index.php\/wp-json\/wp\/v2\/posts"}],"about":[{"href":"https:\/\/angelsolisnoticias.com\/index.php\/wp-json\/wp\/v2\/types\/post"}],"author":[{"embeddable":true,"href":"https:\/\/angelsolisnoticias.com\/index.php\/wp-json\/wp\/v2\/users\/1"}],"replies":[{"embeddable":true,"href":"https:\/\/angelsolisnoticias.com\/index.php\/wp-json\/wp\/v2\/comments?post=7065"}],"version-history":[{"count":4,"href":"https:\/\/angelsolisnoticias.com\/index.php\/wp-json\/wp\/v2\/posts\/7065\/revisions"}],"predecessor-version":[{"id":7071,"href":"https:\/\/angelsolisnoticias.com\/index.php\/wp-json\/wp\/v2\/posts\/7065\/revisions\/7071"}],"wp:featuredmedia":[{"embeddable":true,"href":"https:\/\/angelsolisnoticias.com\/index.php\/wp-json\/wp\/v2\/media\/7067"}],"wp:attachment":[{"href":"https:\/\/angelsolisnoticias.com\/index.php\/wp-json\/wp\/v2\/media?parent=7065"}],"wp:term":[{"taxonomy":"category","embeddable":true,"href":"https:\/\/angelsolisnoticias.com\/index.php\/wp-json\/wp\/v2\/categories?post=7065"},{"taxonomy":"post_tag","embeddable":true,"href":"https:\/\/angelsolisnoticias.com\/index.php\/wp-json\/wp\/v2\/tags?post=7065"}],"curies":[{"name":"wp","href":"https:\/\/api.w.org\/{rel}","templated":true}]}}