{"id":7122,"date":"2024-05-04T14:27:13","date_gmt":"2024-05-04T14:27:13","guid":{"rendered":"https:\/\/angelsolisnoticias.com\/?p=7122"},"modified":"2024-05-04T20:29:52","modified_gmt":"2024-05-04T20:29:52","slug":"familias-de-mayabalam-ya-tienen-certeza-juridica-de-su-propiedad","status":"publish","type":"post","link":"https:\/\/angelsolisnoticias.com\/index.php\/2024\/05\/04\/familias-de-mayabalam-ya-tienen-certeza-juridica-de-su-propiedad\/","title":{"rendered":"Familias de Mayabalam ya tienen certeza jur\u00eddica de su propiedad"},"content":{"rendered":"<p>Chetumal, 4 de mayo<br \/>\nEspecial<\/p>\n<p>Familias de la comunidad de Mayabalam recibieron 29 t\u00edtulos de propiedad sobre su patrimonio, lo que les da certeza jur\u00eddica despu\u00e9s de largos a\u00f1os de espera, adem\u00e1s que contribuye al crecimiento ordenado de esta comunidad.<\/p>\n<p>Adem\u00e1s de regularizar y titular los lotes en esta localidad, se contin\u00faa brindando asesor\u00edas en Kuchumat\u00e1n y San Isidro La Laguna en el municipio de Bacalar, Quintana Roo, con el objetivo de que se sumen a la regularizaci\u00f3n. Se estima que para agosto del 2024 se firmen los contratos y se entreguen los t\u00edtulos de propiedad en estas comunidades.<\/p>\n<p><img loading=\"lazy\" decoding=\"async\" class=\"aligncenter wp-image-7127 \" src=\"https:\/\/angelsolisnoticias.com\/wp-content\/uploads\/2024\/05\/Mara-habitantes-Mayabalam3.jpg\" alt=\"\" width=\"641\" height=\"427\" srcset=\"https:\/\/angelsolisnoticias.com\/wp-content\/uploads\/2024\/05\/Mara-habitantes-Mayabalam3.jpg 720w, https:\/\/angelsolisnoticias.com\/wp-content\/uploads\/2024\/05\/Mara-habitantes-Mayabalam3-300x200.jpg 300w\" sizes=\"auto, (max-width: 641px) 100vw, 641px\" \/><\/p>\n<p>La gobernadora Mara Lezama Espinosa, acompa\u00f1ada del director de la Agencia de Proyectos Estrat\u00e9gicos Alberto Alonso Ovando, hizo llegar los documentos a cada uno de los propietarios.<\/p>\n<p>De esta manera se consolida la seguridad patrimonial para las familias quintanarroenses. La entrega de t\u00edtulos brinda a las familias de la entidad, la certeza jur\u00eddica sobre sus bienes y les ofrece seguridad y estabilidad en su patrimonio, promoviendo as\u00ed un desarrollo m\u00e1s equitativo y sostenible en todo el estado.<\/p>\n<p><img loading=\"lazy\" decoding=\"async\" class=\"aligncenter wp-image-7125 \" src=\"https:\/\/angelsolisnoticias.com\/wp-content\/uploads\/2024\/05\/Mara-habitantes-Mayabalam4.jpg\" alt=\"\" width=\"651\" height=\"434\" srcset=\"https:\/\/angelsolisnoticias.com\/wp-content\/uploads\/2024\/05\/Mara-habitantes-Mayabalam4.jpg 720w, https:\/\/angelsolisnoticias.com\/wp-content\/uploads\/2024\/05\/Mara-habitantes-Mayabalam4-300x200.jpg 300w\" sizes=\"auto, (max-width: 651px) 100vw, 651px\" \/><\/p>\n<p>En la entrega tambi\u00e9n estuvieron presentes Ram\u00f3n Javier Padilla Balam, secretario general Ayuntamiento de Bacalar; Efra\u00edn L\u00f3pez Ramos delegado de Mayabalam y Diego Antonio Ramos presidente del Comit\u00e9 de Tierras de Mayabalam, as\u00ed como las familias que recibieron su t\u00edtulo de propiedad.<\/p>\n","protected":false},"excerpt":{"rendered":"<p>Chetumal, 4 de mayo Especial Familias de la comunidad de Mayabalam recibieron 29 t\u00edtulos de propiedad sobre su patrimonio, lo que les da certeza jur\u00eddica despu\u00e9s de largos a\u00f1os de espera, adem\u00e1s que contribuye al crecimiento ordenado de esta comunidad. Adem\u00e1s de regularizar y titular los lotes en esta localidad, <a href=\"https:\/\/angelsolisnoticias.com\/index.php\/2024\/05\/04\/familias-de-mayabalam-ya-tienen-certeza-juridica-de-su-propiedad\/\" class=\"btn btn-link continue-link\">Seguir leyendo<\/a><\/p>\n","protected":false},"author":1,"featured_media":7124,"comment_status":"open","ping_status":"open","sticky":false,"template":"","format":"standard","meta":{"footnotes":""},"categories":[1],"tags":[],"class_list":["post-7122","post","type-post","status-publish","format-standard","has-post-thumbnail","hentry","category-uncategorized"],"yoast_head":"<!-- This site is optimized with the Yoast SEO plugin v21.1 - https:\/\/yoast.com\/wordpress\/plugins\/seo\/ -->\n<title>Familias de Mayabalam ya tienen certeza jur\u00eddica de su propiedad<\/title>\n<meta name=\"description\" content=\".\" \/>\n<meta name=\"robots\" content=\"index, follow, max-snippet:-1, max-image-preview:large, max-video-preview:-1\" \/>\n<link rel=\"canonical\" href=\"https:\/\/angelsolisnoticias.com\/index.php\/2024\/05\/04\/familias-de-mayabalam-ya-tienen-certeza-juridica-de-su-propiedad\/\" \/>\n<meta property=\"og:locale\" content=\"es_MX\" \/>\n<meta property=\"og:type\" content=\"article\" \/>\n<meta property=\"og:title\" content=\"Familias de Mayabalam ya tienen certeza jur\u00eddica de su propiedad\" \/>\n<meta property=\"og:description\" content=\".\" \/>\n<meta property=\"og:url\" content=\"https:\/\/angelsolisnoticias.com\/index.php\/2024\/05\/04\/familias-de-mayabalam-ya-tienen-certeza-juridica-de-su-propiedad\/\" \/>\n<meta property=\"og:site_name\" content=\"\u00c1ngel Solis\" \/>\n<meta property=\"article:publisher\" content=\"https:\/\/www.facebook.com\/periodistasquintanaroo\" \/>\n<meta property=\"article:published_time\" content=\"2024-05-04T14:27:13+00:00\" \/>\n<meta property=\"article:modified_time\" content=\"2024-05-04T20:29:52+00:00\" \/>\n<meta property=\"og:image\" content=\"https:\/\/angelsolisnoticias.com\/wp-content\/uploads\/2024\/05\/Mara-habitantes-Mayabalam5.jpg\" \/>\n\t<meta property=\"og:image:width\" content=\"800\" \/>\n\t<meta property=\"og:image:height\" content=\"569\" \/>\n\t<meta property=\"og:image:type\" content=\"image\/jpeg\" \/>\n<meta name=\"author\" content=\"admin\" \/>\n<meta name=\"twitter:card\" content=\"summary_large_image\" \/>\n<meta name=\"twitter:creator\" content=\"@PERIODISTASQROO\" \/>\n<meta name=\"twitter:site\" content=\"@PERIODISTASQROO\" \/>\n<meta name=\"twitter:label1\" content=\"Escrito por\" \/>\n\t<meta name=\"twitter:data1\" content=\"admin\" \/>\n\t<meta name=\"twitter:label2\" content=\"Tiempo de lectura\" \/>\n\t<meta name=\"twitter:data2\" content=\"2 minutos\" \/>\n<script type=\"application\/ld+json\" class=\"yoast-schema-graph\">{\"@context\":\"https:\/\/schema.org\",\"@graph\":[{\"@type\":\"Article\",\"@id\":\"https:\/\/angelsolisnoticias.com\/index.php\/2024\/05\/04\/familias-de-mayabalam-ya-tienen-certeza-juridica-de-su-propiedad\/#article\",\"isPartOf\":{\"@id\":\"https:\/\/angelsolisnoticias.com\/index.php\/2024\/05\/04\/familias-de-mayabalam-ya-tienen-certeza-juridica-de-su-propiedad\/\"},\"author\":{\"name\":\"admin\",\"@id\":\"https:\/\/angelsolisnoticias.com\/#\/schema\/person\/d5ca5e4c5f05db44e86cb564bf81ae6f\"},\"headline\":\"Familias de Mayabalam ya tienen certeza jur\u00eddica de su propiedad\",\"datePublished\":\"2024-05-04T14:27:13+00:00\",\"dateModified\":\"2024-05-04T20:29:52+00:00\",\"mainEntityOfPage\":{\"@id\":\"https:\/\/angelsolisnoticias.com\/index.php\/2024\/05\/04\/familias-de-mayabalam-ya-tienen-certeza-juridica-de-su-propiedad\/\"},\"wordCount\":247,\"commentCount\":0,\"publisher\":{\"@id\":\"https:\/\/angelsolisnoticias.com\/#organization\"},\"articleSection\":[\"Uncategorized\"],\"inLanguage\":\"es\",\"potentialAction\":[{\"@type\":\"CommentAction\",\"name\":\"Comment\",\"target\":[\"https:\/\/angelsolisnoticias.com\/index.php\/2024\/05\/04\/familias-de-mayabalam-ya-tienen-certeza-juridica-de-su-propiedad\/#respond\"]}]},{\"@type\":\"WebPage\",\"@id\":\"https:\/\/angelsolisnoticias.com\/index.php\/2024\/05\/04\/familias-de-mayabalam-ya-tienen-certeza-juridica-de-su-propiedad\/\",\"url\":\"https:\/\/angelsolisnoticias.com\/index.php\/2024\/05\/04\/familias-de-mayabalam-ya-tienen-certeza-juridica-de-su-propiedad\/\",\"name\":\"Familias de Mayabalam ya tienen certeza jur\u00eddica de su propiedad\",\"isPartOf\":{\"@id\":\"https:\/\/angelsolisnoticias.com\/#website\"},\"datePublished\":\"2024-05-04T14:27:13+00:00\",\"dateModified\":\"2024-05-04T20:29:52+00:00\",\"description\":\".\",\"breadcrumb\":{\"@id\":\"https:\/\/angelsolisnoticias.com\/index.php\/2024\/05\/04\/familias-de-mayabalam-ya-tienen-certeza-juridica-de-su-propiedad\/#breadcrumb\"},\"inLanguage\":\"es\",\"potentialAction\":[{\"@type\":\"ReadAction\",\"target\":[\"https:\/\/angelsolisnoticias.com\/index.php\/2024\/05\/04\/familias-de-mayabalam-ya-tienen-certeza-juridica-de-su-propiedad\/\"]}]},{\"@type\":\"BreadcrumbList\",\"@id\":\"https:\/\/angelsolisnoticias.com\/index.php\/2024\/05\/04\/familias-de-mayabalam-ya-tienen-certeza-juridica-de-su-propiedad\/#breadcrumb\",\"itemListElement\":[{\"@type\":\"ListItem\",\"position\":1,\"name\":\"Inicio\",\"item\":\"https:\/\/angelsolisnoticias.com\/\"},{\"@type\":\"ListItem\",\"position\":2,\"name\":\"Familias de Mayabalam ya tienen certeza jur\u00eddica de su propiedad\"}]},{\"@type\":\"WebSite\",\"@id\":\"https:\/\/angelsolisnoticias.com\/#website\",\"url\":\"https:\/\/angelsolisnoticias.com\/\",\"name\":\"\u00c1ngel Solis\",\"description\":\"Noticias de Quintana Roo\",\"publisher\":{\"@id\":\"https:\/\/angelsolisnoticias.com\/#organization\"},\"potentialAction\":[{\"@type\":\"SearchAction\",\"target\":{\"@type\":\"EntryPoint\",\"urlTemplate\":\"https:\/\/angelsolisnoticias.com\/?s={search_term_string}\"},\"query-input\":\"required name=search_term_string\"}],\"inLanguage\":\"es\"},{\"@type\":\"Organization\",\"@id\":\"https:\/\/angelsolisnoticias.com\/#organization\",\"name\":\"\u00c1ngel Solis\",\"url\":\"https:\/\/angelsolisnoticias.com\/\",\"logo\":{\"@type\":\"ImageObject\",\"inLanguage\":\"es\",\"@id\":\"https:\/\/angelsolisnoticias.com\/#\/schema\/logo\/image\/\",\"url\":\"https:\/\/angelsolisnoticias.com\/wp-content\/uploads\/2023\/01\/LOGO3.png\",\"contentUrl\":\"https:\/\/angelsolisnoticias.com\/wp-content\/uploads\/2023\/01\/LOGO3.png\",\"width\":1853,\"height\":570,\"caption\":\"\u00c1ngel Solis\"},\"image\":{\"@id\":\"https:\/\/angelsolisnoticias.com\/#\/schema\/logo\/image\/\"},\"sameAs\":[\"https:\/\/www.facebook.com\/periodistasquintanaroo\",\"https:\/\/twitter.com\/PERIODISTASQROO\"]},{\"@type\":\"Person\",\"@id\":\"https:\/\/angelsolisnoticias.com\/#\/schema\/person\/d5ca5e4c5f05db44e86cb564bf81ae6f\",\"name\":\"admin\",\"image\":{\"@type\":\"ImageObject\",\"inLanguage\":\"es\",\"@id\":\"https:\/\/angelsolisnoticias.com\/#\/schema\/person\/image\/\",\"url\":\"https:\/\/secure.gravatar.com\/avatar\/dff3eaf7d33320066684ce268bff2bf90ce4f69456139b2d65d7796f64299e47?s=96&d=mm&r=g\",\"contentUrl\":\"https:\/\/secure.gravatar.com\/avatar\/dff3eaf7d33320066684ce268bff2bf90ce4f69456139b2d65d7796f64299e47?s=96&d=mm&r=g\",\"caption\":\"admin\"},\"sameAs\":[\"https:\/\/angelsolisnoticias.com\"],\"url\":\"https:\/\/angelsolisnoticias.com\/index.php\/author\/admin_qnbaat5l\/\"}]}<\/script>\n<!-- \/ Yoast SEO plugin. -->","yoast_head_json":{"title":"Familias de Mayabalam ya tienen certeza jur\u00eddica de su propiedad","description":".","robots":{"index":"index","follow":"follow","max-snippet":"max-snippet:-1","max-image-preview":"max-image-preview:large","max-video-preview":"max-video-preview:-1"},"canonical":"https:\/\/angelsolisnoticias.com\/index.php\/2024\/05\/04\/familias-de-mayabalam-ya-tienen-certeza-juridica-de-su-propiedad\/","og_locale":"es_MX","og_type":"article","og_title":"Familias de Mayabalam ya tienen certeza jur\u00eddica de su propiedad","og_description":".","og_url":"https:\/\/angelsolisnoticias.com\/index.php\/2024\/05\/04\/familias-de-mayabalam-ya-tienen-certeza-juridica-de-su-propiedad\/","og_site_name":"\u00c1ngel Solis","article_publisher":"https:\/\/www.facebook.com\/periodistasquintanaroo","article_published_time":"2024-05-04T14:27:13+00:00","article_modified_time":"2024-05-04T20:29:52+00:00","og_image":[{"width":800,"height":569,"url":"https:\/\/angelsolisnoticias.com\/wp-content\/uploads\/2024\/05\/Mara-habitantes-Mayabalam5.jpg","type":"image\/jpeg"}],"author":"admin","twitter_card":"summary_large_image","twitter_creator":"@PERIODISTASQROO","twitter_site":"@PERIODISTASQROO","twitter_misc":{"Escrito por":"admin","Tiempo de lectura":"2 minutos"},"schema":{"@context":"https:\/\/schema.org","@graph":[{"@type":"Article","@id":"https:\/\/angelsolisnoticias.com\/index.php\/2024\/05\/04\/familias-de-mayabalam-ya-tienen-certeza-juridica-de-su-propiedad\/#article","isPartOf":{"@id":"https:\/\/angelsolisnoticias.com\/index.php\/2024\/05\/04\/familias-de-mayabalam-ya-tienen-certeza-juridica-de-su-propiedad\/"},"author":{"name":"admin","@id":"https:\/\/angelsolisnoticias.com\/#\/schema\/person\/d5ca5e4c5f05db44e86cb564bf81ae6f"},"headline":"Familias de Mayabalam ya tienen certeza jur\u00eddica de su propiedad","datePublished":"2024-05-04T14:27:13+00:00","dateModified":"2024-05-04T20:29:52+00:00","mainEntityOfPage":{"@id":"https:\/\/angelsolisnoticias.com\/index.php\/2024\/05\/04\/familias-de-mayabalam-ya-tienen-certeza-juridica-de-su-propiedad\/"},"wordCount":247,"commentCount":0,"publisher":{"@id":"https:\/\/angelsolisnoticias.com\/#organization"},"articleSection":["Uncategorized"],"inLanguage":"es","potentialAction":[{"@type":"CommentAction","name":"Comment","target":["https:\/\/angelsolisnoticias.com\/index.php\/2024\/05\/04\/familias-de-mayabalam-ya-tienen-certeza-juridica-de-su-propiedad\/#respond"]}]},{"@type":"WebPage","@id":"https:\/\/angelsolisnoticias.com\/index.php\/2024\/05\/04\/familias-de-mayabalam-ya-tienen-certeza-juridica-de-su-propiedad\/","url":"https:\/\/angelsolisnoticias.com\/index.php\/2024\/05\/04\/familias-de-mayabalam-ya-tienen-certeza-juridica-de-su-propiedad\/","name":"Familias de Mayabalam ya tienen certeza jur\u00eddica de su propiedad","isPartOf":{"@id":"https:\/\/angelsolisnoticias.com\/#website"},"datePublished":"2024-05-04T14:27:13+00:00","dateModified":"2024-05-04T20:29:52+00:00","description":".","breadcrumb":{"@id":"https:\/\/angelsolisnoticias.com\/index.php\/2024\/05\/04\/familias-de-mayabalam-ya-tienen-certeza-juridica-de-su-propiedad\/#breadcrumb"},"inLanguage":"es","potentialAction":[{"@type":"ReadAction","target":["https:\/\/angelsolisnoticias.com\/index.php\/2024\/05\/04\/familias-de-mayabalam-ya-tienen-certeza-juridica-de-su-propiedad\/"]}]},{"@type":"BreadcrumbList","@id":"https:\/\/angelsolisnoticias.com\/index.php\/2024\/05\/04\/familias-de-mayabalam-ya-tienen-certeza-juridica-de-su-propiedad\/#breadcrumb","itemListElement":[{"@type":"ListItem","position":1,"name":"Inicio","item":"https:\/\/angelsolisnoticias.com\/"},{"@type":"ListItem","position":2,"name":"Familias de Mayabalam ya tienen certeza jur\u00eddica de su propiedad"}]},{"@type":"WebSite","@id":"https:\/\/angelsolisnoticias.com\/#website","url":"https:\/\/angelsolisnoticias.com\/","name":"\u00c1ngel Solis","description":"Noticias de Quintana Roo","publisher":{"@id":"https:\/\/angelsolisnoticias.com\/#organization"},"potentialAction":[{"@type":"SearchAction","target":{"@type":"EntryPoint","urlTemplate":"https:\/\/angelsolisnoticias.com\/?s={search_term_string}"},"query-input":"required name=search_term_string"}],"inLanguage":"es"},{"@type":"Organization","@id":"https:\/\/angelsolisnoticias.com\/#organization","name":"\u00c1ngel Solis","url":"https:\/\/angelsolisnoticias.com\/","logo":{"@type":"ImageObject","inLanguage":"es","@id":"https:\/\/angelsolisnoticias.com\/#\/schema\/logo\/image\/","url":"https:\/\/angelsolisnoticias.com\/wp-content\/uploads\/2023\/01\/LOGO3.png","contentUrl":"https:\/\/angelsolisnoticias.com\/wp-content\/uploads\/2023\/01\/LOGO3.png","width":1853,"height":570,"caption":"\u00c1ngel Solis"},"image":{"@id":"https:\/\/angelsolisnoticias.com\/#\/schema\/logo\/image\/"},"sameAs":["https:\/\/www.facebook.com\/periodistasquintanaroo","https:\/\/twitter.com\/PERIODISTASQROO"]},{"@type":"Person","@id":"https:\/\/angelsolisnoticias.com\/#\/schema\/person\/d5ca5e4c5f05db44e86cb564bf81ae6f","name":"admin","image":{"@type":"ImageObject","inLanguage":"es","@id":"https:\/\/angelsolisnoticias.com\/#\/schema\/person\/image\/","url":"https:\/\/secure.gravatar.com\/avatar\/dff3eaf7d33320066684ce268bff2bf90ce4f69456139b2d65d7796f64299e47?s=96&d=mm&r=g","contentUrl":"https:\/\/secure.gravatar.com\/avatar\/dff3eaf7d33320066684ce268bff2bf90ce4f69456139b2d65d7796f64299e47?s=96&d=mm&r=g","caption":"admin"},"sameAs":["https:\/\/angelsolisnoticias.com"],"url":"https:\/\/angelsolisnoticias.com\/index.php\/author\/admin_qnbaat5l\/"}]}},"jetpack_featured_media_url":"https:\/\/angelsolisnoticias.com\/wp-content\/uploads\/2024\/05\/Mara-habitantes-Mayabalam5.jpg","_links":{"self":[{"href":"https:\/\/angelsolisnoticias.com\/index.php\/wp-json\/wp\/v2\/posts\/7122","targetHints":{"allow":["GET"]}}],"collection":[{"href":"https:\/\/angelsolisnoticias.com\/index.php\/wp-json\/wp\/v2\/posts"}],"about":[{"href":"https:\/\/angelsolisnoticias.com\/index.php\/wp-json\/wp\/v2\/types\/post"}],"author":[{"embeddable":true,"href":"https:\/\/angelsolisnoticias.com\/index.php\/wp-json\/wp\/v2\/users\/1"}],"replies":[{"embeddable":true,"href":"https:\/\/angelsolisnoticias.com\/index.php\/wp-json\/wp\/v2\/comments?post=7122"}],"version-history":[{"count":3,"href":"https:\/\/angelsolisnoticias.com\/index.php\/wp-json\/wp\/v2\/posts\/7122\/revisions"}],"predecessor-version":[{"id":7129,"href":"https:\/\/angelsolisnoticias.com\/index.php\/wp-json\/wp\/v2\/posts\/7122\/revisions\/7129"}],"wp:featuredmedia":[{"embeddable":true,"href":"https:\/\/angelsolisnoticias.com\/index.php\/wp-json\/wp\/v2\/media\/7124"}],"wp:attachment":[{"href":"https:\/\/angelsolisnoticias.com\/index.php\/wp-json\/wp\/v2\/media?parent=7122"}],"wp:term":[{"taxonomy":"category","embeddable":true,"href":"https:\/\/angelsolisnoticias.com\/index.php\/wp-json\/wp\/v2\/categories?post=7122"},{"taxonomy":"post_tag","embeddable":true,"href":"https:\/\/angelsolisnoticias.com\/index.php\/wp-json\/wp\/v2\/tags?post=7122"}],"curies":[{"name":"wp","href":"https:\/\/api.w.org\/{rel}","templated":true}]}}