{"id":7305,"date":"2024-05-13T18:51:01","date_gmt":"2024-05-13T18:51:01","guid":{"rendered":"https:\/\/angelsolisnoticias.com\/?p=7305"},"modified":"2024-05-14T03:20:04","modified_gmt":"2024-05-14T03:20:04","slug":"invitan-a-adoptar-a-perros-rescatados-en-pro-de-la-salud-publica","status":"publish","type":"post","link":"https:\/\/angelsolisnoticias.com\/index.php\/2024\/05\/13\/invitan-a-adoptar-a-perros-rescatados-en-pro-de-la-salud-publica\/","title":{"rendered":"Invitan a adoptar a perros rescatados en pro de la salud p\u00fablica"},"content":{"rendered":"<p>Playa del Carmen, Solidaridad a\u00a0 13 de mayo del 2024<br \/>\nEspecial<\/p>\n<p>Se invita adoptar perros rescatados para contribuir positivamente a la salud p\u00fabica, beneficiando tambi\u00e9n a los 100 perros rescatados de situaciones de maltrato y abandono que actualmente alberga el Centro de Bienestar Animal Municipal (CEBIAM).<\/p>\n<p>La adopci\u00f3n de estos perros juega un papel crucial en el control de enfermedades zoon\u00f3ticas y en la promoci\u00f3n de la salud p\u00fablica en la comunidad. Al adoptar, se reduce la poblaci\u00f3n de perros callejeros, disminuyendo as\u00ed el riesgo de transmisi\u00f3n de enfermedades como la rabia y la leishmaniasis, que pueden afectar tanto a los animales como a los seres humanos.<\/p>\n<p><img loading=\"lazy\" decoding=\"async\" class=\"aligncenter wp-image-7309 \" src=\"https:\/\/angelsolisnoticias.com\/wp-content\/uploads\/2024\/05\/Solidaridad-Adopcion-canina6.jpg\" alt=\"\" width=\"609\" height=\"394\" \/><\/p>\n<p>El proceso de adopci\u00f3n se realiza siguiendo procedimientos oficiales y asegurando que los animales sean entregados con todas las vacunas al d\u00eda, esterilizados y sometidos a pruebas de detecci\u00f3n de enfermedades parasitarias. Adem\u00e1s, se brinda tratamiento preventivo contra pulgas, garrapatas y gusanos del coraz\u00f3n, protegiendo as\u00ed la salud de los perros adoptados y de sus futuras familias.<\/p>\n<p><img loading=\"lazy\" decoding=\"async\" class=\"aligncenter wp-image-7310 \" src=\"https:\/\/angelsolisnoticias.com\/wp-content\/uploads\/2024\/05\/Solidaridad-Adopcion-canina10.jpg\" alt=\"\" width=\"633\" height=\"418\" \/><\/p>\n<p>Se invita a todas las personas interesadas en adoptar a visitar las instalaciones del CEBIAM ubicado en la avenida 150 con calle 17 sur de la colonia Bellavista, de lunes a viernes de 9:00 a 12:00 horas. Asimismo, se hace un llamado a la ciudadan\u00eda para reportar cualquier situaci\u00f3n de maltrato o abandono animal. Se pueden comunicar mediante WhatsApp al 984 259 50 50. Para emergencias relacionadas con fauna silvestre, se debe contactar al n\u00famero de emergencia 911.<\/p>\n<p><img loading=\"lazy\" decoding=\"async\" class=\"aligncenter wp-image-7307 \" src=\"https:\/\/angelsolisnoticias.com\/wp-content\/uploads\/2024\/05\/Solidaridad-Adopcion-canina9.jpg\" alt=\"\" width=\"633\" height=\"417\" \/><\/p>\n","protected":false},"excerpt":{"rendered":"<p>Playa del Carmen, Solidaridad a\u00a0 13 de mayo del 2024 Especial Se invita adoptar perros rescatados para contribuir positivamente a la salud p\u00fabica, beneficiando tambi\u00e9n a los 100 perros rescatados de situaciones de maltrato y abandono que actualmente alberga el Centro de Bienestar Animal Municipal (CEBIAM). La adopci\u00f3n de estos <a href=\"https:\/\/angelsolisnoticias.com\/index.php\/2024\/05\/13\/invitan-a-adoptar-a-perros-rescatados-en-pro-de-la-salud-publica\/\" class=\"btn btn-link continue-link\">Seguir leyendo<\/a><\/p>\n","protected":false},"author":1,"featured_media":7308,"comment_status":"open","ping_status":"open","sticky":false,"template":"","format":"standard","meta":{"footnotes":""},"categories":[6,1],"tags":[],"class_list":["post-7305","post","type-post","status-publish","format-standard","has-post-thumbnail","hentry","category-solidaridad","category-uncategorized"],"yoast_head":"<!-- This site is optimized with the Yoast SEO plugin v21.1 - https:\/\/yoast.com\/wordpress\/plugins\/seo\/ -->\n<title>Invitan a adoptar a perros rescatados en pro de la salud p\u00fablica<\/title>\n<meta name=\"description\" content=\".\" \/>\n<meta name=\"robots\" content=\"index, follow, max-snippet:-1, max-image-preview:large, max-video-preview:-1\" \/>\n<link rel=\"canonical\" href=\"https:\/\/angelsolisnoticias.com\/index.php\/2024\/05\/13\/invitan-a-adoptar-a-perros-rescatados-en-pro-de-la-salud-publica\/\" \/>\n<meta property=\"og:locale\" content=\"es_MX\" \/>\n<meta property=\"og:type\" content=\"article\" \/>\n<meta property=\"og:title\" content=\"Invitan a adoptar a perros rescatados en pro de la salud p\u00fablica\" \/>\n<meta property=\"og:description\" content=\".\" \/>\n<meta property=\"og:url\" content=\"https:\/\/angelsolisnoticias.com\/index.php\/2024\/05\/13\/invitan-a-adoptar-a-perros-rescatados-en-pro-de-la-salud-publica\/\" \/>\n<meta property=\"og:site_name\" content=\"\u00c1ngel Solis\" \/>\n<meta property=\"article:publisher\" content=\"https:\/\/www.facebook.com\/periodistasquintanaroo\" \/>\n<meta property=\"article:published_time\" content=\"2024-05-13T18:51:01+00:00\" \/>\n<meta property=\"article:modified_time\" content=\"2024-05-14T03:20:04+00:00\" \/>\n<meta property=\"og:image\" content=\"https:\/\/angelsolisnoticias.com\/wp-content\/uploads\/2024\/05\/Solidaridad-Adopcion-canina8.jpg\" \/>\n\t<meta property=\"og:image:width\" content=\"800\" \/>\n\t<meta property=\"og:image:height\" content=\"569\" \/>\n\t<meta property=\"og:image:type\" content=\"image\/jpeg\" \/>\n<meta name=\"author\" content=\"admin\" \/>\n<meta name=\"twitter:card\" content=\"summary_large_image\" \/>\n<meta name=\"twitter:creator\" content=\"@PERIODISTASQROO\" \/>\n<meta name=\"twitter:site\" content=\"@PERIODISTASQROO\" \/>\n<meta name=\"twitter:label1\" content=\"Escrito por\" \/>\n\t<meta name=\"twitter:data1\" content=\"admin\" \/>\n\t<meta name=\"twitter:label2\" content=\"Tiempo de lectura\" \/>\n\t<meta name=\"twitter:data2\" content=\"2 minutos\" \/>\n<script type=\"application\/ld+json\" class=\"yoast-schema-graph\">{\"@context\":\"https:\/\/schema.org\",\"@graph\":[{\"@type\":\"Article\",\"@id\":\"https:\/\/angelsolisnoticias.com\/index.php\/2024\/05\/13\/invitan-a-adoptar-a-perros-rescatados-en-pro-de-la-salud-publica\/#article\",\"isPartOf\":{\"@id\":\"https:\/\/angelsolisnoticias.com\/index.php\/2024\/05\/13\/invitan-a-adoptar-a-perros-rescatados-en-pro-de-la-salud-publica\/\"},\"author\":{\"name\":\"admin\",\"@id\":\"https:\/\/angelsolisnoticias.com\/#\/schema\/person\/d5ca5e4c5f05db44e86cb564bf81ae6f\"},\"headline\":\"Invitan a adoptar a perros rescatados en pro de la salud p\u00fablica\",\"datePublished\":\"2024-05-13T18:51:01+00:00\",\"dateModified\":\"2024-05-14T03:20:04+00:00\",\"mainEntityOfPage\":{\"@id\":\"https:\/\/angelsolisnoticias.com\/index.php\/2024\/05\/13\/invitan-a-adoptar-a-perros-rescatados-en-pro-de-la-salud-publica\/\"},\"wordCount\":259,\"commentCount\":0,\"publisher\":{\"@id\":\"https:\/\/angelsolisnoticias.com\/#organization\"},\"articleSection\":[\"Solidaridad\",\"Uncategorized\"],\"inLanguage\":\"es\",\"potentialAction\":[{\"@type\":\"CommentAction\",\"name\":\"Comment\",\"target\":[\"https:\/\/angelsolisnoticias.com\/index.php\/2024\/05\/13\/invitan-a-adoptar-a-perros-rescatados-en-pro-de-la-salud-publica\/#respond\"]}]},{\"@type\":\"WebPage\",\"@id\":\"https:\/\/angelsolisnoticias.com\/index.php\/2024\/05\/13\/invitan-a-adoptar-a-perros-rescatados-en-pro-de-la-salud-publica\/\",\"url\":\"https:\/\/angelsolisnoticias.com\/index.php\/2024\/05\/13\/invitan-a-adoptar-a-perros-rescatados-en-pro-de-la-salud-publica\/\",\"name\":\"Invitan a adoptar a perros rescatados en pro de la salud p\u00fablica\",\"isPartOf\":{\"@id\":\"https:\/\/angelsolisnoticias.com\/#website\"},\"datePublished\":\"2024-05-13T18:51:01+00:00\",\"dateModified\":\"2024-05-14T03:20:04+00:00\",\"description\":\".\",\"breadcrumb\":{\"@id\":\"https:\/\/angelsolisnoticias.com\/index.php\/2024\/05\/13\/invitan-a-adoptar-a-perros-rescatados-en-pro-de-la-salud-publica\/#breadcrumb\"},\"inLanguage\":\"es\",\"potentialAction\":[{\"@type\":\"ReadAction\",\"target\":[\"https:\/\/angelsolisnoticias.com\/index.php\/2024\/05\/13\/invitan-a-adoptar-a-perros-rescatados-en-pro-de-la-salud-publica\/\"]}]},{\"@type\":\"BreadcrumbList\",\"@id\":\"https:\/\/angelsolisnoticias.com\/index.php\/2024\/05\/13\/invitan-a-adoptar-a-perros-rescatados-en-pro-de-la-salud-publica\/#breadcrumb\",\"itemListElement\":[{\"@type\":\"ListItem\",\"position\":1,\"name\":\"Inicio\",\"item\":\"https:\/\/angelsolisnoticias.com\/\"},{\"@type\":\"ListItem\",\"position\":2,\"name\":\"Invitan a adoptar a perros rescatados en pro de la salud p\u00fablica\"}]},{\"@type\":\"WebSite\",\"@id\":\"https:\/\/angelsolisnoticias.com\/#website\",\"url\":\"https:\/\/angelsolisnoticias.com\/\",\"name\":\"\u00c1ngel Solis\",\"description\":\"Noticias de Quintana Roo\",\"publisher\":{\"@id\":\"https:\/\/angelsolisnoticias.com\/#organization\"},\"potentialAction\":[{\"@type\":\"SearchAction\",\"target\":{\"@type\":\"EntryPoint\",\"urlTemplate\":\"https:\/\/angelsolisnoticias.com\/?s={search_term_string}\"},\"query-input\":\"required name=search_term_string\"}],\"inLanguage\":\"es\"},{\"@type\":\"Organization\",\"@id\":\"https:\/\/angelsolisnoticias.com\/#organization\",\"name\":\"\u00c1ngel Solis\",\"url\":\"https:\/\/angelsolisnoticias.com\/\",\"logo\":{\"@type\":\"ImageObject\",\"inLanguage\":\"es\",\"@id\":\"https:\/\/angelsolisnoticias.com\/#\/schema\/logo\/image\/\",\"url\":\"https:\/\/angelsolisnoticias.com\/wp-content\/uploads\/2023\/01\/LOGO3.png\",\"contentUrl\":\"https:\/\/angelsolisnoticias.com\/wp-content\/uploads\/2023\/01\/LOGO3.png\",\"width\":1853,\"height\":570,\"caption\":\"\u00c1ngel Solis\"},\"image\":{\"@id\":\"https:\/\/angelsolisnoticias.com\/#\/schema\/logo\/image\/\"},\"sameAs\":[\"https:\/\/www.facebook.com\/periodistasquintanaroo\",\"https:\/\/twitter.com\/PERIODISTASQROO\"]},{\"@type\":\"Person\",\"@id\":\"https:\/\/angelsolisnoticias.com\/#\/schema\/person\/d5ca5e4c5f05db44e86cb564bf81ae6f\",\"name\":\"admin\",\"image\":{\"@type\":\"ImageObject\",\"inLanguage\":\"es\",\"@id\":\"https:\/\/angelsolisnoticias.com\/#\/schema\/person\/image\/\",\"url\":\"https:\/\/secure.gravatar.com\/avatar\/dff3eaf7d33320066684ce268bff2bf90ce4f69456139b2d65d7796f64299e47?s=96&d=mm&r=g\",\"contentUrl\":\"https:\/\/secure.gravatar.com\/avatar\/dff3eaf7d33320066684ce268bff2bf90ce4f69456139b2d65d7796f64299e47?s=96&d=mm&r=g\",\"caption\":\"admin\"},\"sameAs\":[\"https:\/\/angelsolisnoticias.com\"],\"url\":\"https:\/\/angelsolisnoticias.com\/index.php\/author\/admin_qnbaat5l\/\"}]}<\/script>\n<!-- \/ Yoast SEO plugin. -->","yoast_head_json":{"title":"Invitan a adoptar a perros rescatados en pro de la salud p\u00fablica","description":".","robots":{"index":"index","follow":"follow","max-snippet":"max-snippet:-1","max-image-preview":"max-image-preview:large","max-video-preview":"max-video-preview:-1"},"canonical":"https:\/\/angelsolisnoticias.com\/index.php\/2024\/05\/13\/invitan-a-adoptar-a-perros-rescatados-en-pro-de-la-salud-publica\/","og_locale":"es_MX","og_type":"article","og_title":"Invitan a adoptar a perros rescatados en pro de la salud p\u00fablica","og_description":".","og_url":"https:\/\/angelsolisnoticias.com\/index.php\/2024\/05\/13\/invitan-a-adoptar-a-perros-rescatados-en-pro-de-la-salud-publica\/","og_site_name":"\u00c1ngel Solis","article_publisher":"https:\/\/www.facebook.com\/periodistasquintanaroo","article_published_time":"2024-05-13T18:51:01+00:00","article_modified_time":"2024-05-14T03:20:04+00:00","og_image":[{"width":800,"height":569,"url":"https:\/\/angelsolisnoticias.com\/wp-content\/uploads\/2024\/05\/Solidaridad-Adopcion-canina8.jpg","type":"image\/jpeg"}],"author":"admin","twitter_card":"summary_large_image","twitter_creator":"@PERIODISTASQROO","twitter_site":"@PERIODISTASQROO","twitter_misc":{"Escrito por":"admin","Tiempo de lectura":"2 minutos"},"schema":{"@context":"https:\/\/schema.org","@graph":[{"@type":"Article","@id":"https:\/\/angelsolisnoticias.com\/index.php\/2024\/05\/13\/invitan-a-adoptar-a-perros-rescatados-en-pro-de-la-salud-publica\/#article","isPartOf":{"@id":"https:\/\/angelsolisnoticias.com\/index.php\/2024\/05\/13\/invitan-a-adoptar-a-perros-rescatados-en-pro-de-la-salud-publica\/"},"author":{"name":"admin","@id":"https:\/\/angelsolisnoticias.com\/#\/schema\/person\/d5ca5e4c5f05db44e86cb564bf81ae6f"},"headline":"Invitan a adoptar a perros rescatados en pro de la salud p\u00fablica","datePublished":"2024-05-13T18:51:01+00:00","dateModified":"2024-05-14T03:20:04+00:00","mainEntityOfPage":{"@id":"https:\/\/angelsolisnoticias.com\/index.php\/2024\/05\/13\/invitan-a-adoptar-a-perros-rescatados-en-pro-de-la-salud-publica\/"},"wordCount":259,"commentCount":0,"publisher":{"@id":"https:\/\/angelsolisnoticias.com\/#organization"},"articleSection":["Solidaridad","Uncategorized"],"inLanguage":"es","potentialAction":[{"@type":"CommentAction","name":"Comment","target":["https:\/\/angelsolisnoticias.com\/index.php\/2024\/05\/13\/invitan-a-adoptar-a-perros-rescatados-en-pro-de-la-salud-publica\/#respond"]}]},{"@type":"WebPage","@id":"https:\/\/angelsolisnoticias.com\/index.php\/2024\/05\/13\/invitan-a-adoptar-a-perros-rescatados-en-pro-de-la-salud-publica\/","url":"https:\/\/angelsolisnoticias.com\/index.php\/2024\/05\/13\/invitan-a-adoptar-a-perros-rescatados-en-pro-de-la-salud-publica\/","name":"Invitan a adoptar a perros rescatados en pro de la salud p\u00fablica","isPartOf":{"@id":"https:\/\/angelsolisnoticias.com\/#website"},"datePublished":"2024-05-13T18:51:01+00:00","dateModified":"2024-05-14T03:20:04+00:00","description":".","breadcrumb":{"@id":"https:\/\/angelsolisnoticias.com\/index.php\/2024\/05\/13\/invitan-a-adoptar-a-perros-rescatados-en-pro-de-la-salud-publica\/#breadcrumb"},"inLanguage":"es","potentialAction":[{"@type":"ReadAction","target":["https:\/\/angelsolisnoticias.com\/index.php\/2024\/05\/13\/invitan-a-adoptar-a-perros-rescatados-en-pro-de-la-salud-publica\/"]}]},{"@type":"BreadcrumbList","@id":"https:\/\/angelsolisnoticias.com\/index.php\/2024\/05\/13\/invitan-a-adoptar-a-perros-rescatados-en-pro-de-la-salud-publica\/#breadcrumb","itemListElement":[{"@type":"ListItem","position":1,"name":"Inicio","item":"https:\/\/angelsolisnoticias.com\/"},{"@type":"ListItem","position":2,"name":"Invitan a adoptar a perros rescatados en pro de la salud p\u00fablica"}]},{"@type":"WebSite","@id":"https:\/\/angelsolisnoticias.com\/#website","url":"https:\/\/angelsolisnoticias.com\/","name":"\u00c1ngel Solis","description":"Noticias de Quintana Roo","publisher":{"@id":"https:\/\/angelsolisnoticias.com\/#organization"},"potentialAction":[{"@type":"SearchAction","target":{"@type":"EntryPoint","urlTemplate":"https:\/\/angelsolisnoticias.com\/?s={search_term_string}"},"query-input":"required name=search_term_string"}],"inLanguage":"es"},{"@type":"Organization","@id":"https:\/\/angelsolisnoticias.com\/#organization","name":"\u00c1ngel Solis","url":"https:\/\/angelsolisnoticias.com\/","logo":{"@type":"ImageObject","inLanguage":"es","@id":"https:\/\/angelsolisnoticias.com\/#\/schema\/logo\/image\/","url":"https:\/\/angelsolisnoticias.com\/wp-content\/uploads\/2023\/01\/LOGO3.png","contentUrl":"https:\/\/angelsolisnoticias.com\/wp-content\/uploads\/2023\/01\/LOGO3.png","width":1853,"height":570,"caption":"\u00c1ngel Solis"},"image":{"@id":"https:\/\/angelsolisnoticias.com\/#\/schema\/logo\/image\/"},"sameAs":["https:\/\/www.facebook.com\/periodistasquintanaroo","https:\/\/twitter.com\/PERIODISTASQROO"]},{"@type":"Person","@id":"https:\/\/angelsolisnoticias.com\/#\/schema\/person\/d5ca5e4c5f05db44e86cb564bf81ae6f","name":"admin","image":{"@type":"ImageObject","inLanguage":"es","@id":"https:\/\/angelsolisnoticias.com\/#\/schema\/person\/image\/","url":"https:\/\/secure.gravatar.com\/avatar\/dff3eaf7d33320066684ce268bff2bf90ce4f69456139b2d65d7796f64299e47?s=96&d=mm&r=g","contentUrl":"https:\/\/secure.gravatar.com\/avatar\/dff3eaf7d33320066684ce268bff2bf90ce4f69456139b2d65d7796f64299e47?s=96&d=mm&r=g","caption":"admin"},"sameAs":["https:\/\/angelsolisnoticias.com"],"url":"https:\/\/angelsolisnoticias.com\/index.php\/author\/admin_qnbaat5l\/"}]}},"jetpack_featured_media_url":"https:\/\/angelsolisnoticias.com\/wp-content\/uploads\/2024\/05\/Solidaridad-Adopcion-canina8.jpg","_links":{"self":[{"href":"https:\/\/angelsolisnoticias.com\/index.php\/wp-json\/wp\/v2\/posts\/7305","targetHints":{"allow":["GET"]}}],"collection":[{"href":"https:\/\/angelsolisnoticias.com\/index.php\/wp-json\/wp\/v2\/posts"}],"about":[{"href":"https:\/\/angelsolisnoticias.com\/index.php\/wp-json\/wp\/v2\/types\/post"}],"author":[{"embeddable":true,"href":"https:\/\/angelsolisnoticias.com\/index.php\/wp-json\/wp\/v2\/users\/1"}],"replies":[{"embeddable":true,"href":"https:\/\/angelsolisnoticias.com\/index.php\/wp-json\/wp\/v2\/comments?post=7305"}],"version-history":[{"count":3,"href":"https:\/\/angelsolisnoticias.com\/index.php\/wp-json\/wp\/v2\/posts\/7305\/revisions"}],"predecessor-version":[{"id":7312,"href":"https:\/\/angelsolisnoticias.com\/index.php\/wp-json\/wp\/v2\/posts\/7305\/revisions\/7312"}],"wp:featuredmedia":[{"embeddable":true,"href":"https:\/\/angelsolisnoticias.com\/index.php\/wp-json\/wp\/v2\/media\/7308"}],"wp:attachment":[{"href":"https:\/\/angelsolisnoticias.com\/index.php\/wp-json\/wp\/v2\/media?parent=7305"}],"wp:term":[{"taxonomy":"category","embeddable":true,"href":"https:\/\/angelsolisnoticias.com\/index.php\/wp-json\/wp\/v2\/categories?post=7305"},{"taxonomy":"post_tag","embeddable":true,"href":"https:\/\/angelsolisnoticias.com\/index.php\/wp-json\/wp\/v2\/tags?post=7305"}],"curies":[{"name":"wp","href":"https:\/\/api.w.org\/{rel}","templated":true}]}}