{"id":7567,"date":"2024-05-29T16:12:37","date_gmt":"2024-05-29T16:12:37","guid":{"rendered":"https:\/\/angelsolisnoticias.com\/?p=7567"},"modified":"2024-05-29T23:42:00","modified_gmt":"2024-05-29T23:42:00","slug":"invitan-al-primer-foro-juvenil-de-solidaridad","status":"publish","type":"post","link":"https:\/\/angelsolisnoticias.com\/index.php\/2024\/05\/29\/invitan-al-primer-foro-juvenil-de-solidaridad\/","title":{"rendered":"Invitan al Primer Foro Juvenil de Solidaridad"},"content":{"rendered":"<p>Playa del Carmen, Solidaridad a 29 de mayo del 2024<br \/>\nEspecial<\/p>\n<p>Se invita a todas y todos los j\u00f3venes de Solidaridad al \u201cPrimer Foro Juvenil\u201d, que se llevar\u00e1 a cabo el 27 y 28 de junio de 9 de la ma\u00f1ana a 9 de la noche, en el Poliforum de la Unidad Deportiva Playa del Carmen. El evento gratuito contar\u00e1 con la participaci\u00f3n de conferencistas de talla internacional como Yordi Rosado, Martha Higareda, Roberto Mart\u00ednez, Farid Dieck y Marco Antonio Regil, entre otros.<\/p>\n<p>A lo largo de los dos d\u00edas, diez conferencistas compartir\u00e1n sus experiencias y conocimientos, esenciales para la salud mental, crecimiento personal, empoderamiento e impulso de sus talentos como futuros l\u00edderes de Solidaridad, abordando diversas situaciones de vida y ofreciendo herramientas pr\u00e1cticas para afrontarlas.<\/p>\n<p><img loading=\"lazy\" decoding=\"async\" class=\"aligncenter wp-image-7570 \" src=\"https:\/\/angelsolisnoticias.com\/wp-content\/uploads\/2024\/05\/Solidaridad-Foro-Juvenil2.jpg\" alt=\"\" width=\"597\" height=\"398\" srcset=\"https:\/\/angelsolisnoticias.com\/wp-content\/uploads\/2024\/05\/Solidaridad-Foro-Juvenil2.jpg 720w, https:\/\/angelsolisnoticias.com\/wp-content\/uploads\/2024\/05\/Solidaridad-Foro-Juvenil2-300x200.jpg 300w\" sizes=\"auto, (max-width: 597px) 100vw, 597px\" \/><\/p>\n<p>El jueves 27 de junio, se contar\u00e1 con la presencia de Yordi Rosado, Martha Higareda, Marco Antonio Regil, Kar\u00e9n Miret y Roberto Mart\u00ednez. Mientras que el viernes 28 de junio, se presentar\u00e1n Patricia Guerra, Ana Victoria Garc\u00eda, Diego Alejandro Alvarado, Jaime Shalkow y Farid Dieck.<\/p>\n<p><img loading=\"lazy\" decoding=\"async\" class=\"aligncenter wp-image-7569 \" src=\"https:\/\/angelsolisnoticias.com\/wp-content\/uploads\/2024\/05\/Solidaridad-Foro-Juvenil3.jpg\" alt=\"\" width=\"622\" height=\"395\" \/><\/p>\n<p>Las inscripciones ya est\u00e1n abiertas y se pueden realizar a trav\u00e9s del enlace forojuvenilplayadelcarmen.com, es necesario registrarse previamente para poder ingresar al evento. Para cualquier duda o informaci\u00f3n pueden acudir a Ciudad Juventud ubicada en la calle 17 sur con 150 Av. Colonia Bellavista o al WhatsApp 984 222 4552.<\/p>\n","protected":false},"excerpt":{"rendered":"<p>Playa del Carmen, Solidaridad a 29 de mayo del 2024 Especial Se invita a todas y todos los j\u00f3venes de Solidaridad al \u201cPrimer Foro Juvenil\u201d, que se llevar\u00e1 a cabo el 27 y 28 de junio de 9 de la ma\u00f1ana a 9 de la noche, en el Poliforum de <a href=\"https:\/\/angelsolisnoticias.com\/index.php\/2024\/05\/29\/invitan-al-primer-foro-juvenil-de-solidaridad\/\" class=\"btn btn-link continue-link\">Seguir leyendo<\/a><\/p>\n","protected":false},"author":1,"featured_media":7571,"comment_status":"open","ping_status":"open","sticky":false,"template":"","format":"standard","meta":{"footnotes":""},"categories":[6,1],"tags":[],"class_list":["post-7567","post","type-post","status-publish","format-standard","has-post-thumbnail","hentry","category-solidaridad","category-uncategorized"],"yoast_head":"<!-- This site is optimized with the Yoast SEO plugin v21.1 - https:\/\/yoast.com\/wordpress\/plugins\/seo\/ -->\n<title>Invitan al Primer Foro Juvenil de Solidaridad<\/title>\n<meta name=\"description\" content=\".\" \/>\n<meta name=\"robots\" content=\"index, follow, max-snippet:-1, max-image-preview:large, max-video-preview:-1\" \/>\n<link rel=\"canonical\" href=\"https:\/\/angelsolisnoticias.com\/index.php\/2024\/05\/29\/invitan-al-primer-foro-juvenil-de-solidaridad\/\" \/>\n<meta property=\"og:locale\" content=\"es_MX\" \/>\n<meta property=\"og:type\" content=\"article\" \/>\n<meta property=\"og:title\" content=\"Invitan al Primer Foro Juvenil de Solidaridad\" \/>\n<meta property=\"og:description\" content=\".\" \/>\n<meta property=\"og:url\" content=\"https:\/\/angelsolisnoticias.com\/index.php\/2024\/05\/29\/invitan-al-primer-foro-juvenil-de-solidaridad\/\" \/>\n<meta property=\"og:site_name\" content=\"\u00c1ngel Solis\" \/>\n<meta property=\"article:publisher\" content=\"https:\/\/www.facebook.com\/periodistasquintanaroo\" \/>\n<meta property=\"article:published_time\" content=\"2024-05-29T16:12:37+00:00\" \/>\n<meta property=\"article:modified_time\" content=\"2024-05-29T23:42:00+00:00\" \/>\n<meta property=\"og:image\" content=\"https:\/\/angelsolisnoticias.com\/wp-content\/uploads\/2024\/05\/Solidaridad-Foro-Juvenil1.jpg\" \/>\n\t<meta property=\"og:image:width\" content=\"800\" \/>\n\t<meta property=\"og:image:height\" content=\"569\" \/>\n\t<meta property=\"og:image:type\" content=\"image\/jpeg\" \/>\n<meta name=\"author\" content=\"admin\" \/>\n<meta name=\"twitter:card\" content=\"summary_large_image\" \/>\n<meta name=\"twitter:creator\" content=\"@PERIODISTASQROO\" \/>\n<meta name=\"twitter:site\" content=\"@PERIODISTASQROO\" \/>\n<meta name=\"twitter:label1\" content=\"Escrito por\" \/>\n\t<meta name=\"twitter:data1\" content=\"admin\" \/>\n\t<meta name=\"twitter:label2\" content=\"Tiempo de lectura\" \/>\n\t<meta name=\"twitter:data2\" content=\"2 minutos\" \/>\n<script type=\"application\/ld+json\" class=\"yoast-schema-graph\">{\"@context\":\"https:\/\/schema.org\",\"@graph\":[{\"@type\":\"Article\",\"@id\":\"https:\/\/angelsolisnoticias.com\/index.php\/2024\/05\/29\/invitan-al-primer-foro-juvenil-de-solidaridad\/#article\",\"isPartOf\":{\"@id\":\"https:\/\/angelsolisnoticias.com\/index.php\/2024\/05\/29\/invitan-al-primer-foro-juvenil-de-solidaridad\/\"},\"author\":{\"name\":\"admin\",\"@id\":\"https:\/\/angelsolisnoticias.com\/#\/schema\/person\/d5ca5e4c5f05db44e86cb564bf81ae6f\"},\"headline\":\"Invitan al Primer Foro Juvenil de Solidaridad\",\"datePublished\":\"2024-05-29T16:12:37+00:00\",\"dateModified\":\"2024-05-29T23:42:00+00:00\",\"mainEntityOfPage\":{\"@id\":\"https:\/\/angelsolisnoticias.com\/index.php\/2024\/05\/29\/invitan-al-primer-foro-juvenil-de-solidaridad\/\"},\"wordCount\":231,\"commentCount\":0,\"publisher\":{\"@id\":\"https:\/\/angelsolisnoticias.com\/#organization\"},\"articleSection\":[\"Solidaridad\",\"Uncategorized\"],\"inLanguage\":\"es\",\"potentialAction\":[{\"@type\":\"CommentAction\",\"name\":\"Comment\",\"target\":[\"https:\/\/angelsolisnoticias.com\/index.php\/2024\/05\/29\/invitan-al-primer-foro-juvenil-de-solidaridad\/#respond\"]}]},{\"@type\":\"WebPage\",\"@id\":\"https:\/\/angelsolisnoticias.com\/index.php\/2024\/05\/29\/invitan-al-primer-foro-juvenil-de-solidaridad\/\",\"url\":\"https:\/\/angelsolisnoticias.com\/index.php\/2024\/05\/29\/invitan-al-primer-foro-juvenil-de-solidaridad\/\",\"name\":\"Invitan al Primer Foro Juvenil de Solidaridad\",\"isPartOf\":{\"@id\":\"https:\/\/angelsolisnoticias.com\/#website\"},\"datePublished\":\"2024-05-29T16:12:37+00:00\",\"dateModified\":\"2024-05-29T23:42:00+00:00\",\"description\":\".\",\"breadcrumb\":{\"@id\":\"https:\/\/angelsolisnoticias.com\/index.php\/2024\/05\/29\/invitan-al-primer-foro-juvenil-de-solidaridad\/#breadcrumb\"},\"inLanguage\":\"es\",\"potentialAction\":[{\"@type\":\"ReadAction\",\"target\":[\"https:\/\/angelsolisnoticias.com\/index.php\/2024\/05\/29\/invitan-al-primer-foro-juvenil-de-solidaridad\/\"]}]},{\"@type\":\"BreadcrumbList\",\"@id\":\"https:\/\/angelsolisnoticias.com\/index.php\/2024\/05\/29\/invitan-al-primer-foro-juvenil-de-solidaridad\/#breadcrumb\",\"itemListElement\":[{\"@type\":\"ListItem\",\"position\":1,\"name\":\"Inicio\",\"item\":\"https:\/\/angelsolisnoticias.com\/\"},{\"@type\":\"ListItem\",\"position\":2,\"name\":\"Invitan al Primer Foro Juvenil de Solidaridad\"}]},{\"@type\":\"WebSite\",\"@id\":\"https:\/\/angelsolisnoticias.com\/#website\",\"url\":\"https:\/\/angelsolisnoticias.com\/\",\"name\":\"\u00c1ngel Solis\",\"description\":\"Noticias de Quintana Roo\",\"publisher\":{\"@id\":\"https:\/\/angelsolisnoticias.com\/#organization\"},\"potentialAction\":[{\"@type\":\"SearchAction\",\"target\":{\"@type\":\"EntryPoint\",\"urlTemplate\":\"https:\/\/angelsolisnoticias.com\/?s={search_term_string}\"},\"query-input\":\"required name=search_term_string\"}],\"inLanguage\":\"es\"},{\"@type\":\"Organization\",\"@id\":\"https:\/\/angelsolisnoticias.com\/#organization\",\"name\":\"\u00c1ngel Solis\",\"url\":\"https:\/\/angelsolisnoticias.com\/\",\"logo\":{\"@type\":\"ImageObject\",\"inLanguage\":\"es\",\"@id\":\"https:\/\/angelsolisnoticias.com\/#\/schema\/logo\/image\/\",\"url\":\"https:\/\/angelsolisnoticias.com\/wp-content\/uploads\/2023\/01\/LOGO3.png\",\"contentUrl\":\"https:\/\/angelsolisnoticias.com\/wp-content\/uploads\/2023\/01\/LOGO3.png\",\"width\":1853,\"height\":570,\"caption\":\"\u00c1ngel Solis\"},\"image\":{\"@id\":\"https:\/\/angelsolisnoticias.com\/#\/schema\/logo\/image\/\"},\"sameAs\":[\"https:\/\/www.facebook.com\/periodistasquintanaroo\",\"https:\/\/twitter.com\/PERIODISTASQROO\"]},{\"@type\":\"Person\",\"@id\":\"https:\/\/angelsolisnoticias.com\/#\/schema\/person\/d5ca5e4c5f05db44e86cb564bf81ae6f\",\"name\":\"admin\",\"image\":{\"@type\":\"ImageObject\",\"inLanguage\":\"es\",\"@id\":\"https:\/\/angelsolisnoticias.com\/#\/schema\/person\/image\/\",\"url\":\"https:\/\/secure.gravatar.com\/avatar\/dff3eaf7d33320066684ce268bff2bf90ce4f69456139b2d65d7796f64299e47?s=96&d=mm&r=g\",\"contentUrl\":\"https:\/\/secure.gravatar.com\/avatar\/dff3eaf7d33320066684ce268bff2bf90ce4f69456139b2d65d7796f64299e47?s=96&d=mm&r=g\",\"caption\":\"admin\"},\"sameAs\":[\"https:\/\/angelsolisnoticias.com\"],\"url\":\"https:\/\/angelsolisnoticias.com\/index.php\/author\/admin_qnbaat5l\/\"}]}<\/script>\n<!-- \/ Yoast SEO plugin. -->","yoast_head_json":{"title":"Invitan al Primer Foro Juvenil de Solidaridad","description":".","robots":{"index":"index","follow":"follow","max-snippet":"max-snippet:-1","max-image-preview":"max-image-preview:large","max-video-preview":"max-video-preview:-1"},"canonical":"https:\/\/angelsolisnoticias.com\/index.php\/2024\/05\/29\/invitan-al-primer-foro-juvenil-de-solidaridad\/","og_locale":"es_MX","og_type":"article","og_title":"Invitan al Primer Foro Juvenil de Solidaridad","og_description":".","og_url":"https:\/\/angelsolisnoticias.com\/index.php\/2024\/05\/29\/invitan-al-primer-foro-juvenil-de-solidaridad\/","og_site_name":"\u00c1ngel Solis","article_publisher":"https:\/\/www.facebook.com\/periodistasquintanaroo","article_published_time":"2024-05-29T16:12:37+00:00","article_modified_time":"2024-05-29T23:42:00+00:00","og_image":[{"width":800,"height":569,"url":"https:\/\/angelsolisnoticias.com\/wp-content\/uploads\/2024\/05\/Solidaridad-Foro-Juvenil1.jpg","type":"image\/jpeg"}],"author":"admin","twitter_card":"summary_large_image","twitter_creator":"@PERIODISTASQROO","twitter_site":"@PERIODISTASQROO","twitter_misc":{"Escrito por":"admin","Tiempo de lectura":"2 minutos"},"schema":{"@context":"https:\/\/schema.org","@graph":[{"@type":"Article","@id":"https:\/\/angelsolisnoticias.com\/index.php\/2024\/05\/29\/invitan-al-primer-foro-juvenil-de-solidaridad\/#article","isPartOf":{"@id":"https:\/\/angelsolisnoticias.com\/index.php\/2024\/05\/29\/invitan-al-primer-foro-juvenil-de-solidaridad\/"},"author":{"name":"admin","@id":"https:\/\/angelsolisnoticias.com\/#\/schema\/person\/d5ca5e4c5f05db44e86cb564bf81ae6f"},"headline":"Invitan al Primer Foro Juvenil de Solidaridad","datePublished":"2024-05-29T16:12:37+00:00","dateModified":"2024-05-29T23:42:00+00:00","mainEntityOfPage":{"@id":"https:\/\/angelsolisnoticias.com\/index.php\/2024\/05\/29\/invitan-al-primer-foro-juvenil-de-solidaridad\/"},"wordCount":231,"commentCount":0,"publisher":{"@id":"https:\/\/angelsolisnoticias.com\/#organization"},"articleSection":["Solidaridad","Uncategorized"],"inLanguage":"es","potentialAction":[{"@type":"CommentAction","name":"Comment","target":["https:\/\/angelsolisnoticias.com\/index.php\/2024\/05\/29\/invitan-al-primer-foro-juvenil-de-solidaridad\/#respond"]}]},{"@type":"WebPage","@id":"https:\/\/angelsolisnoticias.com\/index.php\/2024\/05\/29\/invitan-al-primer-foro-juvenil-de-solidaridad\/","url":"https:\/\/angelsolisnoticias.com\/index.php\/2024\/05\/29\/invitan-al-primer-foro-juvenil-de-solidaridad\/","name":"Invitan al Primer Foro Juvenil de Solidaridad","isPartOf":{"@id":"https:\/\/angelsolisnoticias.com\/#website"},"datePublished":"2024-05-29T16:12:37+00:00","dateModified":"2024-05-29T23:42:00+00:00","description":".","breadcrumb":{"@id":"https:\/\/angelsolisnoticias.com\/index.php\/2024\/05\/29\/invitan-al-primer-foro-juvenil-de-solidaridad\/#breadcrumb"},"inLanguage":"es","potentialAction":[{"@type":"ReadAction","target":["https:\/\/angelsolisnoticias.com\/index.php\/2024\/05\/29\/invitan-al-primer-foro-juvenil-de-solidaridad\/"]}]},{"@type":"BreadcrumbList","@id":"https:\/\/angelsolisnoticias.com\/index.php\/2024\/05\/29\/invitan-al-primer-foro-juvenil-de-solidaridad\/#breadcrumb","itemListElement":[{"@type":"ListItem","position":1,"name":"Inicio","item":"https:\/\/angelsolisnoticias.com\/"},{"@type":"ListItem","position":2,"name":"Invitan al Primer Foro Juvenil de Solidaridad"}]},{"@type":"WebSite","@id":"https:\/\/angelsolisnoticias.com\/#website","url":"https:\/\/angelsolisnoticias.com\/","name":"\u00c1ngel Solis","description":"Noticias de Quintana Roo","publisher":{"@id":"https:\/\/angelsolisnoticias.com\/#organization"},"potentialAction":[{"@type":"SearchAction","target":{"@type":"EntryPoint","urlTemplate":"https:\/\/angelsolisnoticias.com\/?s={search_term_string}"},"query-input":"required name=search_term_string"}],"inLanguage":"es"},{"@type":"Organization","@id":"https:\/\/angelsolisnoticias.com\/#organization","name":"\u00c1ngel Solis","url":"https:\/\/angelsolisnoticias.com\/","logo":{"@type":"ImageObject","inLanguage":"es","@id":"https:\/\/angelsolisnoticias.com\/#\/schema\/logo\/image\/","url":"https:\/\/angelsolisnoticias.com\/wp-content\/uploads\/2023\/01\/LOGO3.png","contentUrl":"https:\/\/angelsolisnoticias.com\/wp-content\/uploads\/2023\/01\/LOGO3.png","width":1853,"height":570,"caption":"\u00c1ngel Solis"},"image":{"@id":"https:\/\/angelsolisnoticias.com\/#\/schema\/logo\/image\/"},"sameAs":["https:\/\/www.facebook.com\/periodistasquintanaroo","https:\/\/twitter.com\/PERIODISTASQROO"]},{"@type":"Person","@id":"https:\/\/angelsolisnoticias.com\/#\/schema\/person\/d5ca5e4c5f05db44e86cb564bf81ae6f","name":"admin","image":{"@type":"ImageObject","inLanguage":"es","@id":"https:\/\/angelsolisnoticias.com\/#\/schema\/person\/image\/","url":"https:\/\/secure.gravatar.com\/avatar\/dff3eaf7d33320066684ce268bff2bf90ce4f69456139b2d65d7796f64299e47?s=96&d=mm&r=g","contentUrl":"https:\/\/secure.gravatar.com\/avatar\/dff3eaf7d33320066684ce268bff2bf90ce4f69456139b2d65d7796f64299e47?s=96&d=mm&r=g","caption":"admin"},"sameAs":["https:\/\/angelsolisnoticias.com"],"url":"https:\/\/angelsolisnoticias.com\/index.php\/author\/admin_qnbaat5l\/"}]}},"jetpack_featured_media_url":"https:\/\/angelsolisnoticias.com\/wp-content\/uploads\/2024\/05\/Solidaridad-Foro-Juvenil1.jpg","_links":{"self":[{"href":"https:\/\/angelsolisnoticias.com\/index.php\/wp-json\/wp\/v2\/posts\/7567","targetHints":{"allow":["GET"]}}],"collection":[{"href":"https:\/\/angelsolisnoticias.com\/index.php\/wp-json\/wp\/v2\/posts"}],"about":[{"href":"https:\/\/angelsolisnoticias.com\/index.php\/wp-json\/wp\/v2\/types\/post"}],"author":[{"embeddable":true,"href":"https:\/\/angelsolisnoticias.com\/index.php\/wp-json\/wp\/v2\/users\/1"}],"replies":[{"embeddable":true,"href":"https:\/\/angelsolisnoticias.com\/index.php\/wp-json\/wp\/v2\/comments?post=7567"}],"version-history":[{"count":3,"href":"https:\/\/angelsolisnoticias.com\/index.php\/wp-json\/wp\/v2\/posts\/7567\/revisions"}],"predecessor-version":[{"id":7573,"href":"https:\/\/angelsolisnoticias.com\/index.php\/wp-json\/wp\/v2\/posts\/7567\/revisions\/7573"}],"wp:featuredmedia":[{"embeddable":true,"href":"https:\/\/angelsolisnoticias.com\/index.php\/wp-json\/wp\/v2\/media\/7571"}],"wp:attachment":[{"href":"https:\/\/angelsolisnoticias.com\/index.php\/wp-json\/wp\/v2\/media?parent=7567"}],"wp:term":[{"taxonomy":"category","embeddable":true,"href":"https:\/\/angelsolisnoticias.com\/index.php\/wp-json\/wp\/v2\/categories?post=7567"},{"taxonomy":"post_tag","embeddable":true,"href":"https:\/\/angelsolisnoticias.com\/index.php\/wp-json\/wp\/v2\/tags?post=7567"}],"curies":[{"name":"wp","href":"https:\/\/api.w.org\/{rel}","templated":true}]}}