{"id":7579,"date":"2024-05-30T17:03:30","date_gmt":"2024-05-30T17:03:30","guid":{"rendered":"https:\/\/angelsolisnoticias.com\/?p=7579"},"modified":"2024-05-30T23:06:42","modified_gmt":"2024-05-30T23:06:42","slug":"caps-villas-del-sol-y-28-de-julio-atenderan-provisionalmente-en-unidades-moviles","status":"publish","type":"post","link":"https:\/\/angelsolisnoticias.com\/index.php\/2024\/05\/30\/caps-villas-del-sol-y-28-de-julio-atenderan-provisionalmente-en-unidades-moviles\/","title":{"rendered":"CAPS Villas del Sol y 28 de Julio atender\u00e1n provisionalmente en Unidades M\u00f3viles"},"content":{"rendered":"<p>Playa del Carmen, Solidaridad a 30 de mayo del 2024<br \/>\nEspecial<\/p>\n<p>Con el objetivo de adecuar espacios y al mismo tiempo brindar una atenci\u00f3n m\u00e9dica de calidad, la Secretar\u00eda de Salud Municipal anunci\u00f3 que dos de los cinco Centros de Atenci\u00f3n Primaria de Solidaridad (CAPS) se encuentran en mantenimiento.<\/p>\n<p>Los servicios de los CAPS de la 28 de Julio y el del fraccionamiento Villas del Sol, se atender\u00eda en unidades m\u00f3viles y posiblemente el tiempo de espera pudiera incrementarse, por lo que se pide compresi\u00f3n a la poblaci\u00f3n.<\/p>\n<p><img loading=\"lazy\" decoding=\"async\" class=\"aligncenter wp-image-7581 \" src=\"https:\/\/angelsolisnoticias.com\/wp-content\/uploads\/2024\/05\/Sollidaridad-CAPS2.jpg\" alt=\"\" width=\"584\" height=\"447\" \/><\/p>\n<p>Los horarios de todos los CAPS, El Pet\u00e9n, Luis Donaldo Colosio, Villas del Sol, 28 de Julio y de la Alcald\u00eda Puerto Aventuras, se mantendr\u00e1n de 07:00 a 21:00 horas entre semana y s\u00e1bado y domingo de 08:00 a 20:00 horas.<\/p>\n","protected":false},"excerpt":{"rendered":"<p>Playa del Carmen, Solidaridad a 30 de mayo del 2024 Especial Con el objetivo de adecuar espacios y al mismo tiempo brindar una atenci\u00f3n m\u00e9dica de calidad, la Secretar\u00eda de Salud Municipal anunci\u00f3 que dos de los cinco Centros de Atenci\u00f3n Primaria de Solidaridad (CAPS) se encuentran en mantenimiento. Los <a href=\"https:\/\/angelsolisnoticias.com\/index.php\/2024\/05\/30\/caps-villas-del-sol-y-28-de-julio-atenderan-provisionalmente-en-unidades-moviles\/\" class=\"btn btn-link continue-link\">Seguir leyendo<\/a><\/p>\n","protected":false},"author":1,"featured_media":7582,"comment_status":"open","ping_status":"open","sticky":false,"template":"","format":"standard","meta":{"footnotes":""},"categories":[6,1],"tags":[],"class_list":["post-7579","post","type-post","status-publish","format-standard","has-post-thumbnail","hentry","category-solidaridad","category-uncategorized"],"yoast_head":"<!-- This site is optimized with the Yoast SEO plugin v21.1 - https:\/\/yoast.com\/wordpress\/plugins\/seo\/ -->\n<title>CAPS Villas del Sol y 28 de Julio atender\u00e1n provisionalmente en Unidades M\u00f3viles<\/title>\n<meta name=\"description\" content=\".\" \/>\n<meta name=\"robots\" content=\"index, follow, max-snippet:-1, max-image-preview:large, max-video-preview:-1\" \/>\n<link rel=\"canonical\" href=\"https:\/\/angelsolisnoticias.com\/index.php\/2024\/05\/30\/caps-villas-del-sol-y-28-de-julio-atenderan-provisionalmente-en-unidades-moviles\/\" \/>\n<meta property=\"og:locale\" content=\"es_MX\" \/>\n<meta property=\"og:type\" content=\"article\" \/>\n<meta property=\"og:title\" content=\"CAPS Villas del Sol y 28 de Julio atender\u00e1n provisionalmente en Unidades M\u00f3viles\" \/>\n<meta property=\"og:description\" content=\".\" \/>\n<meta property=\"og:url\" content=\"https:\/\/angelsolisnoticias.com\/index.php\/2024\/05\/30\/caps-villas-del-sol-y-28-de-julio-atenderan-provisionalmente-en-unidades-moviles\/\" \/>\n<meta property=\"og:site_name\" content=\"\u00c1ngel Solis\" \/>\n<meta property=\"article:publisher\" content=\"https:\/\/www.facebook.com\/periodistasquintanaroo\" \/>\n<meta property=\"article:published_time\" content=\"2024-05-30T17:03:30+00:00\" \/>\n<meta property=\"article:modified_time\" content=\"2024-05-30T23:06:42+00:00\" \/>\n<meta property=\"og:image\" content=\"https:\/\/angelsolisnoticias.com\/wp-content\/uploads\/2024\/05\/Sollidaridad-CAPS1.jpg\" \/>\n\t<meta property=\"og:image:width\" content=\"800\" \/>\n\t<meta property=\"og:image:height\" content=\"569\" \/>\n\t<meta property=\"og:image:type\" content=\"image\/jpeg\" \/>\n<meta name=\"author\" content=\"admin\" \/>\n<meta name=\"twitter:card\" content=\"summary_large_image\" \/>\n<meta name=\"twitter:creator\" content=\"@PERIODISTASQROO\" \/>\n<meta name=\"twitter:site\" content=\"@PERIODISTASQROO\" \/>\n<meta name=\"twitter:label1\" content=\"Escrito por\" \/>\n\t<meta name=\"twitter:data1\" content=\"admin\" \/>\n\t<meta name=\"twitter:label2\" content=\"Tiempo de lectura\" \/>\n\t<meta name=\"twitter:data2\" content=\"1 minuto\" \/>\n<script type=\"application\/ld+json\" class=\"yoast-schema-graph\">{\"@context\":\"https:\/\/schema.org\",\"@graph\":[{\"@type\":\"Article\",\"@id\":\"https:\/\/angelsolisnoticias.com\/index.php\/2024\/05\/30\/caps-villas-del-sol-y-28-de-julio-atenderan-provisionalmente-en-unidades-moviles\/#article\",\"isPartOf\":{\"@id\":\"https:\/\/angelsolisnoticias.com\/index.php\/2024\/05\/30\/caps-villas-del-sol-y-28-de-julio-atenderan-provisionalmente-en-unidades-moviles\/\"},\"author\":{\"name\":\"admin\",\"@id\":\"https:\/\/angelsolisnoticias.com\/#\/schema\/person\/d5ca5e4c5f05db44e86cb564bf81ae6f\"},\"headline\":\"CAPS Villas del Sol y 28 de Julio atender\u00e1n provisionalmente en Unidades M\u00f3viles\",\"datePublished\":\"2024-05-30T17:03:30+00:00\",\"dateModified\":\"2024-05-30T23:06:42+00:00\",\"mainEntityOfPage\":{\"@id\":\"https:\/\/angelsolisnoticias.com\/index.php\/2024\/05\/30\/caps-villas-del-sol-y-28-de-julio-atenderan-provisionalmente-en-unidades-moviles\/\"},\"wordCount\":147,\"commentCount\":0,\"publisher\":{\"@id\":\"https:\/\/angelsolisnoticias.com\/#organization\"},\"articleSection\":[\"Solidaridad\",\"Uncategorized\"],\"inLanguage\":\"es\",\"potentialAction\":[{\"@type\":\"CommentAction\",\"name\":\"Comment\",\"target\":[\"https:\/\/angelsolisnoticias.com\/index.php\/2024\/05\/30\/caps-villas-del-sol-y-28-de-julio-atenderan-provisionalmente-en-unidades-moviles\/#respond\"]}]},{\"@type\":\"WebPage\",\"@id\":\"https:\/\/angelsolisnoticias.com\/index.php\/2024\/05\/30\/caps-villas-del-sol-y-28-de-julio-atenderan-provisionalmente-en-unidades-moviles\/\",\"url\":\"https:\/\/angelsolisnoticias.com\/index.php\/2024\/05\/30\/caps-villas-del-sol-y-28-de-julio-atenderan-provisionalmente-en-unidades-moviles\/\",\"name\":\"CAPS Villas del Sol y 28 de Julio atender\u00e1n provisionalmente en Unidades M\u00f3viles\",\"isPartOf\":{\"@id\":\"https:\/\/angelsolisnoticias.com\/#website\"},\"datePublished\":\"2024-05-30T17:03:30+00:00\",\"dateModified\":\"2024-05-30T23:06:42+00:00\",\"description\":\".\",\"breadcrumb\":{\"@id\":\"https:\/\/angelsolisnoticias.com\/index.php\/2024\/05\/30\/caps-villas-del-sol-y-28-de-julio-atenderan-provisionalmente-en-unidades-moviles\/#breadcrumb\"},\"inLanguage\":\"es\",\"potentialAction\":[{\"@type\":\"ReadAction\",\"target\":[\"https:\/\/angelsolisnoticias.com\/index.php\/2024\/05\/30\/caps-villas-del-sol-y-28-de-julio-atenderan-provisionalmente-en-unidades-moviles\/\"]}]},{\"@type\":\"BreadcrumbList\",\"@id\":\"https:\/\/angelsolisnoticias.com\/index.php\/2024\/05\/30\/caps-villas-del-sol-y-28-de-julio-atenderan-provisionalmente-en-unidades-moviles\/#breadcrumb\",\"itemListElement\":[{\"@type\":\"ListItem\",\"position\":1,\"name\":\"Inicio\",\"item\":\"https:\/\/angelsolisnoticias.com\/\"},{\"@type\":\"ListItem\",\"position\":2,\"name\":\"CAPS Villas del Sol y 28 de Julio atender\u00e1n provisionalmente en Unidades M\u00f3viles\"}]},{\"@type\":\"WebSite\",\"@id\":\"https:\/\/angelsolisnoticias.com\/#website\",\"url\":\"https:\/\/angelsolisnoticias.com\/\",\"name\":\"\u00c1ngel Solis\",\"description\":\"Noticias de Quintana Roo\",\"publisher\":{\"@id\":\"https:\/\/angelsolisnoticias.com\/#organization\"},\"potentialAction\":[{\"@type\":\"SearchAction\",\"target\":{\"@type\":\"EntryPoint\",\"urlTemplate\":\"https:\/\/angelsolisnoticias.com\/?s={search_term_string}\"},\"query-input\":\"required name=search_term_string\"}],\"inLanguage\":\"es\"},{\"@type\":\"Organization\",\"@id\":\"https:\/\/angelsolisnoticias.com\/#organization\",\"name\":\"\u00c1ngel Solis\",\"url\":\"https:\/\/angelsolisnoticias.com\/\",\"logo\":{\"@type\":\"ImageObject\",\"inLanguage\":\"es\",\"@id\":\"https:\/\/angelsolisnoticias.com\/#\/schema\/logo\/image\/\",\"url\":\"https:\/\/angelsolisnoticias.com\/wp-content\/uploads\/2023\/01\/LOGO3.png\",\"contentUrl\":\"https:\/\/angelsolisnoticias.com\/wp-content\/uploads\/2023\/01\/LOGO3.png\",\"width\":1853,\"height\":570,\"caption\":\"\u00c1ngel Solis\"},\"image\":{\"@id\":\"https:\/\/angelsolisnoticias.com\/#\/schema\/logo\/image\/\"},\"sameAs\":[\"https:\/\/www.facebook.com\/periodistasquintanaroo\",\"https:\/\/twitter.com\/PERIODISTASQROO\"]},{\"@type\":\"Person\",\"@id\":\"https:\/\/angelsolisnoticias.com\/#\/schema\/person\/d5ca5e4c5f05db44e86cb564bf81ae6f\",\"name\":\"admin\",\"image\":{\"@type\":\"ImageObject\",\"inLanguage\":\"es\",\"@id\":\"https:\/\/angelsolisnoticias.com\/#\/schema\/person\/image\/\",\"url\":\"https:\/\/secure.gravatar.com\/avatar\/dff3eaf7d33320066684ce268bff2bf90ce4f69456139b2d65d7796f64299e47?s=96&d=mm&r=g\",\"contentUrl\":\"https:\/\/secure.gravatar.com\/avatar\/dff3eaf7d33320066684ce268bff2bf90ce4f69456139b2d65d7796f64299e47?s=96&d=mm&r=g\",\"caption\":\"admin\"},\"sameAs\":[\"https:\/\/angelsolisnoticias.com\"],\"url\":\"https:\/\/angelsolisnoticias.com\/index.php\/author\/admin_qnbaat5l\/\"}]}<\/script>\n<!-- \/ Yoast SEO plugin. -->","yoast_head_json":{"title":"CAPS Villas del Sol y 28 de Julio atender\u00e1n provisionalmente en Unidades M\u00f3viles","description":".","robots":{"index":"index","follow":"follow","max-snippet":"max-snippet:-1","max-image-preview":"max-image-preview:large","max-video-preview":"max-video-preview:-1"},"canonical":"https:\/\/angelsolisnoticias.com\/index.php\/2024\/05\/30\/caps-villas-del-sol-y-28-de-julio-atenderan-provisionalmente-en-unidades-moviles\/","og_locale":"es_MX","og_type":"article","og_title":"CAPS Villas del Sol y 28 de Julio atender\u00e1n provisionalmente en Unidades M\u00f3viles","og_description":".","og_url":"https:\/\/angelsolisnoticias.com\/index.php\/2024\/05\/30\/caps-villas-del-sol-y-28-de-julio-atenderan-provisionalmente-en-unidades-moviles\/","og_site_name":"\u00c1ngel Solis","article_publisher":"https:\/\/www.facebook.com\/periodistasquintanaroo","article_published_time":"2024-05-30T17:03:30+00:00","article_modified_time":"2024-05-30T23:06:42+00:00","og_image":[{"width":800,"height":569,"url":"https:\/\/angelsolisnoticias.com\/wp-content\/uploads\/2024\/05\/Sollidaridad-CAPS1.jpg","type":"image\/jpeg"}],"author":"admin","twitter_card":"summary_large_image","twitter_creator":"@PERIODISTASQROO","twitter_site":"@PERIODISTASQROO","twitter_misc":{"Escrito por":"admin","Tiempo de lectura":"1 minuto"},"schema":{"@context":"https:\/\/schema.org","@graph":[{"@type":"Article","@id":"https:\/\/angelsolisnoticias.com\/index.php\/2024\/05\/30\/caps-villas-del-sol-y-28-de-julio-atenderan-provisionalmente-en-unidades-moviles\/#article","isPartOf":{"@id":"https:\/\/angelsolisnoticias.com\/index.php\/2024\/05\/30\/caps-villas-del-sol-y-28-de-julio-atenderan-provisionalmente-en-unidades-moviles\/"},"author":{"name":"admin","@id":"https:\/\/angelsolisnoticias.com\/#\/schema\/person\/d5ca5e4c5f05db44e86cb564bf81ae6f"},"headline":"CAPS Villas del Sol y 28 de Julio atender\u00e1n provisionalmente en Unidades M\u00f3viles","datePublished":"2024-05-30T17:03:30+00:00","dateModified":"2024-05-30T23:06:42+00:00","mainEntityOfPage":{"@id":"https:\/\/angelsolisnoticias.com\/index.php\/2024\/05\/30\/caps-villas-del-sol-y-28-de-julio-atenderan-provisionalmente-en-unidades-moviles\/"},"wordCount":147,"commentCount":0,"publisher":{"@id":"https:\/\/angelsolisnoticias.com\/#organization"},"articleSection":["Solidaridad","Uncategorized"],"inLanguage":"es","potentialAction":[{"@type":"CommentAction","name":"Comment","target":["https:\/\/angelsolisnoticias.com\/index.php\/2024\/05\/30\/caps-villas-del-sol-y-28-de-julio-atenderan-provisionalmente-en-unidades-moviles\/#respond"]}]},{"@type":"WebPage","@id":"https:\/\/angelsolisnoticias.com\/index.php\/2024\/05\/30\/caps-villas-del-sol-y-28-de-julio-atenderan-provisionalmente-en-unidades-moviles\/","url":"https:\/\/angelsolisnoticias.com\/index.php\/2024\/05\/30\/caps-villas-del-sol-y-28-de-julio-atenderan-provisionalmente-en-unidades-moviles\/","name":"CAPS Villas del Sol y 28 de Julio atender\u00e1n provisionalmente en Unidades M\u00f3viles","isPartOf":{"@id":"https:\/\/angelsolisnoticias.com\/#website"},"datePublished":"2024-05-30T17:03:30+00:00","dateModified":"2024-05-30T23:06:42+00:00","description":".","breadcrumb":{"@id":"https:\/\/angelsolisnoticias.com\/index.php\/2024\/05\/30\/caps-villas-del-sol-y-28-de-julio-atenderan-provisionalmente-en-unidades-moviles\/#breadcrumb"},"inLanguage":"es","potentialAction":[{"@type":"ReadAction","target":["https:\/\/angelsolisnoticias.com\/index.php\/2024\/05\/30\/caps-villas-del-sol-y-28-de-julio-atenderan-provisionalmente-en-unidades-moviles\/"]}]},{"@type":"BreadcrumbList","@id":"https:\/\/angelsolisnoticias.com\/index.php\/2024\/05\/30\/caps-villas-del-sol-y-28-de-julio-atenderan-provisionalmente-en-unidades-moviles\/#breadcrumb","itemListElement":[{"@type":"ListItem","position":1,"name":"Inicio","item":"https:\/\/angelsolisnoticias.com\/"},{"@type":"ListItem","position":2,"name":"CAPS Villas del Sol y 28 de Julio atender\u00e1n provisionalmente en Unidades M\u00f3viles"}]},{"@type":"WebSite","@id":"https:\/\/angelsolisnoticias.com\/#website","url":"https:\/\/angelsolisnoticias.com\/","name":"\u00c1ngel Solis","description":"Noticias de Quintana Roo","publisher":{"@id":"https:\/\/angelsolisnoticias.com\/#organization"},"potentialAction":[{"@type":"SearchAction","target":{"@type":"EntryPoint","urlTemplate":"https:\/\/angelsolisnoticias.com\/?s={search_term_string}"},"query-input":"required name=search_term_string"}],"inLanguage":"es"},{"@type":"Organization","@id":"https:\/\/angelsolisnoticias.com\/#organization","name":"\u00c1ngel Solis","url":"https:\/\/angelsolisnoticias.com\/","logo":{"@type":"ImageObject","inLanguage":"es","@id":"https:\/\/angelsolisnoticias.com\/#\/schema\/logo\/image\/","url":"https:\/\/angelsolisnoticias.com\/wp-content\/uploads\/2023\/01\/LOGO3.png","contentUrl":"https:\/\/angelsolisnoticias.com\/wp-content\/uploads\/2023\/01\/LOGO3.png","width":1853,"height":570,"caption":"\u00c1ngel Solis"},"image":{"@id":"https:\/\/angelsolisnoticias.com\/#\/schema\/logo\/image\/"},"sameAs":["https:\/\/www.facebook.com\/periodistasquintanaroo","https:\/\/twitter.com\/PERIODISTASQROO"]},{"@type":"Person","@id":"https:\/\/angelsolisnoticias.com\/#\/schema\/person\/d5ca5e4c5f05db44e86cb564bf81ae6f","name":"admin","image":{"@type":"ImageObject","inLanguage":"es","@id":"https:\/\/angelsolisnoticias.com\/#\/schema\/person\/image\/","url":"https:\/\/secure.gravatar.com\/avatar\/dff3eaf7d33320066684ce268bff2bf90ce4f69456139b2d65d7796f64299e47?s=96&d=mm&r=g","contentUrl":"https:\/\/secure.gravatar.com\/avatar\/dff3eaf7d33320066684ce268bff2bf90ce4f69456139b2d65d7796f64299e47?s=96&d=mm&r=g","caption":"admin"},"sameAs":["https:\/\/angelsolisnoticias.com"],"url":"https:\/\/angelsolisnoticias.com\/index.php\/author\/admin_qnbaat5l\/"}]}},"jetpack_featured_media_url":"https:\/\/angelsolisnoticias.com\/wp-content\/uploads\/2024\/05\/Sollidaridad-CAPS1.jpg","_links":{"self":[{"href":"https:\/\/angelsolisnoticias.com\/index.php\/wp-json\/wp\/v2\/posts\/7579","targetHints":{"allow":["GET"]}}],"collection":[{"href":"https:\/\/angelsolisnoticias.com\/index.php\/wp-json\/wp\/v2\/posts"}],"about":[{"href":"https:\/\/angelsolisnoticias.com\/index.php\/wp-json\/wp\/v2\/types\/post"}],"author":[{"embeddable":true,"href":"https:\/\/angelsolisnoticias.com\/index.php\/wp-json\/wp\/v2\/users\/1"}],"replies":[{"embeddable":true,"href":"https:\/\/angelsolisnoticias.com\/index.php\/wp-json\/wp\/v2\/comments?post=7579"}],"version-history":[{"count":3,"href":"https:\/\/angelsolisnoticias.com\/index.php\/wp-json\/wp\/v2\/posts\/7579\/revisions"}],"predecessor-version":[{"id":7584,"href":"https:\/\/angelsolisnoticias.com\/index.php\/wp-json\/wp\/v2\/posts\/7579\/revisions\/7584"}],"wp:featuredmedia":[{"embeddable":true,"href":"https:\/\/angelsolisnoticias.com\/index.php\/wp-json\/wp\/v2\/media\/7582"}],"wp:attachment":[{"href":"https:\/\/angelsolisnoticias.com\/index.php\/wp-json\/wp\/v2\/media?parent=7579"}],"wp:term":[{"taxonomy":"category","embeddable":true,"href":"https:\/\/angelsolisnoticias.com\/index.php\/wp-json\/wp\/v2\/categories?post=7579"},{"taxonomy":"post_tag","embeddable":true,"href":"https:\/\/angelsolisnoticias.com\/index.php\/wp-json\/wp\/v2\/tags?post=7579"}],"curies":[{"name":"wp","href":"https:\/\/api.w.org\/{rel}","templated":true}]}}