{"id":7639,"date":"2024-06-04T11:16:23","date_gmt":"2024-06-04T11:16:23","guid":{"rendered":"https:\/\/angelsolisnoticias.com\/?p=7639"},"modified":"2024-06-04T20:12:20","modified_gmt":"2024-06-04T20:12:20","slug":"quintana-roo-fortalece-unidades-de-salud-con-el-modelo-la-clinica-es-nuestra","status":"publish","type":"post","link":"https:\/\/angelsolisnoticias.com\/index.php\/2024\/06\/04\/quintana-roo-fortalece-unidades-de-salud-con-el-modelo-la-clinica-es-nuestra\/","title":{"rendered":"Quintana Roo fortalece unidades de salud con el modelo \u201cLa Cl\u00ednica es Nuestra\u201d"},"content":{"rendered":"<p>Chetumal, 4 de junio<br \/>\nEspecial<\/p>\n<p>Durante un enlace nacional con el presidente Andr\u00e9s Manuel L\u00f3pez Obrador, la gobernadora Mara Lezama Espinosa particip\u00f3 en la entrega de las primeras 6 tarjetas, de un total de 171, a los comit\u00e9s de salud del bienestar que se integraron al modelo \u201cLa Cl\u00ednica es Nuestra\u201d en la entidad.<\/p>\n<p>Desde la capital del estado, aqu\u00ed donde inicia M\u00e9xico, Mara Lezama expres\u00f3 que en Quintana Roo estos comit\u00e9s est\u00e1n integrados por miembros de la propia comunidad que tendr\u00e1n la oportunidad de identificar las necesidades de las unidades m\u00e9dicas en cuanto a equipo m\u00e9dico, infraestructura y mobiliario.<\/p>\n<p><iframe loading=\"lazy\" style=\"border: none; overflow: hidden;\" src=\"https:\/\/www.facebook.com\/plugins\/video.php?height=314&amp;href=https%3A%2F%2Fwww.facebook.com%2FMaraLezamaOficial%2Fvideos%2F1607212699848395%2F&amp;show_text=false&amp;width=560&amp;t=0\" width=\"560\" height=\"314\" frameborder=\"0\" scrolling=\"no\" allowfullscreen=\"allowfullscreen\"><\/iframe><\/p>\n<p>La gobernadora de Quintana Roo destac\u00f3 que esta participaci\u00f3n ciudadana es sumamente importante porque en estos centros de salud se fortalece la medicina preventiva, la promoci\u00f3n a la salud, el diagn\u00f3stico y tratamiento de enfermedades; la atenci\u00f3n primaria a mujeres, ni\u00f1as, ni\u00f1os, adolescentes y adultos mayores.<\/p>\n<p>\u201cNos permitir\u00e1 disminuir la gran demanda de atenci\u00f3n m\u00e9dica en los hospitales de segundo nivel; y ahora, con la participaci\u00f3n ciudadana \u2013que es lo m\u00e1s importante- se ejercer\u00e1n los recursos de manera transparente para satisfacer las necesidades particulares de cada unidad\u201d a\u00f1adi\u00f3 Mara Lezama desde el Centro de Salud Urbano \u201cLas Am\u00e9ricas\u201d, de Chetumal.<\/p>\n<p><img loading=\"lazy\" decoding=\"async\" class=\"aligncenter wp-image-7644 \" src=\"https:\/\/angelsolisnoticias.com\/wp-content\/uploads\/2024\/06\/Mara-Salud-Amlo2.jpg\" alt=\"\" width=\"549\" height=\"381\" \/><\/p>\n<p>En Quintana Roo se entregar\u00e1n recursos del orden de los 82 millones 400 mil pesos. 124 centros de salud de un consultorio recibir\u00e1n 400 mil pesos; 24 centro de salud de 2 consultorios recibir\u00e1n 600 mil pesos; y 23 centros de salud que operan con 3 a 5 consultorios recibir\u00e1n recursos aproximados a los 800 mil pesos cada uno.<\/p>\n<p>En el enlace, en el que participaron 7 entidades del pa\u00eds, la gobernadora Mara Lezama dijo que salud es una inversi\u00f3n que siempre debe favorecerse, por lo que bajo el liderazgo del presidente L\u00f3pez Obrador, con esta acci\u00f3n y a trav\u00e9s de los comit\u00e9s, el dinero del pueblo llegar\u00e1 al pueblo para mejorar sus centros de salud.<\/p>\n<p><img loading=\"lazy\" decoding=\"async\" class=\"aligncenter wp-image-7643 \" src=\"https:\/\/angelsolisnoticias.com\/wp-content\/uploads\/2024\/06\/Mara-Salud-Amlo3.jpg\" alt=\"\" width=\"573\" height=\"382\" srcset=\"https:\/\/angelsolisnoticias.com\/wp-content\/uploads\/2024\/06\/Mara-Salud-Amlo3.jpg 720w, https:\/\/angelsolisnoticias.com\/wp-content\/uploads\/2024\/06\/Mara-Salud-Amlo3-300x200.jpg 300w\" sizes=\"auto, (max-width: 573px) 100vw, 573px\" \/><\/p>\n<p>Participaron en este evento el secretario de Salud, Flavio Carlos Rosado; el coordinador estatal del IMSS Bienestar, Mois\u00e9s Alejandro Toledo Pensamiento; el delegado de programas para el Bienestar, Arturo Abreu Mar\u00edn; la representante de la Comisi\u00f3n Presidencial para la Implementaci\u00f3n de la Federalizaci\u00f3n de los Servicios de Salud, C\u00e9lida Duque Molina; la m\u00e9dica Adriana Guadalupe Celis Medina; la enfermera Cinthya Margarita M\u00e9ndez Te; el presidente del comit\u00e9, Miguel Campos Mu\u00f1os; y la tesorera Adriana Aguilar Reyes.<\/p>\n","protected":false},"excerpt":{"rendered":"<p>Chetumal, 4 de junio Especial Durante un enlace nacional con el presidente Andr\u00e9s Manuel L\u00f3pez Obrador, la gobernadora Mara Lezama Espinosa particip\u00f3 en la entrega de las primeras 6 tarjetas, de un total de 171, a los comit\u00e9s de salud del bienestar que se integraron al modelo \u201cLa Cl\u00ednica es <a href=\"https:\/\/angelsolisnoticias.com\/index.php\/2024\/06\/04\/quintana-roo-fortalece-unidades-de-salud-con-el-modelo-la-clinica-es-nuestra\/\" class=\"btn btn-link continue-link\">Seguir leyendo<\/a><\/p>\n","protected":false},"author":1,"featured_media":7642,"comment_status":"open","ping_status":"open","sticky":false,"template":"","format":"standard","meta":{"footnotes":""},"categories":[1],"tags":[],"class_list":["post-7639","post","type-post","status-publish","format-standard","has-post-thumbnail","hentry","category-uncategorized"],"yoast_head":"<!-- This site is optimized with the Yoast SEO plugin v21.1 - https:\/\/yoast.com\/wordpress\/plugins\/seo\/ -->\n<title>Quintana Roo fortalece unidades de salud con el modelo \u201cLa Cl\u00ednica es Nuestra\u201d<\/title>\n<meta name=\"description\" content=\".\" \/>\n<meta name=\"robots\" content=\"index, follow, max-snippet:-1, max-image-preview:large, max-video-preview:-1\" \/>\n<link rel=\"canonical\" href=\"https:\/\/angelsolisnoticias.com\/index.php\/2024\/06\/04\/quintana-roo-fortalece-unidades-de-salud-con-el-modelo-la-clinica-es-nuestra\/\" \/>\n<meta property=\"og:locale\" content=\"es_MX\" \/>\n<meta property=\"og:type\" content=\"article\" \/>\n<meta property=\"og:title\" content=\"Quintana Roo fortalece unidades de salud con el modelo \u201cLa Cl\u00ednica es Nuestra\u201d\" \/>\n<meta property=\"og:description\" content=\".\" \/>\n<meta property=\"og:url\" content=\"https:\/\/angelsolisnoticias.com\/index.php\/2024\/06\/04\/quintana-roo-fortalece-unidades-de-salud-con-el-modelo-la-clinica-es-nuestra\/\" \/>\n<meta property=\"og:site_name\" content=\"\u00c1ngel Solis\" \/>\n<meta property=\"article:publisher\" content=\"https:\/\/www.facebook.com\/periodistasquintanaroo\" \/>\n<meta property=\"article:published_time\" content=\"2024-06-04T11:16:23+00:00\" \/>\n<meta property=\"article:modified_time\" content=\"2024-06-04T20:12:20+00:00\" \/>\n<meta property=\"og:image\" content=\"https:\/\/angelsolisnoticias.com\/wp-content\/uploads\/2024\/06\/Mara-Salud-Amlo4.jpg\" \/>\n\t<meta property=\"og:image:width\" content=\"800\" \/>\n\t<meta property=\"og:image:height\" content=\"569\" \/>\n\t<meta property=\"og:image:type\" content=\"image\/jpeg\" \/>\n<meta name=\"author\" content=\"admin\" \/>\n<meta name=\"twitter:card\" content=\"summary_large_image\" \/>\n<meta name=\"twitter:creator\" content=\"@PERIODISTASQROO\" \/>\n<meta name=\"twitter:site\" content=\"@PERIODISTASQROO\" \/>\n<meta name=\"twitter:label1\" content=\"Escrito por\" \/>\n\t<meta name=\"twitter:data1\" content=\"admin\" \/>\n\t<meta name=\"twitter:label2\" content=\"Tiempo de lectura\" \/>\n\t<meta name=\"twitter:data2\" content=\"3 minutos\" \/>\n<script type=\"application\/ld+json\" class=\"yoast-schema-graph\">{\"@context\":\"https:\/\/schema.org\",\"@graph\":[{\"@type\":\"Article\",\"@id\":\"https:\/\/angelsolisnoticias.com\/index.php\/2024\/06\/04\/quintana-roo-fortalece-unidades-de-salud-con-el-modelo-la-clinica-es-nuestra\/#article\",\"isPartOf\":{\"@id\":\"https:\/\/angelsolisnoticias.com\/index.php\/2024\/06\/04\/quintana-roo-fortalece-unidades-de-salud-con-el-modelo-la-clinica-es-nuestra\/\"},\"author\":{\"name\":\"admin\",\"@id\":\"https:\/\/angelsolisnoticias.com\/#\/schema\/person\/d5ca5e4c5f05db44e86cb564bf81ae6f\"},\"headline\":\"Quintana Roo fortalece unidades de salud con el modelo \u201cLa Cl\u00ednica es Nuestra\u201d\",\"datePublished\":\"2024-06-04T11:16:23+00:00\",\"dateModified\":\"2024-06-04T20:12:20+00:00\",\"mainEntityOfPage\":{\"@id\":\"https:\/\/angelsolisnoticias.com\/index.php\/2024\/06\/04\/quintana-roo-fortalece-unidades-de-salud-con-el-modelo-la-clinica-es-nuestra\/\"},\"wordCount\":433,\"commentCount\":0,\"publisher\":{\"@id\":\"https:\/\/angelsolisnoticias.com\/#organization\"},\"articleSection\":[\"Uncategorized\"],\"inLanguage\":\"es\",\"potentialAction\":[{\"@type\":\"CommentAction\",\"name\":\"Comment\",\"target\":[\"https:\/\/angelsolisnoticias.com\/index.php\/2024\/06\/04\/quintana-roo-fortalece-unidades-de-salud-con-el-modelo-la-clinica-es-nuestra\/#respond\"]}]},{\"@type\":\"WebPage\",\"@id\":\"https:\/\/angelsolisnoticias.com\/index.php\/2024\/06\/04\/quintana-roo-fortalece-unidades-de-salud-con-el-modelo-la-clinica-es-nuestra\/\",\"url\":\"https:\/\/angelsolisnoticias.com\/index.php\/2024\/06\/04\/quintana-roo-fortalece-unidades-de-salud-con-el-modelo-la-clinica-es-nuestra\/\",\"name\":\"Quintana Roo fortalece unidades de salud con el modelo \u201cLa Cl\u00ednica es Nuestra\u201d\",\"isPartOf\":{\"@id\":\"https:\/\/angelsolisnoticias.com\/#website\"},\"datePublished\":\"2024-06-04T11:16:23+00:00\",\"dateModified\":\"2024-06-04T20:12:20+00:00\",\"description\":\".\",\"breadcrumb\":{\"@id\":\"https:\/\/angelsolisnoticias.com\/index.php\/2024\/06\/04\/quintana-roo-fortalece-unidades-de-salud-con-el-modelo-la-clinica-es-nuestra\/#breadcrumb\"},\"inLanguage\":\"es\",\"potentialAction\":[{\"@type\":\"ReadAction\",\"target\":[\"https:\/\/angelsolisnoticias.com\/index.php\/2024\/06\/04\/quintana-roo-fortalece-unidades-de-salud-con-el-modelo-la-clinica-es-nuestra\/\"]}]},{\"@type\":\"BreadcrumbList\",\"@id\":\"https:\/\/angelsolisnoticias.com\/index.php\/2024\/06\/04\/quintana-roo-fortalece-unidades-de-salud-con-el-modelo-la-clinica-es-nuestra\/#breadcrumb\",\"itemListElement\":[{\"@type\":\"ListItem\",\"position\":1,\"name\":\"Inicio\",\"item\":\"https:\/\/angelsolisnoticias.com\/\"},{\"@type\":\"ListItem\",\"position\":2,\"name\":\"Quintana Roo fortalece unidades de salud con el modelo \u201cLa Cl\u00ednica es Nuestra\u201d\"}]},{\"@type\":\"WebSite\",\"@id\":\"https:\/\/angelsolisnoticias.com\/#website\",\"url\":\"https:\/\/angelsolisnoticias.com\/\",\"name\":\"\u00c1ngel Solis\",\"description\":\"Noticias de Quintana Roo\",\"publisher\":{\"@id\":\"https:\/\/angelsolisnoticias.com\/#organization\"},\"potentialAction\":[{\"@type\":\"SearchAction\",\"target\":{\"@type\":\"EntryPoint\",\"urlTemplate\":\"https:\/\/angelsolisnoticias.com\/?s={search_term_string}\"},\"query-input\":\"required name=search_term_string\"}],\"inLanguage\":\"es\"},{\"@type\":\"Organization\",\"@id\":\"https:\/\/angelsolisnoticias.com\/#organization\",\"name\":\"\u00c1ngel Solis\",\"url\":\"https:\/\/angelsolisnoticias.com\/\",\"logo\":{\"@type\":\"ImageObject\",\"inLanguage\":\"es\",\"@id\":\"https:\/\/angelsolisnoticias.com\/#\/schema\/logo\/image\/\",\"url\":\"https:\/\/angelsolisnoticias.com\/wp-content\/uploads\/2023\/01\/LOGO3.png\",\"contentUrl\":\"https:\/\/angelsolisnoticias.com\/wp-content\/uploads\/2023\/01\/LOGO3.png\",\"width\":1853,\"height\":570,\"caption\":\"\u00c1ngel Solis\"},\"image\":{\"@id\":\"https:\/\/angelsolisnoticias.com\/#\/schema\/logo\/image\/\"},\"sameAs\":[\"https:\/\/www.facebook.com\/periodistasquintanaroo\",\"https:\/\/twitter.com\/PERIODISTASQROO\"]},{\"@type\":\"Person\",\"@id\":\"https:\/\/angelsolisnoticias.com\/#\/schema\/person\/d5ca5e4c5f05db44e86cb564bf81ae6f\",\"name\":\"admin\",\"image\":{\"@type\":\"ImageObject\",\"inLanguage\":\"es\",\"@id\":\"https:\/\/angelsolisnoticias.com\/#\/schema\/person\/image\/\",\"url\":\"https:\/\/secure.gravatar.com\/avatar\/dff3eaf7d33320066684ce268bff2bf90ce4f69456139b2d65d7796f64299e47?s=96&d=mm&r=g\",\"contentUrl\":\"https:\/\/secure.gravatar.com\/avatar\/dff3eaf7d33320066684ce268bff2bf90ce4f69456139b2d65d7796f64299e47?s=96&d=mm&r=g\",\"caption\":\"admin\"},\"sameAs\":[\"https:\/\/angelsolisnoticias.com\"],\"url\":\"https:\/\/angelsolisnoticias.com\/index.php\/author\/admin_qnbaat5l\/\"}]}<\/script>\n<!-- \/ Yoast SEO plugin. -->","yoast_head_json":{"title":"Quintana Roo fortalece unidades de salud con el modelo \u201cLa Cl\u00ednica es Nuestra\u201d","description":".","robots":{"index":"index","follow":"follow","max-snippet":"max-snippet:-1","max-image-preview":"max-image-preview:large","max-video-preview":"max-video-preview:-1"},"canonical":"https:\/\/angelsolisnoticias.com\/index.php\/2024\/06\/04\/quintana-roo-fortalece-unidades-de-salud-con-el-modelo-la-clinica-es-nuestra\/","og_locale":"es_MX","og_type":"article","og_title":"Quintana Roo fortalece unidades de salud con el modelo \u201cLa Cl\u00ednica es Nuestra\u201d","og_description":".","og_url":"https:\/\/angelsolisnoticias.com\/index.php\/2024\/06\/04\/quintana-roo-fortalece-unidades-de-salud-con-el-modelo-la-clinica-es-nuestra\/","og_site_name":"\u00c1ngel Solis","article_publisher":"https:\/\/www.facebook.com\/periodistasquintanaroo","article_published_time":"2024-06-04T11:16:23+00:00","article_modified_time":"2024-06-04T20:12:20+00:00","og_image":[{"width":800,"height":569,"url":"https:\/\/angelsolisnoticias.com\/wp-content\/uploads\/2024\/06\/Mara-Salud-Amlo4.jpg","type":"image\/jpeg"}],"author":"admin","twitter_card":"summary_large_image","twitter_creator":"@PERIODISTASQROO","twitter_site":"@PERIODISTASQROO","twitter_misc":{"Escrito por":"admin","Tiempo de lectura":"3 minutos"},"schema":{"@context":"https:\/\/schema.org","@graph":[{"@type":"Article","@id":"https:\/\/angelsolisnoticias.com\/index.php\/2024\/06\/04\/quintana-roo-fortalece-unidades-de-salud-con-el-modelo-la-clinica-es-nuestra\/#article","isPartOf":{"@id":"https:\/\/angelsolisnoticias.com\/index.php\/2024\/06\/04\/quintana-roo-fortalece-unidades-de-salud-con-el-modelo-la-clinica-es-nuestra\/"},"author":{"name":"admin","@id":"https:\/\/angelsolisnoticias.com\/#\/schema\/person\/d5ca5e4c5f05db44e86cb564bf81ae6f"},"headline":"Quintana Roo fortalece unidades de salud con el modelo \u201cLa Cl\u00ednica es Nuestra\u201d","datePublished":"2024-06-04T11:16:23+00:00","dateModified":"2024-06-04T20:12:20+00:00","mainEntityOfPage":{"@id":"https:\/\/angelsolisnoticias.com\/index.php\/2024\/06\/04\/quintana-roo-fortalece-unidades-de-salud-con-el-modelo-la-clinica-es-nuestra\/"},"wordCount":433,"commentCount":0,"publisher":{"@id":"https:\/\/angelsolisnoticias.com\/#organization"},"articleSection":["Uncategorized"],"inLanguage":"es","potentialAction":[{"@type":"CommentAction","name":"Comment","target":["https:\/\/angelsolisnoticias.com\/index.php\/2024\/06\/04\/quintana-roo-fortalece-unidades-de-salud-con-el-modelo-la-clinica-es-nuestra\/#respond"]}]},{"@type":"WebPage","@id":"https:\/\/angelsolisnoticias.com\/index.php\/2024\/06\/04\/quintana-roo-fortalece-unidades-de-salud-con-el-modelo-la-clinica-es-nuestra\/","url":"https:\/\/angelsolisnoticias.com\/index.php\/2024\/06\/04\/quintana-roo-fortalece-unidades-de-salud-con-el-modelo-la-clinica-es-nuestra\/","name":"Quintana Roo fortalece unidades de salud con el modelo \u201cLa Cl\u00ednica es Nuestra\u201d","isPartOf":{"@id":"https:\/\/angelsolisnoticias.com\/#website"},"datePublished":"2024-06-04T11:16:23+00:00","dateModified":"2024-06-04T20:12:20+00:00","description":".","breadcrumb":{"@id":"https:\/\/angelsolisnoticias.com\/index.php\/2024\/06\/04\/quintana-roo-fortalece-unidades-de-salud-con-el-modelo-la-clinica-es-nuestra\/#breadcrumb"},"inLanguage":"es","potentialAction":[{"@type":"ReadAction","target":["https:\/\/angelsolisnoticias.com\/index.php\/2024\/06\/04\/quintana-roo-fortalece-unidades-de-salud-con-el-modelo-la-clinica-es-nuestra\/"]}]},{"@type":"BreadcrumbList","@id":"https:\/\/angelsolisnoticias.com\/index.php\/2024\/06\/04\/quintana-roo-fortalece-unidades-de-salud-con-el-modelo-la-clinica-es-nuestra\/#breadcrumb","itemListElement":[{"@type":"ListItem","position":1,"name":"Inicio","item":"https:\/\/angelsolisnoticias.com\/"},{"@type":"ListItem","position":2,"name":"Quintana Roo fortalece unidades de salud con el modelo \u201cLa Cl\u00ednica es Nuestra\u201d"}]},{"@type":"WebSite","@id":"https:\/\/angelsolisnoticias.com\/#website","url":"https:\/\/angelsolisnoticias.com\/","name":"\u00c1ngel Solis","description":"Noticias de Quintana Roo","publisher":{"@id":"https:\/\/angelsolisnoticias.com\/#organization"},"potentialAction":[{"@type":"SearchAction","target":{"@type":"EntryPoint","urlTemplate":"https:\/\/angelsolisnoticias.com\/?s={search_term_string}"},"query-input":"required name=search_term_string"}],"inLanguage":"es"},{"@type":"Organization","@id":"https:\/\/angelsolisnoticias.com\/#organization","name":"\u00c1ngel Solis","url":"https:\/\/angelsolisnoticias.com\/","logo":{"@type":"ImageObject","inLanguage":"es","@id":"https:\/\/angelsolisnoticias.com\/#\/schema\/logo\/image\/","url":"https:\/\/angelsolisnoticias.com\/wp-content\/uploads\/2023\/01\/LOGO3.png","contentUrl":"https:\/\/angelsolisnoticias.com\/wp-content\/uploads\/2023\/01\/LOGO3.png","width":1853,"height":570,"caption":"\u00c1ngel Solis"},"image":{"@id":"https:\/\/angelsolisnoticias.com\/#\/schema\/logo\/image\/"},"sameAs":["https:\/\/www.facebook.com\/periodistasquintanaroo","https:\/\/twitter.com\/PERIODISTASQROO"]},{"@type":"Person","@id":"https:\/\/angelsolisnoticias.com\/#\/schema\/person\/d5ca5e4c5f05db44e86cb564bf81ae6f","name":"admin","image":{"@type":"ImageObject","inLanguage":"es","@id":"https:\/\/angelsolisnoticias.com\/#\/schema\/person\/image\/","url":"https:\/\/secure.gravatar.com\/avatar\/dff3eaf7d33320066684ce268bff2bf90ce4f69456139b2d65d7796f64299e47?s=96&d=mm&r=g","contentUrl":"https:\/\/secure.gravatar.com\/avatar\/dff3eaf7d33320066684ce268bff2bf90ce4f69456139b2d65d7796f64299e47?s=96&d=mm&r=g","caption":"admin"},"sameAs":["https:\/\/angelsolisnoticias.com"],"url":"https:\/\/angelsolisnoticias.com\/index.php\/author\/admin_qnbaat5l\/"}]}},"jetpack_featured_media_url":"https:\/\/angelsolisnoticias.com\/wp-content\/uploads\/2024\/06\/Mara-Salud-Amlo4.jpg","_links":{"self":[{"href":"https:\/\/angelsolisnoticias.com\/index.php\/wp-json\/wp\/v2\/posts\/7639","targetHints":{"allow":["GET"]}}],"collection":[{"href":"https:\/\/angelsolisnoticias.com\/index.php\/wp-json\/wp\/v2\/posts"}],"about":[{"href":"https:\/\/angelsolisnoticias.com\/index.php\/wp-json\/wp\/v2\/types\/post"}],"author":[{"embeddable":true,"href":"https:\/\/angelsolisnoticias.com\/index.php\/wp-json\/wp\/v2\/users\/1"}],"replies":[{"embeddable":true,"href":"https:\/\/angelsolisnoticias.com\/index.php\/wp-json\/wp\/v2\/comments?post=7639"}],"version-history":[{"count":3,"href":"https:\/\/angelsolisnoticias.com\/index.php\/wp-json\/wp\/v2\/posts\/7639\/revisions"}],"predecessor-version":[{"id":7645,"href":"https:\/\/angelsolisnoticias.com\/index.php\/wp-json\/wp\/v2\/posts\/7639\/revisions\/7645"}],"wp:featuredmedia":[{"embeddable":true,"href":"https:\/\/angelsolisnoticias.com\/index.php\/wp-json\/wp\/v2\/media\/7642"}],"wp:attachment":[{"href":"https:\/\/angelsolisnoticias.com\/index.php\/wp-json\/wp\/v2\/media?parent=7639"}],"wp:term":[{"taxonomy":"category","embeddable":true,"href":"https:\/\/angelsolisnoticias.com\/index.php\/wp-json\/wp\/v2\/categories?post=7639"},{"taxonomy":"post_tag","embeddable":true,"href":"https:\/\/angelsolisnoticias.com\/index.php\/wp-json\/wp\/v2\/tags?post=7639"}],"curies":[{"name":"wp","href":"https:\/\/api.w.org\/{rel}","templated":true}]}}