{"id":7664,"date":"2024-06-05T10:14:03","date_gmt":"2024-06-05T10:14:03","guid":{"rendered":"https:\/\/angelsolisnoticias.com\/?p=7664"},"modified":"2024-06-05T19:21:14","modified_gmt":"2024-06-05T19:21:14","slug":"mara-lezama-resalta-el-compromiso-con-el-desarrollo-sostenible-y-sustentable-en-el-dia-mundial-del-medio-ambiente","status":"publish","type":"post","link":"https:\/\/angelsolisnoticias.com\/index.php\/2024\/06\/05\/mara-lezama-resalta-el-compromiso-con-el-desarrollo-sostenible-y-sustentable-en-el-dia-mundial-del-medio-ambiente\/","title":{"rendered":"Mara Lezama resalta el compromiso con el desarrollo sostenible y sustentable en el D\u00eda Mundial del Medio Ambiente"},"content":{"rendered":"<p>Canc\u00fan, 5 de junio<br \/>\nEspecial<\/p>\n<p>En conmemoraci\u00f3n del D\u00eda Mundial del Medio Ambiente, una fecha para reflexionar sobre la importancia de la vida en general, la gobernadora Mara Lezama\u00a0 Espinosa exhort\u00f3 a todas y todos los quintanarroenses a conservar nuestra riqueza natural, el medio ambiente, que tanto nos ha dado.<\/p>\n<p>Con la presencia de numerosos j\u00f3venes y ante el escenario maravilloso del parque Kabah, la titular del Ejecutivo pidi\u00f3 no perder de vista que vivimos en un estado privilegiado, con abundantes recursos naturales, que mucho se ha hecho para su preservaci\u00f3n pero que todav\u00eda falta mucho por hacer.<\/p>\n<p>Este a\u00f1o el lema del D\u00eda Mundial del Medio Ambiente es: &#8220;Nuestras tierras. Nuestro futuro. Somos la #Generaci\u00f3n Restauraci\u00f3n&#8221;.<\/p>\n<p><img loading=\"lazy\" decoding=\"async\" class=\"aligncenter wp-image-7669 \" src=\"https:\/\/angelsolisnoticias.com\/wp-content\/uploads\/2024\/06\/Mara-medio-ambiente5.jpg\" alt=\"\" width=\"638\" height=\"344\" srcset=\"https:\/\/angelsolisnoticias.com\/wp-content\/uploads\/2024\/06\/Mara-medio-ambiente5.jpg 720w, https:\/\/angelsolisnoticias.com\/wp-content\/uploads\/2024\/06\/Mara-medio-ambiente5-300x162.jpg 300w\" sizes=\"auto, (max-width: 638px) 100vw, 638px\" \/><\/p>\n<p>Al respecto, Mara Lezama record\u00f3 que como gobierno se han donado hect\u00e1reas para tener m\u00e1s \u00e1reas naturales protegidas, porque se quiere tener grandes extensiones libres, protegidos; se han realizado limpieza de playas, se han restaurado ecosistemas.<\/p>\n<p>Por ello hizo notar que s\u00ed le apostamos al desarrollo, al crecimiento, pero con orden, sustentable y sostenible, para convivir y armonizar el crecimiento, pero con planeaci\u00f3n y ordenado, porque no podemos privar disfrutar de una riqueza natural a los quintanarroenses y a los turistas, tal como se establece en el Nuevo Acuerdo por el Bienestar y Desarrollo de Quintana Roo.<\/p>\n<p><img loading=\"lazy\" decoding=\"async\" class=\"aligncenter wp-image-7667 \" src=\"https:\/\/angelsolisnoticias.com\/wp-content\/uploads\/2024\/06\/Mara-medio-ambiente7.jpg\" alt=\"\" width=\"608\" height=\"405\" srcset=\"https:\/\/angelsolisnoticias.com\/wp-content\/uploads\/2024\/06\/Mara-medio-ambiente7.jpg 720w, https:\/\/angelsolisnoticias.com\/wp-content\/uploads\/2024\/06\/Mara-medio-ambiente7-300x200.jpg 300w\" sizes=\"auto, (max-width: 608px) 100vw, 608px\" \/><\/p>\n<p>Es importante para este destino tur\u00edstico de clase mundial conservar espacios verdes para contrarrestar, amortiguar el impacto de la urbanizaci\u00f3n en constante crecimiento, como este parque Kabah es un oasis en medio de la ciudad, ofreciendo un espacio para el esparcimiento, pero en conexi\u00f3n con la biodiversidad.<\/p>\n<p>Mara Lezama pidi\u00f3 a las y los j\u00f3venes a amar esta tierra, en donde se vive la naturaleza, donde se tiene la fortuna de ver, observar un Tuc\u00e1n y decidir d\u00f3nde queremos que vivan nuestros hijos, nuestros nietos, pero depende de las decisiones que tomemos.<\/p>\n<p><img loading=\"lazy\" decoding=\"async\" class=\"aligncenter wp-image-7668 \" src=\"https:\/\/angelsolisnoticias.com\/wp-content\/uploads\/2024\/06\/Mara-medio-ambiente6.jpg\" alt=\"\" width=\"606\" height=\"404\" srcset=\"https:\/\/angelsolisnoticias.com\/wp-content\/uploads\/2024\/06\/Mara-medio-ambiente6.jpg 720w, https:\/\/angelsolisnoticias.com\/wp-content\/uploads\/2024\/06\/Mara-medio-ambiente6-300x200.jpg 300w\" sizes=\"auto, (max-width: 606px) 100vw, 606px\" \/><\/p>\n<p>Por ello pidi\u00f3 fortalecer acciones, pues hay un largo camino por andar, sobre todo la generaci\u00f3n de la restauraci\u00f3n, para que la prosperidad compartida se consolide si todos cuidamos nuestro entorno.<\/p>\n<p>La exposici\u00f3n de motivos estuvo a cargo de la secretaria de Medio Ambiente (SEMA) Josefina Huguette Hern\u00e1ndez, quien destac\u00f3 el lema de la ONU para este a\u00f1o y el compromiso que debemos asumir para tener un medio ambiente sano para las presentes y futuras generaciones.<\/p>\n","protected":false},"excerpt":{"rendered":"<p>Canc\u00fan, 5 de junio Especial En conmemoraci\u00f3n del D\u00eda Mundial del Medio Ambiente, una fecha para reflexionar sobre la importancia de la vida en general, la gobernadora Mara Lezama\u00a0 Espinosa exhort\u00f3 a todas y todos los quintanarroenses a conservar nuestra riqueza natural, el medio ambiente, que tanto nos ha dado. <a href=\"https:\/\/angelsolisnoticias.com\/index.php\/2024\/06\/05\/mara-lezama-resalta-el-compromiso-con-el-desarrollo-sostenible-y-sustentable-en-el-dia-mundial-del-medio-ambiente\/\" class=\"btn btn-link continue-link\">Seguir leyendo<\/a><\/p>\n","protected":false},"author":1,"featured_media":7666,"comment_status":"open","ping_status":"open","sticky":false,"template":"","format":"standard","meta":{"footnotes":""},"categories":[1],"tags":[],"class_list":["post-7664","post","type-post","status-publish","format-standard","has-post-thumbnail","hentry","category-uncategorized"],"yoast_head":"<!-- This site is optimized with the Yoast SEO plugin v21.1 - https:\/\/yoast.com\/wordpress\/plugins\/seo\/ -->\n<title>Mara Lezama resalta el compromiso con el desarrollo sostenible y sustentable en el D\u00eda Mundial del Medio Ambiente<\/title>\n<meta name=\"description\" content=\".\" \/>\n<meta name=\"robots\" content=\"index, follow, max-snippet:-1, max-image-preview:large, max-video-preview:-1\" \/>\n<link rel=\"canonical\" href=\"https:\/\/angelsolisnoticias.com\/index.php\/2024\/06\/05\/mara-lezama-resalta-el-compromiso-con-el-desarrollo-sostenible-y-sustentable-en-el-dia-mundial-del-medio-ambiente\/\" \/>\n<meta property=\"og:locale\" content=\"es_MX\" \/>\n<meta property=\"og:type\" content=\"article\" \/>\n<meta property=\"og:title\" content=\"Mara Lezama resalta el compromiso con el desarrollo sostenible y sustentable en el D\u00eda Mundial del Medio Ambiente\" \/>\n<meta property=\"og:description\" content=\".\" \/>\n<meta property=\"og:url\" content=\"https:\/\/angelsolisnoticias.com\/index.php\/2024\/06\/05\/mara-lezama-resalta-el-compromiso-con-el-desarrollo-sostenible-y-sustentable-en-el-dia-mundial-del-medio-ambiente\/\" \/>\n<meta property=\"og:site_name\" content=\"\u00c1ngel Solis\" \/>\n<meta property=\"article:publisher\" content=\"https:\/\/www.facebook.com\/periodistasquintanaroo\" \/>\n<meta property=\"article:published_time\" content=\"2024-06-05T10:14:03+00:00\" \/>\n<meta property=\"article:modified_time\" content=\"2024-06-05T19:21:14+00:00\" \/>\n<meta property=\"og:image\" content=\"https:\/\/angelsolisnoticias.com\/wp-content\/uploads\/2024\/06\/Mara-medio-ambiente8.jpg\" \/>\n\t<meta property=\"og:image:width\" content=\"800\" \/>\n\t<meta property=\"og:image:height\" content=\"569\" \/>\n\t<meta property=\"og:image:type\" content=\"image\/jpeg\" \/>\n<meta name=\"author\" content=\"admin\" \/>\n<meta name=\"twitter:card\" content=\"summary_large_image\" \/>\n<meta name=\"twitter:creator\" content=\"@PERIODISTASQROO\" \/>\n<meta name=\"twitter:site\" content=\"@PERIODISTASQROO\" \/>\n<meta name=\"twitter:label1\" content=\"Escrito por\" \/>\n\t<meta name=\"twitter:data1\" content=\"admin\" \/>\n\t<meta name=\"twitter:label2\" content=\"Tiempo de lectura\" \/>\n\t<meta name=\"twitter:data2\" content=\"3 minutos\" \/>\n<script type=\"application\/ld+json\" class=\"yoast-schema-graph\">{\"@context\":\"https:\/\/schema.org\",\"@graph\":[{\"@type\":\"Article\",\"@id\":\"https:\/\/angelsolisnoticias.com\/index.php\/2024\/06\/05\/mara-lezama-resalta-el-compromiso-con-el-desarrollo-sostenible-y-sustentable-en-el-dia-mundial-del-medio-ambiente\/#article\",\"isPartOf\":{\"@id\":\"https:\/\/angelsolisnoticias.com\/index.php\/2024\/06\/05\/mara-lezama-resalta-el-compromiso-con-el-desarrollo-sostenible-y-sustentable-en-el-dia-mundial-del-medio-ambiente\/\"},\"author\":{\"name\":\"admin\",\"@id\":\"https:\/\/angelsolisnoticias.com\/#\/schema\/person\/d5ca5e4c5f05db44e86cb564bf81ae6f\"},\"headline\":\"Mara Lezama resalta el compromiso con el desarrollo sostenible y sustentable en el D\u00eda Mundial del Medio Ambiente\",\"datePublished\":\"2024-06-05T10:14:03+00:00\",\"dateModified\":\"2024-06-05T19:21:14+00:00\",\"mainEntityOfPage\":{\"@id\":\"https:\/\/angelsolisnoticias.com\/index.php\/2024\/06\/05\/mara-lezama-resalta-el-compromiso-con-el-desarrollo-sostenible-y-sustentable-en-el-dia-mundial-del-medio-ambiente\/\"},\"wordCount\":424,\"commentCount\":0,\"publisher\":{\"@id\":\"https:\/\/angelsolisnoticias.com\/#organization\"},\"articleSection\":[\"Uncategorized\"],\"inLanguage\":\"es\",\"potentialAction\":[{\"@type\":\"CommentAction\",\"name\":\"Comment\",\"target\":[\"https:\/\/angelsolisnoticias.com\/index.php\/2024\/06\/05\/mara-lezama-resalta-el-compromiso-con-el-desarrollo-sostenible-y-sustentable-en-el-dia-mundial-del-medio-ambiente\/#respond\"]}]},{\"@type\":\"WebPage\",\"@id\":\"https:\/\/angelsolisnoticias.com\/index.php\/2024\/06\/05\/mara-lezama-resalta-el-compromiso-con-el-desarrollo-sostenible-y-sustentable-en-el-dia-mundial-del-medio-ambiente\/\",\"url\":\"https:\/\/angelsolisnoticias.com\/index.php\/2024\/06\/05\/mara-lezama-resalta-el-compromiso-con-el-desarrollo-sostenible-y-sustentable-en-el-dia-mundial-del-medio-ambiente\/\",\"name\":\"Mara Lezama resalta el compromiso con el desarrollo sostenible y sustentable en el D\u00eda Mundial del Medio Ambiente\",\"isPartOf\":{\"@id\":\"https:\/\/angelsolisnoticias.com\/#website\"},\"datePublished\":\"2024-06-05T10:14:03+00:00\",\"dateModified\":\"2024-06-05T19:21:14+00:00\",\"description\":\".\",\"breadcrumb\":{\"@id\":\"https:\/\/angelsolisnoticias.com\/index.php\/2024\/06\/05\/mara-lezama-resalta-el-compromiso-con-el-desarrollo-sostenible-y-sustentable-en-el-dia-mundial-del-medio-ambiente\/#breadcrumb\"},\"inLanguage\":\"es\",\"potentialAction\":[{\"@type\":\"ReadAction\",\"target\":[\"https:\/\/angelsolisnoticias.com\/index.php\/2024\/06\/05\/mara-lezama-resalta-el-compromiso-con-el-desarrollo-sostenible-y-sustentable-en-el-dia-mundial-del-medio-ambiente\/\"]}]},{\"@type\":\"BreadcrumbList\",\"@id\":\"https:\/\/angelsolisnoticias.com\/index.php\/2024\/06\/05\/mara-lezama-resalta-el-compromiso-con-el-desarrollo-sostenible-y-sustentable-en-el-dia-mundial-del-medio-ambiente\/#breadcrumb\",\"itemListElement\":[{\"@type\":\"ListItem\",\"position\":1,\"name\":\"Inicio\",\"item\":\"https:\/\/angelsolisnoticias.com\/\"},{\"@type\":\"ListItem\",\"position\":2,\"name\":\"Mara Lezama resalta el compromiso con el desarrollo sostenible y sustentable en el D\u00eda Mundial del Medio Ambiente\"}]},{\"@type\":\"WebSite\",\"@id\":\"https:\/\/angelsolisnoticias.com\/#website\",\"url\":\"https:\/\/angelsolisnoticias.com\/\",\"name\":\"\u00c1ngel Solis\",\"description\":\"Noticias de Quintana Roo\",\"publisher\":{\"@id\":\"https:\/\/angelsolisnoticias.com\/#organization\"},\"potentialAction\":[{\"@type\":\"SearchAction\",\"target\":{\"@type\":\"EntryPoint\",\"urlTemplate\":\"https:\/\/angelsolisnoticias.com\/?s={search_term_string}\"},\"query-input\":\"required name=search_term_string\"}],\"inLanguage\":\"es\"},{\"@type\":\"Organization\",\"@id\":\"https:\/\/angelsolisnoticias.com\/#organization\",\"name\":\"\u00c1ngel Solis\",\"url\":\"https:\/\/angelsolisnoticias.com\/\",\"logo\":{\"@type\":\"ImageObject\",\"inLanguage\":\"es\",\"@id\":\"https:\/\/angelsolisnoticias.com\/#\/schema\/logo\/image\/\",\"url\":\"https:\/\/angelsolisnoticias.com\/wp-content\/uploads\/2023\/01\/LOGO3.png\",\"contentUrl\":\"https:\/\/angelsolisnoticias.com\/wp-content\/uploads\/2023\/01\/LOGO3.png\",\"width\":1853,\"height\":570,\"caption\":\"\u00c1ngel Solis\"},\"image\":{\"@id\":\"https:\/\/angelsolisnoticias.com\/#\/schema\/logo\/image\/\"},\"sameAs\":[\"https:\/\/www.facebook.com\/periodistasquintanaroo\",\"https:\/\/twitter.com\/PERIODISTASQROO\"]},{\"@type\":\"Person\",\"@id\":\"https:\/\/angelsolisnoticias.com\/#\/schema\/person\/d5ca5e4c5f05db44e86cb564bf81ae6f\",\"name\":\"admin\",\"image\":{\"@type\":\"ImageObject\",\"inLanguage\":\"es\",\"@id\":\"https:\/\/angelsolisnoticias.com\/#\/schema\/person\/image\/\",\"url\":\"https:\/\/secure.gravatar.com\/avatar\/dff3eaf7d33320066684ce268bff2bf90ce4f69456139b2d65d7796f64299e47?s=96&d=mm&r=g\",\"contentUrl\":\"https:\/\/secure.gravatar.com\/avatar\/dff3eaf7d33320066684ce268bff2bf90ce4f69456139b2d65d7796f64299e47?s=96&d=mm&r=g\",\"caption\":\"admin\"},\"sameAs\":[\"https:\/\/angelsolisnoticias.com\"],\"url\":\"https:\/\/angelsolisnoticias.com\/index.php\/author\/admin_qnbaat5l\/\"}]}<\/script>\n<!-- \/ Yoast SEO plugin. -->","yoast_head_json":{"title":"Mara Lezama resalta el compromiso con el desarrollo sostenible y sustentable en el D\u00eda Mundial del Medio Ambiente","description":".","robots":{"index":"index","follow":"follow","max-snippet":"max-snippet:-1","max-image-preview":"max-image-preview:large","max-video-preview":"max-video-preview:-1"},"canonical":"https:\/\/angelsolisnoticias.com\/index.php\/2024\/06\/05\/mara-lezama-resalta-el-compromiso-con-el-desarrollo-sostenible-y-sustentable-en-el-dia-mundial-del-medio-ambiente\/","og_locale":"es_MX","og_type":"article","og_title":"Mara Lezama resalta el compromiso con el desarrollo sostenible y sustentable en el D\u00eda Mundial del Medio Ambiente","og_description":".","og_url":"https:\/\/angelsolisnoticias.com\/index.php\/2024\/06\/05\/mara-lezama-resalta-el-compromiso-con-el-desarrollo-sostenible-y-sustentable-en-el-dia-mundial-del-medio-ambiente\/","og_site_name":"\u00c1ngel Solis","article_publisher":"https:\/\/www.facebook.com\/periodistasquintanaroo","article_published_time":"2024-06-05T10:14:03+00:00","article_modified_time":"2024-06-05T19:21:14+00:00","og_image":[{"width":800,"height":569,"url":"https:\/\/angelsolisnoticias.com\/wp-content\/uploads\/2024\/06\/Mara-medio-ambiente8.jpg","type":"image\/jpeg"}],"author":"admin","twitter_card":"summary_large_image","twitter_creator":"@PERIODISTASQROO","twitter_site":"@PERIODISTASQROO","twitter_misc":{"Escrito por":"admin","Tiempo de lectura":"3 minutos"},"schema":{"@context":"https:\/\/schema.org","@graph":[{"@type":"Article","@id":"https:\/\/angelsolisnoticias.com\/index.php\/2024\/06\/05\/mara-lezama-resalta-el-compromiso-con-el-desarrollo-sostenible-y-sustentable-en-el-dia-mundial-del-medio-ambiente\/#article","isPartOf":{"@id":"https:\/\/angelsolisnoticias.com\/index.php\/2024\/06\/05\/mara-lezama-resalta-el-compromiso-con-el-desarrollo-sostenible-y-sustentable-en-el-dia-mundial-del-medio-ambiente\/"},"author":{"name":"admin","@id":"https:\/\/angelsolisnoticias.com\/#\/schema\/person\/d5ca5e4c5f05db44e86cb564bf81ae6f"},"headline":"Mara Lezama resalta el compromiso con el desarrollo sostenible y sustentable en el D\u00eda Mundial del Medio Ambiente","datePublished":"2024-06-05T10:14:03+00:00","dateModified":"2024-06-05T19:21:14+00:00","mainEntityOfPage":{"@id":"https:\/\/angelsolisnoticias.com\/index.php\/2024\/06\/05\/mara-lezama-resalta-el-compromiso-con-el-desarrollo-sostenible-y-sustentable-en-el-dia-mundial-del-medio-ambiente\/"},"wordCount":424,"commentCount":0,"publisher":{"@id":"https:\/\/angelsolisnoticias.com\/#organization"},"articleSection":["Uncategorized"],"inLanguage":"es","potentialAction":[{"@type":"CommentAction","name":"Comment","target":["https:\/\/angelsolisnoticias.com\/index.php\/2024\/06\/05\/mara-lezama-resalta-el-compromiso-con-el-desarrollo-sostenible-y-sustentable-en-el-dia-mundial-del-medio-ambiente\/#respond"]}]},{"@type":"WebPage","@id":"https:\/\/angelsolisnoticias.com\/index.php\/2024\/06\/05\/mara-lezama-resalta-el-compromiso-con-el-desarrollo-sostenible-y-sustentable-en-el-dia-mundial-del-medio-ambiente\/","url":"https:\/\/angelsolisnoticias.com\/index.php\/2024\/06\/05\/mara-lezama-resalta-el-compromiso-con-el-desarrollo-sostenible-y-sustentable-en-el-dia-mundial-del-medio-ambiente\/","name":"Mara Lezama resalta el compromiso con el desarrollo sostenible y sustentable en el D\u00eda Mundial del Medio Ambiente","isPartOf":{"@id":"https:\/\/angelsolisnoticias.com\/#website"},"datePublished":"2024-06-05T10:14:03+00:00","dateModified":"2024-06-05T19:21:14+00:00","description":".","breadcrumb":{"@id":"https:\/\/angelsolisnoticias.com\/index.php\/2024\/06\/05\/mara-lezama-resalta-el-compromiso-con-el-desarrollo-sostenible-y-sustentable-en-el-dia-mundial-del-medio-ambiente\/#breadcrumb"},"inLanguage":"es","potentialAction":[{"@type":"ReadAction","target":["https:\/\/angelsolisnoticias.com\/index.php\/2024\/06\/05\/mara-lezama-resalta-el-compromiso-con-el-desarrollo-sostenible-y-sustentable-en-el-dia-mundial-del-medio-ambiente\/"]}]},{"@type":"BreadcrumbList","@id":"https:\/\/angelsolisnoticias.com\/index.php\/2024\/06\/05\/mara-lezama-resalta-el-compromiso-con-el-desarrollo-sostenible-y-sustentable-en-el-dia-mundial-del-medio-ambiente\/#breadcrumb","itemListElement":[{"@type":"ListItem","position":1,"name":"Inicio","item":"https:\/\/angelsolisnoticias.com\/"},{"@type":"ListItem","position":2,"name":"Mara Lezama resalta el compromiso con el desarrollo sostenible y sustentable en el D\u00eda Mundial del Medio Ambiente"}]},{"@type":"WebSite","@id":"https:\/\/angelsolisnoticias.com\/#website","url":"https:\/\/angelsolisnoticias.com\/","name":"\u00c1ngel Solis","description":"Noticias de Quintana Roo","publisher":{"@id":"https:\/\/angelsolisnoticias.com\/#organization"},"potentialAction":[{"@type":"SearchAction","target":{"@type":"EntryPoint","urlTemplate":"https:\/\/angelsolisnoticias.com\/?s={search_term_string}"},"query-input":"required name=search_term_string"}],"inLanguage":"es"},{"@type":"Organization","@id":"https:\/\/angelsolisnoticias.com\/#organization","name":"\u00c1ngel Solis","url":"https:\/\/angelsolisnoticias.com\/","logo":{"@type":"ImageObject","inLanguage":"es","@id":"https:\/\/angelsolisnoticias.com\/#\/schema\/logo\/image\/","url":"https:\/\/angelsolisnoticias.com\/wp-content\/uploads\/2023\/01\/LOGO3.png","contentUrl":"https:\/\/angelsolisnoticias.com\/wp-content\/uploads\/2023\/01\/LOGO3.png","width":1853,"height":570,"caption":"\u00c1ngel Solis"},"image":{"@id":"https:\/\/angelsolisnoticias.com\/#\/schema\/logo\/image\/"},"sameAs":["https:\/\/www.facebook.com\/periodistasquintanaroo","https:\/\/twitter.com\/PERIODISTASQROO"]},{"@type":"Person","@id":"https:\/\/angelsolisnoticias.com\/#\/schema\/person\/d5ca5e4c5f05db44e86cb564bf81ae6f","name":"admin","image":{"@type":"ImageObject","inLanguage":"es","@id":"https:\/\/angelsolisnoticias.com\/#\/schema\/person\/image\/","url":"https:\/\/secure.gravatar.com\/avatar\/dff3eaf7d33320066684ce268bff2bf90ce4f69456139b2d65d7796f64299e47?s=96&d=mm&r=g","contentUrl":"https:\/\/secure.gravatar.com\/avatar\/dff3eaf7d33320066684ce268bff2bf90ce4f69456139b2d65d7796f64299e47?s=96&d=mm&r=g","caption":"admin"},"sameAs":["https:\/\/angelsolisnoticias.com"],"url":"https:\/\/angelsolisnoticias.com\/index.php\/author\/admin_qnbaat5l\/"}]}},"jetpack_featured_media_url":"https:\/\/angelsolisnoticias.com\/wp-content\/uploads\/2024\/06\/Mara-medio-ambiente8.jpg","_links":{"self":[{"href":"https:\/\/angelsolisnoticias.com\/index.php\/wp-json\/wp\/v2\/posts\/7664","targetHints":{"allow":["GET"]}}],"collection":[{"href":"https:\/\/angelsolisnoticias.com\/index.php\/wp-json\/wp\/v2\/posts"}],"about":[{"href":"https:\/\/angelsolisnoticias.com\/index.php\/wp-json\/wp\/v2\/types\/post"}],"author":[{"embeddable":true,"href":"https:\/\/angelsolisnoticias.com\/index.php\/wp-json\/wp\/v2\/users\/1"}],"replies":[{"embeddable":true,"href":"https:\/\/angelsolisnoticias.com\/index.php\/wp-json\/wp\/v2\/comments?post=7664"}],"version-history":[{"count":3,"href":"https:\/\/angelsolisnoticias.com\/index.php\/wp-json\/wp\/v2\/posts\/7664\/revisions"}],"predecessor-version":[{"id":7672,"href":"https:\/\/angelsolisnoticias.com\/index.php\/wp-json\/wp\/v2\/posts\/7664\/revisions\/7672"}],"wp:featuredmedia":[{"embeddable":true,"href":"https:\/\/angelsolisnoticias.com\/index.php\/wp-json\/wp\/v2\/media\/7666"}],"wp:attachment":[{"href":"https:\/\/angelsolisnoticias.com\/index.php\/wp-json\/wp\/v2\/media?parent=7664"}],"wp:term":[{"taxonomy":"category","embeddable":true,"href":"https:\/\/angelsolisnoticias.com\/index.php\/wp-json\/wp\/v2\/categories?post=7664"},{"taxonomy":"post_tag","embeddable":true,"href":"https:\/\/angelsolisnoticias.com\/index.php\/wp-json\/wp\/v2\/tags?post=7664"}],"curies":[{"name":"wp","href":"https:\/\/api.w.org\/{rel}","templated":true}]}}