{"id":7681,"date":"2024-06-05T15:06:49","date_gmt":"2024-06-05T15:06:49","guid":{"rendered":"https:\/\/angelsolisnoticias.com\/?p=7681"},"modified":"2024-06-05T23:31:37","modified_gmt":"2024-06-05T23:31:37","slug":"reconocimiento-internacional-a-playa-del-carmen","status":"publish","type":"post","link":"https:\/\/angelsolisnoticias.com\/index.php\/2024\/06\/05\/reconocimiento-internacional-a-playa-del-carmen\/","title":{"rendered":"Reconocimiento Internacional a Playa del Carmen"},"content":{"rendered":"<p>Playa del Carmen, Solidaridad a 05 de junio del 2024<br \/>\nEspecial<\/p>\n<p>La Asociaci\u00f3n Internacional de Ciudades Educadoras otorg\u00f3 un reconocimiento a Playa del Carmen como finalista del Premio Ciudades Educadoras a Buenas Pr\u00e1cticas de Educaci\u00f3n en Valores, por el proyecto presentado por el gobierno de Solidaridad a cargo de Lili Campos, &#8220;El Sargazo y la Resiliencia de la Ciudad de Playa del Carmen&#8221;.<\/p>\n<p>Durante el XVII Congreso Internacional de Ciudades Educadoras en Curitiba, Brasil, celebrado en d\u00edas pasados, se mencion\u00f3 que el proyecto playense acerca del arribo del sargazo y su manejo, es un ejemplo armonioso de diversas acciones que incluyen la limpieza de playas, la recuperaci\u00f3n de dunas costeras, acciones educativas y la innovaci\u00f3n, siendo el objetivo garantizar la calidad de vida de la poblaci\u00f3n.<\/p>\n<p><img loading=\"lazy\" decoding=\"async\" class=\"aligncenter wp-image-7684 \" src=\"https:\/\/angelsolisnoticias.com\/wp-content\/uploads\/2024\/06\/Solidaridad-reconocimiento-Sargazo2.jpg\" alt=\"\" width=\"600\" height=\"337\" srcset=\"https:\/\/angelsolisnoticias.com\/wp-content\/uploads\/2024\/06\/Solidaridad-reconocimiento-Sargazo2.jpg 720w, https:\/\/angelsolisnoticias.com\/wp-content\/uploads\/2024\/06\/Solidaridad-reconocimiento-Sargazo2-300x168.jpg 300w\" sizes=\"auto, (max-width: 600px) 100vw, 600px\" \/><\/p>\n<p>El manejo integral del sargazo consiste en retirar el alga de las costas, deposit\u00e1ndola en puntos espec\u00edficos donde se remueve constantemente para acelerar su secado y liberar los sedimentos adheridos. Posteriormente, a trav\u00e9s de varios procesos se recupera la arena y se reintegra a playas erosionadas.<\/p>\n<p>El diploma fue recibido por la coordinadora de Ciudades Educadoras, Hayd\u00e9 Pastrana y la directora de Gesti\u00f3n Ambiental y Cambio Clim\u00e1tico, Lucelly Ramos.\u00a0 Se destaca la promoci\u00f3n de la inclusi\u00f3n, la cultura y la educaci\u00f3n ambiental, as\u00ed como el cuidado y la preservaci\u00f3n de los ecosistemas para el desarrollo econ\u00f3mico y social de la poblaci\u00f3n.<\/p>\n<p><img loading=\"lazy\" decoding=\"async\" class=\"aligncenter wp-image-7683 \" src=\"https:\/\/angelsolisnoticias.com\/wp-content\/uploads\/2024\/06\/Solidaridad-reconocimiento-Sargazo3.jpg\" alt=\"\" width=\"611\" height=\"407\" srcset=\"https:\/\/angelsolisnoticias.com\/wp-content\/uploads\/2024\/06\/Solidaridad-reconocimiento-Sargazo3.jpg 720w, https:\/\/angelsolisnoticias.com\/wp-content\/uploads\/2024\/06\/Solidaridad-reconocimiento-Sargazo3-300x200.jpg 300w\" sizes=\"auto, (max-width: 611px) 100vw, 611px\" \/><\/p>\n<p>Cabe mencionar, que los ganadores fueron:\u00a0 \u201cSubsistema de Educaci\u00f3n Comunitaria PILARES, Ciudad de M\u00e9xico (M\u00e9xico).\u00a0 Di\u00e1logo interreligioso, Odivelas (Portugal) y Agua, C\u00e1mara y Acci\u00f3n \u2013 educomunicaci\u00f3n socioambiental, Santo Andr\u00e9 (Brasil).<\/p>\n","protected":false},"excerpt":{"rendered":"<p>Playa del Carmen, Solidaridad a 05 de junio del 2024 Especial La Asociaci\u00f3n Internacional de Ciudades Educadoras otorg\u00f3 un reconocimiento a Playa del Carmen como finalista del Premio Ciudades Educadoras a Buenas Pr\u00e1cticas de Educaci\u00f3n en Valores, por el proyecto presentado por el gobierno de Solidaridad a cargo de Lili <a href=\"https:\/\/angelsolisnoticias.com\/index.php\/2024\/06\/05\/reconocimiento-internacional-a-playa-del-carmen\/\" class=\"btn btn-link continue-link\">Seguir leyendo<\/a><\/p>\n","protected":false},"author":1,"featured_media":7685,"comment_status":"open","ping_status":"open","sticky":false,"template":"","format":"standard","meta":{"footnotes":""},"categories":[6,1],"tags":[],"class_list":["post-7681","post","type-post","status-publish","format-standard","has-post-thumbnail","hentry","category-solidaridad","category-uncategorized"],"yoast_head":"<!-- This site is optimized with the Yoast SEO plugin v21.1 - https:\/\/yoast.com\/wordpress\/plugins\/seo\/ -->\n<title>Reconocimiento Internacional a Playa del Carmen<\/title>\n<meta name=\"description\" content=\".\" \/>\n<meta name=\"robots\" content=\"index, follow, max-snippet:-1, max-image-preview:large, max-video-preview:-1\" \/>\n<link rel=\"canonical\" href=\"https:\/\/angelsolisnoticias.com\/index.php\/2024\/06\/05\/reconocimiento-internacional-a-playa-del-carmen\/\" \/>\n<meta property=\"og:locale\" content=\"es_MX\" \/>\n<meta property=\"og:type\" content=\"article\" \/>\n<meta property=\"og:title\" content=\"Reconocimiento Internacional a Playa del Carmen\" \/>\n<meta property=\"og:description\" content=\".\" \/>\n<meta property=\"og:url\" content=\"https:\/\/angelsolisnoticias.com\/index.php\/2024\/06\/05\/reconocimiento-internacional-a-playa-del-carmen\/\" \/>\n<meta property=\"og:site_name\" content=\"\u00c1ngel Solis\" \/>\n<meta property=\"article:publisher\" content=\"https:\/\/www.facebook.com\/periodistasquintanaroo\" \/>\n<meta property=\"article:published_time\" content=\"2024-06-05T15:06:49+00:00\" \/>\n<meta property=\"article:modified_time\" content=\"2024-06-05T23:31:37+00:00\" \/>\n<meta property=\"og:image\" content=\"https:\/\/angelsolisnoticias.com\/wp-content\/uploads\/2024\/06\/Solidaridad-reconocimiento-Sargazo1.jpg\" \/>\n\t<meta property=\"og:image:width\" content=\"800\" \/>\n\t<meta property=\"og:image:height\" content=\"569\" \/>\n\t<meta property=\"og:image:type\" content=\"image\/jpeg\" \/>\n<meta name=\"author\" content=\"admin\" \/>\n<meta name=\"twitter:card\" content=\"summary_large_image\" \/>\n<meta name=\"twitter:creator\" content=\"@PERIODISTASQROO\" \/>\n<meta name=\"twitter:site\" content=\"@PERIODISTASQROO\" \/>\n<meta name=\"twitter:label1\" content=\"Escrito por\" \/>\n\t<meta name=\"twitter:data1\" content=\"admin\" \/>\n\t<meta name=\"twitter:label2\" content=\"Tiempo de lectura\" \/>\n\t<meta name=\"twitter:data2\" content=\"2 minutos\" \/>\n<script type=\"application\/ld+json\" class=\"yoast-schema-graph\">{\"@context\":\"https:\/\/schema.org\",\"@graph\":[{\"@type\":\"Article\",\"@id\":\"https:\/\/angelsolisnoticias.com\/index.php\/2024\/06\/05\/reconocimiento-internacional-a-playa-del-carmen\/#article\",\"isPartOf\":{\"@id\":\"https:\/\/angelsolisnoticias.com\/index.php\/2024\/06\/05\/reconocimiento-internacional-a-playa-del-carmen\/\"},\"author\":{\"name\":\"admin\",\"@id\":\"https:\/\/angelsolisnoticias.com\/#\/schema\/person\/d5ca5e4c5f05db44e86cb564bf81ae6f\"},\"headline\":\"Reconocimiento Internacional a Playa del Carmen\",\"datePublished\":\"2024-06-05T15:06:49+00:00\",\"dateModified\":\"2024-06-05T23:31:37+00:00\",\"mainEntityOfPage\":{\"@id\":\"https:\/\/angelsolisnoticias.com\/index.php\/2024\/06\/05\/reconocimiento-internacional-a-playa-del-carmen\/\"},\"wordCount\":285,\"commentCount\":0,\"publisher\":{\"@id\":\"https:\/\/angelsolisnoticias.com\/#organization\"},\"articleSection\":[\"Solidaridad\",\"Uncategorized\"],\"inLanguage\":\"es\",\"potentialAction\":[{\"@type\":\"CommentAction\",\"name\":\"Comment\",\"target\":[\"https:\/\/angelsolisnoticias.com\/index.php\/2024\/06\/05\/reconocimiento-internacional-a-playa-del-carmen\/#respond\"]}]},{\"@type\":\"WebPage\",\"@id\":\"https:\/\/angelsolisnoticias.com\/index.php\/2024\/06\/05\/reconocimiento-internacional-a-playa-del-carmen\/\",\"url\":\"https:\/\/angelsolisnoticias.com\/index.php\/2024\/06\/05\/reconocimiento-internacional-a-playa-del-carmen\/\",\"name\":\"Reconocimiento Internacional a Playa del Carmen\",\"isPartOf\":{\"@id\":\"https:\/\/angelsolisnoticias.com\/#website\"},\"datePublished\":\"2024-06-05T15:06:49+00:00\",\"dateModified\":\"2024-06-05T23:31:37+00:00\",\"description\":\".\",\"breadcrumb\":{\"@id\":\"https:\/\/angelsolisnoticias.com\/index.php\/2024\/06\/05\/reconocimiento-internacional-a-playa-del-carmen\/#breadcrumb\"},\"inLanguage\":\"es\",\"potentialAction\":[{\"@type\":\"ReadAction\",\"target\":[\"https:\/\/angelsolisnoticias.com\/index.php\/2024\/06\/05\/reconocimiento-internacional-a-playa-del-carmen\/\"]}]},{\"@type\":\"BreadcrumbList\",\"@id\":\"https:\/\/angelsolisnoticias.com\/index.php\/2024\/06\/05\/reconocimiento-internacional-a-playa-del-carmen\/#breadcrumb\",\"itemListElement\":[{\"@type\":\"ListItem\",\"position\":1,\"name\":\"Inicio\",\"item\":\"https:\/\/angelsolisnoticias.com\/\"},{\"@type\":\"ListItem\",\"position\":2,\"name\":\"Reconocimiento Internacional a Playa del Carmen\"}]},{\"@type\":\"WebSite\",\"@id\":\"https:\/\/angelsolisnoticias.com\/#website\",\"url\":\"https:\/\/angelsolisnoticias.com\/\",\"name\":\"\u00c1ngel Solis\",\"description\":\"Noticias de Quintana Roo\",\"publisher\":{\"@id\":\"https:\/\/angelsolisnoticias.com\/#organization\"},\"potentialAction\":[{\"@type\":\"SearchAction\",\"target\":{\"@type\":\"EntryPoint\",\"urlTemplate\":\"https:\/\/angelsolisnoticias.com\/?s={search_term_string}\"},\"query-input\":\"required name=search_term_string\"}],\"inLanguage\":\"es\"},{\"@type\":\"Organization\",\"@id\":\"https:\/\/angelsolisnoticias.com\/#organization\",\"name\":\"\u00c1ngel Solis\",\"url\":\"https:\/\/angelsolisnoticias.com\/\",\"logo\":{\"@type\":\"ImageObject\",\"inLanguage\":\"es\",\"@id\":\"https:\/\/angelsolisnoticias.com\/#\/schema\/logo\/image\/\",\"url\":\"https:\/\/angelsolisnoticias.com\/wp-content\/uploads\/2023\/01\/LOGO3.png\",\"contentUrl\":\"https:\/\/angelsolisnoticias.com\/wp-content\/uploads\/2023\/01\/LOGO3.png\",\"width\":1853,\"height\":570,\"caption\":\"\u00c1ngel Solis\"},\"image\":{\"@id\":\"https:\/\/angelsolisnoticias.com\/#\/schema\/logo\/image\/\"},\"sameAs\":[\"https:\/\/www.facebook.com\/periodistasquintanaroo\",\"https:\/\/twitter.com\/PERIODISTASQROO\"]},{\"@type\":\"Person\",\"@id\":\"https:\/\/angelsolisnoticias.com\/#\/schema\/person\/d5ca5e4c5f05db44e86cb564bf81ae6f\",\"name\":\"admin\",\"image\":{\"@type\":\"ImageObject\",\"inLanguage\":\"es\",\"@id\":\"https:\/\/angelsolisnoticias.com\/#\/schema\/person\/image\/\",\"url\":\"https:\/\/secure.gravatar.com\/avatar\/dff3eaf7d33320066684ce268bff2bf90ce4f69456139b2d65d7796f64299e47?s=96&d=mm&r=g\",\"contentUrl\":\"https:\/\/secure.gravatar.com\/avatar\/dff3eaf7d33320066684ce268bff2bf90ce4f69456139b2d65d7796f64299e47?s=96&d=mm&r=g\",\"caption\":\"admin\"},\"sameAs\":[\"https:\/\/angelsolisnoticias.com\"],\"url\":\"https:\/\/angelsolisnoticias.com\/index.php\/author\/admin_qnbaat5l\/\"}]}<\/script>\n<!-- \/ Yoast SEO plugin. -->","yoast_head_json":{"title":"Reconocimiento Internacional a Playa del Carmen","description":".","robots":{"index":"index","follow":"follow","max-snippet":"max-snippet:-1","max-image-preview":"max-image-preview:large","max-video-preview":"max-video-preview:-1"},"canonical":"https:\/\/angelsolisnoticias.com\/index.php\/2024\/06\/05\/reconocimiento-internacional-a-playa-del-carmen\/","og_locale":"es_MX","og_type":"article","og_title":"Reconocimiento Internacional a Playa del Carmen","og_description":".","og_url":"https:\/\/angelsolisnoticias.com\/index.php\/2024\/06\/05\/reconocimiento-internacional-a-playa-del-carmen\/","og_site_name":"\u00c1ngel Solis","article_publisher":"https:\/\/www.facebook.com\/periodistasquintanaroo","article_published_time":"2024-06-05T15:06:49+00:00","article_modified_time":"2024-06-05T23:31:37+00:00","og_image":[{"width":800,"height":569,"url":"https:\/\/angelsolisnoticias.com\/wp-content\/uploads\/2024\/06\/Solidaridad-reconocimiento-Sargazo1.jpg","type":"image\/jpeg"}],"author":"admin","twitter_card":"summary_large_image","twitter_creator":"@PERIODISTASQROO","twitter_site":"@PERIODISTASQROO","twitter_misc":{"Escrito por":"admin","Tiempo de lectura":"2 minutos"},"schema":{"@context":"https:\/\/schema.org","@graph":[{"@type":"Article","@id":"https:\/\/angelsolisnoticias.com\/index.php\/2024\/06\/05\/reconocimiento-internacional-a-playa-del-carmen\/#article","isPartOf":{"@id":"https:\/\/angelsolisnoticias.com\/index.php\/2024\/06\/05\/reconocimiento-internacional-a-playa-del-carmen\/"},"author":{"name":"admin","@id":"https:\/\/angelsolisnoticias.com\/#\/schema\/person\/d5ca5e4c5f05db44e86cb564bf81ae6f"},"headline":"Reconocimiento Internacional a Playa del Carmen","datePublished":"2024-06-05T15:06:49+00:00","dateModified":"2024-06-05T23:31:37+00:00","mainEntityOfPage":{"@id":"https:\/\/angelsolisnoticias.com\/index.php\/2024\/06\/05\/reconocimiento-internacional-a-playa-del-carmen\/"},"wordCount":285,"commentCount":0,"publisher":{"@id":"https:\/\/angelsolisnoticias.com\/#organization"},"articleSection":["Solidaridad","Uncategorized"],"inLanguage":"es","potentialAction":[{"@type":"CommentAction","name":"Comment","target":["https:\/\/angelsolisnoticias.com\/index.php\/2024\/06\/05\/reconocimiento-internacional-a-playa-del-carmen\/#respond"]}]},{"@type":"WebPage","@id":"https:\/\/angelsolisnoticias.com\/index.php\/2024\/06\/05\/reconocimiento-internacional-a-playa-del-carmen\/","url":"https:\/\/angelsolisnoticias.com\/index.php\/2024\/06\/05\/reconocimiento-internacional-a-playa-del-carmen\/","name":"Reconocimiento Internacional a Playa del Carmen","isPartOf":{"@id":"https:\/\/angelsolisnoticias.com\/#website"},"datePublished":"2024-06-05T15:06:49+00:00","dateModified":"2024-06-05T23:31:37+00:00","description":".","breadcrumb":{"@id":"https:\/\/angelsolisnoticias.com\/index.php\/2024\/06\/05\/reconocimiento-internacional-a-playa-del-carmen\/#breadcrumb"},"inLanguage":"es","potentialAction":[{"@type":"ReadAction","target":["https:\/\/angelsolisnoticias.com\/index.php\/2024\/06\/05\/reconocimiento-internacional-a-playa-del-carmen\/"]}]},{"@type":"BreadcrumbList","@id":"https:\/\/angelsolisnoticias.com\/index.php\/2024\/06\/05\/reconocimiento-internacional-a-playa-del-carmen\/#breadcrumb","itemListElement":[{"@type":"ListItem","position":1,"name":"Inicio","item":"https:\/\/angelsolisnoticias.com\/"},{"@type":"ListItem","position":2,"name":"Reconocimiento Internacional a Playa del Carmen"}]},{"@type":"WebSite","@id":"https:\/\/angelsolisnoticias.com\/#website","url":"https:\/\/angelsolisnoticias.com\/","name":"\u00c1ngel Solis","description":"Noticias de Quintana Roo","publisher":{"@id":"https:\/\/angelsolisnoticias.com\/#organization"},"potentialAction":[{"@type":"SearchAction","target":{"@type":"EntryPoint","urlTemplate":"https:\/\/angelsolisnoticias.com\/?s={search_term_string}"},"query-input":"required name=search_term_string"}],"inLanguage":"es"},{"@type":"Organization","@id":"https:\/\/angelsolisnoticias.com\/#organization","name":"\u00c1ngel Solis","url":"https:\/\/angelsolisnoticias.com\/","logo":{"@type":"ImageObject","inLanguage":"es","@id":"https:\/\/angelsolisnoticias.com\/#\/schema\/logo\/image\/","url":"https:\/\/angelsolisnoticias.com\/wp-content\/uploads\/2023\/01\/LOGO3.png","contentUrl":"https:\/\/angelsolisnoticias.com\/wp-content\/uploads\/2023\/01\/LOGO3.png","width":1853,"height":570,"caption":"\u00c1ngel Solis"},"image":{"@id":"https:\/\/angelsolisnoticias.com\/#\/schema\/logo\/image\/"},"sameAs":["https:\/\/www.facebook.com\/periodistasquintanaroo","https:\/\/twitter.com\/PERIODISTASQROO"]},{"@type":"Person","@id":"https:\/\/angelsolisnoticias.com\/#\/schema\/person\/d5ca5e4c5f05db44e86cb564bf81ae6f","name":"admin","image":{"@type":"ImageObject","inLanguage":"es","@id":"https:\/\/angelsolisnoticias.com\/#\/schema\/person\/image\/","url":"https:\/\/secure.gravatar.com\/avatar\/dff3eaf7d33320066684ce268bff2bf90ce4f69456139b2d65d7796f64299e47?s=96&d=mm&r=g","contentUrl":"https:\/\/secure.gravatar.com\/avatar\/dff3eaf7d33320066684ce268bff2bf90ce4f69456139b2d65d7796f64299e47?s=96&d=mm&r=g","caption":"admin"},"sameAs":["https:\/\/angelsolisnoticias.com"],"url":"https:\/\/angelsolisnoticias.com\/index.php\/author\/admin_qnbaat5l\/"}]}},"jetpack_featured_media_url":"https:\/\/angelsolisnoticias.com\/wp-content\/uploads\/2024\/06\/Solidaridad-reconocimiento-Sargazo1.jpg","_links":{"self":[{"href":"https:\/\/angelsolisnoticias.com\/index.php\/wp-json\/wp\/v2\/posts\/7681","targetHints":{"allow":["GET"]}}],"collection":[{"href":"https:\/\/angelsolisnoticias.com\/index.php\/wp-json\/wp\/v2\/posts"}],"about":[{"href":"https:\/\/angelsolisnoticias.com\/index.php\/wp-json\/wp\/v2\/types\/post"}],"author":[{"embeddable":true,"href":"https:\/\/angelsolisnoticias.com\/index.php\/wp-json\/wp\/v2\/users\/1"}],"replies":[{"embeddable":true,"href":"https:\/\/angelsolisnoticias.com\/index.php\/wp-json\/wp\/v2\/comments?post=7681"}],"version-history":[{"count":3,"href":"https:\/\/angelsolisnoticias.com\/index.php\/wp-json\/wp\/v2\/posts\/7681\/revisions"}],"predecessor-version":[{"id":7687,"href":"https:\/\/angelsolisnoticias.com\/index.php\/wp-json\/wp\/v2\/posts\/7681\/revisions\/7687"}],"wp:featuredmedia":[{"embeddable":true,"href":"https:\/\/angelsolisnoticias.com\/index.php\/wp-json\/wp\/v2\/media\/7685"}],"wp:attachment":[{"href":"https:\/\/angelsolisnoticias.com\/index.php\/wp-json\/wp\/v2\/media?parent=7681"}],"wp:term":[{"taxonomy":"category","embeddable":true,"href":"https:\/\/angelsolisnoticias.com\/index.php\/wp-json\/wp\/v2\/categories?post=7681"},{"taxonomy":"post_tag","embeddable":true,"href":"https:\/\/angelsolisnoticias.com\/index.php\/wp-json\/wp\/v2\/tags?post=7681"}],"curies":[{"name":"wp","href":"https:\/\/api.w.org\/{rel}","templated":true}]}}