{"id":7770,"date":"2024-06-11T12:36:51","date_gmt":"2024-06-11T12:36:51","guid":{"rendered":"https:\/\/angelsolisnoticias.com\/?p=7770"},"modified":"2024-06-12T02:40:16","modified_gmt":"2024-06-12T02:40:16","slug":"mara-lezama-recibe-propuesta-para-impulsar-proyecto-para-atender-a-personas-con-discapacidad","status":"publish","type":"post","link":"https:\/\/angelsolisnoticias.com\/index.php\/2024\/06\/11\/mara-lezama-recibe-propuesta-para-impulsar-proyecto-para-atender-a-personas-con-discapacidad\/","title":{"rendered":"Mara Lezama recibe propuesta para impulsar proyecto para atender a personas con discapacidad"},"content":{"rendered":"<p>Canc\u00fan, 11 de junio<br \/>\nEspecial<\/p>\n<p>Dado que la salud de las personas es prioridad en esta administraci\u00f3n humanista y progresista, el gobierno del estado que encabeza Mara Lezama\u00a0 Espinosa analiza el proyecto de un Centro de Rehabilitaci\u00f3n del Dr. Simi para personas con discapacidad de cualquier edad y especialmente de escasos recursos, con secuelas de evento cerebral vascular, lesiones musculares y ortop\u00e9dicas, as\u00ed como de fracturas y de enfermedades cr\u00f3nico-degenerativas.<\/p>\n<p>La gobernadora Mara Lezama Espinosa y el equipo de gobierno se reuni\u00f3 con Astrid Mar\u00eda Garc\u00eda Gallegos, directora de la Fundaci\u00f3n del Dr. Simi A.C.; Rosilem Damauri Valenzuela Hern\u00e1ndez, delegada de la Fundaci\u00f3n, y Alan Ganem P\u00e9rez, gerente de alianzas estrat\u00e9gicas de la citada Fundaci\u00f3n.<\/p>\n<p><img loading=\"lazy\" decoding=\"async\" class=\"aligncenter wp-image-7774 \" src=\"https:\/\/angelsolisnoticias.com\/wp-content\/uploads\/2024\/06\/Mara-Impulsar-Proyecto7.jpg\" alt=\"\" width=\"581\" height=\"387\" srcset=\"https:\/\/angelsolisnoticias.com\/wp-content\/uploads\/2024\/06\/Mara-Impulsar-Proyecto7.jpg 720w, https:\/\/angelsolisnoticias.com\/wp-content\/uploads\/2024\/06\/Mara-Impulsar-Proyecto7-300x200.jpg 300w\" sizes=\"auto, (max-width: 581px) 100vw, 581px\" \/><\/p>\n<p>El proyecto contempla un Centro de Rehabilitaci\u00f3n que pueda atender a 200 personas con discapacidad motriz.<\/p>\n<p><img loading=\"lazy\" decoding=\"async\" class=\"aligncenter wp-image-7775 \" src=\"https:\/\/angelsolisnoticias.com\/wp-content\/uploads\/2024\/06\/Mara-Impulsar-Proyecto6.jpg\" alt=\"\" width=\"687\" height=\"309\" srcset=\"https:\/\/angelsolisnoticias.com\/wp-content\/uploads\/2024\/06\/Mara-Impulsar-Proyecto6.jpg 780w, https:\/\/angelsolisnoticias.com\/wp-content\/uploads\/2024\/06\/Mara-Impulsar-Proyecto6-300x135.jpg 300w, https:\/\/angelsolisnoticias.com\/wp-content\/uploads\/2024\/06\/Mara-Impulsar-Proyecto6-768x346.jpg 768w\" sizes=\"auto, (max-width: 687px) 100vw, 687px\" \/><\/p>\n<p>La gobernadora Mara Lezama destac\u00f3 esta suma de esfuerzos pues precisamente es el esp\u00edritu del Nuevo Acuerdo por el Bienestar y Desarrollo de Quintana Roo, que trabajar en unidad, coordinados para atender primero a los pobres.<\/p>\n<p>El proyecto contribuir\u00eda a abatir rezagos en materia de salud. Seg\u00fan datos del INEGI en Quintana Roo existen 241 mil 795 personas con discapacidad, que representa el 13.0% de la poblaci\u00f3n.<\/p>\n<p><img loading=\"lazy\" decoding=\"async\" class=\"aligncenter wp-image-7773 \" src=\"https:\/\/angelsolisnoticias.com\/wp-content\/uploads\/2024\/06\/Mara-Impulsar-Proyecto8.jpg\" alt=\"\" width=\"610\" height=\"343\" srcset=\"https:\/\/angelsolisnoticias.com\/wp-content\/uploads\/2024\/06\/Mara-Impulsar-Proyecto8.jpg 720w, https:\/\/angelsolisnoticias.com\/wp-content\/uploads\/2024\/06\/Mara-Impulsar-Proyecto8-300x169.jpg 300w\" sizes=\"auto, (max-width: 610px) 100vw, 610px\" \/><\/p>\n<p>La propuesta es edificarlo en un terreno de 200 metros cuadrados con una construcci\u00f3n de 700 a 800 metros; se consideran de 5 a 6 cub\u00edculos, 1 consultorio m\u00e9dico, 2 de exploraci\u00f3n, 1 de psicolog\u00eda, sala de hidroterapia, sala de rehabilitaci\u00f3n, sal\u00f3n de usos m\u00faltiples, espacio para huerto, sala de bienestar y salud mental y sala de m\u00fasica.<\/p>\n<p>Por el gobierno del estado participaron la presidenta honoraria del Sistema DIF Quintana Roo, Ver\u00f3nica Lezama Espinosa; el secretario de Bienestar, Pablo Bustamante Beltr\u00e1n; el secretario de Salud, Flavio Carlos Rosado, y el director general de la Agencia de Proyectos Estrat\u00e9gicos, Jos\u00e9 Alberto Alonso Ovando.<\/p>\n","protected":false},"excerpt":{"rendered":"<p>Canc\u00fan, 11 de junio Especial Dado que la salud de las personas es prioridad en esta administraci\u00f3n humanista y progresista, el gobierno del estado que encabeza Mara Lezama\u00a0 Espinosa analiza el proyecto de un Centro de Rehabilitaci\u00f3n del Dr. Simi para personas con discapacidad de cualquier edad y especialmente de <a href=\"https:\/\/angelsolisnoticias.com\/index.php\/2024\/06\/11\/mara-lezama-recibe-propuesta-para-impulsar-proyecto-para-atender-a-personas-con-discapacidad\/\" class=\"btn btn-link continue-link\">Seguir leyendo<\/a><\/p>\n","protected":false},"author":1,"featured_media":7776,"comment_status":"open","ping_status":"open","sticky":false,"template":"","format":"standard","meta":{"footnotes":""},"categories":[1],"tags":[],"class_list":["post-7770","post","type-post","status-publish","format-standard","has-post-thumbnail","hentry","category-uncategorized"],"yoast_head":"<!-- This site is optimized with the Yoast SEO plugin v21.1 - https:\/\/yoast.com\/wordpress\/plugins\/seo\/ -->\n<title>Mara Lezama recibe propuesta para impulsar proyecto para atender a personas con discapacidad<\/title>\n<meta name=\"description\" content=\".\" \/>\n<meta name=\"robots\" content=\"index, follow, max-snippet:-1, max-image-preview:large, max-video-preview:-1\" \/>\n<link rel=\"canonical\" href=\"https:\/\/angelsolisnoticias.com\/index.php\/2024\/06\/11\/mara-lezama-recibe-propuesta-para-impulsar-proyecto-para-atender-a-personas-con-discapacidad\/\" \/>\n<meta property=\"og:locale\" content=\"es_MX\" \/>\n<meta property=\"og:type\" content=\"article\" \/>\n<meta property=\"og:title\" content=\"Mara Lezama recibe propuesta para impulsar proyecto para atender a personas con discapacidad\" \/>\n<meta property=\"og:description\" content=\".\" \/>\n<meta property=\"og:url\" content=\"https:\/\/angelsolisnoticias.com\/index.php\/2024\/06\/11\/mara-lezama-recibe-propuesta-para-impulsar-proyecto-para-atender-a-personas-con-discapacidad\/\" \/>\n<meta property=\"og:site_name\" content=\"\u00c1ngel Solis\" \/>\n<meta property=\"article:publisher\" content=\"https:\/\/www.facebook.com\/periodistasquintanaroo\" \/>\n<meta property=\"article:published_time\" content=\"2024-06-11T12:36:51+00:00\" \/>\n<meta property=\"article:modified_time\" content=\"2024-06-12T02:40:16+00:00\" \/>\n<meta property=\"og:image\" content=\"https:\/\/angelsolisnoticias.com\/wp-content\/uploads\/2024\/06\/Mara-Impulsar-Proyecto5.jpg\" \/>\n\t<meta property=\"og:image:width\" content=\"800\" \/>\n\t<meta property=\"og:image:height\" content=\"569\" \/>\n\t<meta property=\"og:image:type\" content=\"image\/jpeg\" \/>\n<meta name=\"author\" content=\"admin\" \/>\n<meta name=\"twitter:card\" content=\"summary_large_image\" \/>\n<meta name=\"twitter:creator\" content=\"@PERIODISTASQROO\" \/>\n<meta name=\"twitter:site\" content=\"@PERIODISTASQROO\" \/>\n<meta name=\"twitter:label1\" content=\"Escrito por\" \/>\n\t<meta name=\"twitter:data1\" content=\"admin\" \/>\n\t<meta name=\"twitter:label2\" content=\"Tiempo de lectura\" \/>\n\t<meta name=\"twitter:data2\" content=\"2 minutos\" \/>\n<script type=\"application\/ld+json\" class=\"yoast-schema-graph\">{\"@context\":\"https:\/\/schema.org\",\"@graph\":[{\"@type\":\"Article\",\"@id\":\"https:\/\/angelsolisnoticias.com\/index.php\/2024\/06\/11\/mara-lezama-recibe-propuesta-para-impulsar-proyecto-para-atender-a-personas-con-discapacidad\/#article\",\"isPartOf\":{\"@id\":\"https:\/\/angelsolisnoticias.com\/index.php\/2024\/06\/11\/mara-lezama-recibe-propuesta-para-impulsar-proyecto-para-atender-a-personas-con-discapacidad\/\"},\"author\":{\"name\":\"admin\",\"@id\":\"https:\/\/angelsolisnoticias.com\/#\/schema\/person\/d5ca5e4c5f05db44e86cb564bf81ae6f\"},\"headline\":\"Mara Lezama recibe propuesta para impulsar proyecto para atender a personas con discapacidad\",\"datePublished\":\"2024-06-11T12:36:51+00:00\",\"dateModified\":\"2024-06-12T02:40:16+00:00\",\"mainEntityOfPage\":{\"@id\":\"https:\/\/angelsolisnoticias.com\/index.php\/2024\/06\/11\/mara-lezama-recibe-propuesta-para-impulsar-proyecto-para-atender-a-personas-con-discapacidad\/\"},\"wordCount\":332,\"commentCount\":0,\"publisher\":{\"@id\":\"https:\/\/angelsolisnoticias.com\/#organization\"},\"articleSection\":[\"Uncategorized\"],\"inLanguage\":\"es\",\"potentialAction\":[{\"@type\":\"CommentAction\",\"name\":\"Comment\",\"target\":[\"https:\/\/angelsolisnoticias.com\/index.php\/2024\/06\/11\/mara-lezama-recibe-propuesta-para-impulsar-proyecto-para-atender-a-personas-con-discapacidad\/#respond\"]}]},{\"@type\":\"WebPage\",\"@id\":\"https:\/\/angelsolisnoticias.com\/index.php\/2024\/06\/11\/mara-lezama-recibe-propuesta-para-impulsar-proyecto-para-atender-a-personas-con-discapacidad\/\",\"url\":\"https:\/\/angelsolisnoticias.com\/index.php\/2024\/06\/11\/mara-lezama-recibe-propuesta-para-impulsar-proyecto-para-atender-a-personas-con-discapacidad\/\",\"name\":\"Mara Lezama recibe propuesta para impulsar proyecto para atender a personas con discapacidad\",\"isPartOf\":{\"@id\":\"https:\/\/angelsolisnoticias.com\/#website\"},\"datePublished\":\"2024-06-11T12:36:51+00:00\",\"dateModified\":\"2024-06-12T02:40:16+00:00\",\"description\":\".\",\"breadcrumb\":{\"@id\":\"https:\/\/angelsolisnoticias.com\/index.php\/2024\/06\/11\/mara-lezama-recibe-propuesta-para-impulsar-proyecto-para-atender-a-personas-con-discapacidad\/#breadcrumb\"},\"inLanguage\":\"es\",\"potentialAction\":[{\"@type\":\"ReadAction\",\"target\":[\"https:\/\/angelsolisnoticias.com\/index.php\/2024\/06\/11\/mara-lezama-recibe-propuesta-para-impulsar-proyecto-para-atender-a-personas-con-discapacidad\/\"]}]},{\"@type\":\"BreadcrumbList\",\"@id\":\"https:\/\/angelsolisnoticias.com\/index.php\/2024\/06\/11\/mara-lezama-recibe-propuesta-para-impulsar-proyecto-para-atender-a-personas-con-discapacidad\/#breadcrumb\",\"itemListElement\":[{\"@type\":\"ListItem\",\"position\":1,\"name\":\"Inicio\",\"item\":\"https:\/\/angelsolisnoticias.com\/\"},{\"@type\":\"ListItem\",\"position\":2,\"name\":\"Mara Lezama recibe propuesta para impulsar proyecto para atender a personas con discapacidad\"}]},{\"@type\":\"WebSite\",\"@id\":\"https:\/\/angelsolisnoticias.com\/#website\",\"url\":\"https:\/\/angelsolisnoticias.com\/\",\"name\":\"\u00c1ngel Solis\",\"description\":\"Noticias de Quintana Roo\",\"publisher\":{\"@id\":\"https:\/\/angelsolisnoticias.com\/#organization\"},\"potentialAction\":[{\"@type\":\"SearchAction\",\"target\":{\"@type\":\"EntryPoint\",\"urlTemplate\":\"https:\/\/angelsolisnoticias.com\/?s={search_term_string}\"},\"query-input\":\"required name=search_term_string\"}],\"inLanguage\":\"es\"},{\"@type\":\"Organization\",\"@id\":\"https:\/\/angelsolisnoticias.com\/#organization\",\"name\":\"\u00c1ngel Solis\",\"url\":\"https:\/\/angelsolisnoticias.com\/\",\"logo\":{\"@type\":\"ImageObject\",\"inLanguage\":\"es\",\"@id\":\"https:\/\/angelsolisnoticias.com\/#\/schema\/logo\/image\/\",\"url\":\"https:\/\/angelsolisnoticias.com\/wp-content\/uploads\/2023\/01\/LOGO3.png\",\"contentUrl\":\"https:\/\/angelsolisnoticias.com\/wp-content\/uploads\/2023\/01\/LOGO3.png\",\"width\":1853,\"height\":570,\"caption\":\"\u00c1ngel Solis\"},\"image\":{\"@id\":\"https:\/\/angelsolisnoticias.com\/#\/schema\/logo\/image\/\"},\"sameAs\":[\"https:\/\/www.facebook.com\/periodistasquintanaroo\",\"https:\/\/twitter.com\/PERIODISTASQROO\"]},{\"@type\":\"Person\",\"@id\":\"https:\/\/angelsolisnoticias.com\/#\/schema\/person\/d5ca5e4c5f05db44e86cb564bf81ae6f\",\"name\":\"admin\",\"image\":{\"@type\":\"ImageObject\",\"inLanguage\":\"es\",\"@id\":\"https:\/\/angelsolisnoticias.com\/#\/schema\/person\/image\/\",\"url\":\"https:\/\/secure.gravatar.com\/avatar\/dff3eaf7d33320066684ce268bff2bf90ce4f69456139b2d65d7796f64299e47?s=96&d=mm&r=g\",\"contentUrl\":\"https:\/\/secure.gravatar.com\/avatar\/dff3eaf7d33320066684ce268bff2bf90ce4f69456139b2d65d7796f64299e47?s=96&d=mm&r=g\",\"caption\":\"admin\"},\"sameAs\":[\"https:\/\/angelsolisnoticias.com\"],\"url\":\"https:\/\/angelsolisnoticias.com\/index.php\/author\/admin_qnbaat5l\/\"}]}<\/script>\n<!-- \/ Yoast SEO plugin. -->","yoast_head_json":{"title":"Mara Lezama recibe propuesta para impulsar proyecto para atender a personas con discapacidad","description":".","robots":{"index":"index","follow":"follow","max-snippet":"max-snippet:-1","max-image-preview":"max-image-preview:large","max-video-preview":"max-video-preview:-1"},"canonical":"https:\/\/angelsolisnoticias.com\/index.php\/2024\/06\/11\/mara-lezama-recibe-propuesta-para-impulsar-proyecto-para-atender-a-personas-con-discapacidad\/","og_locale":"es_MX","og_type":"article","og_title":"Mara Lezama recibe propuesta para impulsar proyecto para atender a personas con discapacidad","og_description":".","og_url":"https:\/\/angelsolisnoticias.com\/index.php\/2024\/06\/11\/mara-lezama-recibe-propuesta-para-impulsar-proyecto-para-atender-a-personas-con-discapacidad\/","og_site_name":"\u00c1ngel Solis","article_publisher":"https:\/\/www.facebook.com\/periodistasquintanaroo","article_published_time":"2024-06-11T12:36:51+00:00","article_modified_time":"2024-06-12T02:40:16+00:00","og_image":[{"width":800,"height":569,"url":"https:\/\/angelsolisnoticias.com\/wp-content\/uploads\/2024\/06\/Mara-Impulsar-Proyecto5.jpg","type":"image\/jpeg"}],"author":"admin","twitter_card":"summary_large_image","twitter_creator":"@PERIODISTASQROO","twitter_site":"@PERIODISTASQROO","twitter_misc":{"Escrito por":"admin","Tiempo de lectura":"2 minutos"},"schema":{"@context":"https:\/\/schema.org","@graph":[{"@type":"Article","@id":"https:\/\/angelsolisnoticias.com\/index.php\/2024\/06\/11\/mara-lezama-recibe-propuesta-para-impulsar-proyecto-para-atender-a-personas-con-discapacidad\/#article","isPartOf":{"@id":"https:\/\/angelsolisnoticias.com\/index.php\/2024\/06\/11\/mara-lezama-recibe-propuesta-para-impulsar-proyecto-para-atender-a-personas-con-discapacidad\/"},"author":{"name":"admin","@id":"https:\/\/angelsolisnoticias.com\/#\/schema\/person\/d5ca5e4c5f05db44e86cb564bf81ae6f"},"headline":"Mara Lezama recibe propuesta para impulsar proyecto para atender a personas con discapacidad","datePublished":"2024-06-11T12:36:51+00:00","dateModified":"2024-06-12T02:40:16+00:00","mainEntityOfPage":{"@id":"https:\/\/angelsolisnoticias.com\/index.php\/2024\/06\/11\/mara-lezama-recibe-propuesta-para-impulsar-proyecto-para-atender-a-personas-con-discapacidad\/"},"wordCount":332,"commentCount":0,"publisher":{"@id":"https:\/\/angelsolisnoticias.com\/#organization"},"articleSection":["Uncategorized"],"inLanguage":"es","potentialAction":[{"@type":"CommentAction","name":"Comment","target":["https:\/\/angelsolisnoticias.com\/index.php\/2024\/06\/11\/mara-lezama-recibe-propuesta-para-impulsar-proyecto-para-atender-a-personas-con-discapacidad\/#respond"]}]},{"@type":"WebPage","@id":"https:\/\/angelsolisnoticias.com\/index.php\/2024\/06\/11\/mara-lezama-recibe-propuesta-para-impulsar-proyecto-para-atender-a-personas-con-discapacidad\/","url":"https:\/\/angelsolisnoticias.com\/index.php\/2024\/06\/11\/mara-lezama-recibe-propuesta-para-impulsar-proyecto-para-atender-a-personas-con-discapacidad\/","name":"Mara Lezama recibe propuesta para impulsar proyecto para atender a personas con discapacidad","isPartOf":{"@id":"https:\/\/angelsolisnoticias.com\/#website"},"datePublished":"2024-06-11T12:36:51+00:00","dateModified":"2024-06-12T02:40:16+00:00","description":".","breadcrumb":{"@id":"https:\/\/angelsolisnoticias.com\/index.php\/2024\/06\/11\/mara-lezama-recibe-propuesta-para-impulsar-proyecto-para-atender-a-personas-con-discapacidad\/#breadcrumb"},"inLanguage":"es","potentialAction":[{"@type":"ReadAction","target":["https:\/\/angelsolisnoticias.com\/index.php\/2024\/06\/11\/mara-lezama-recibe-propuesta-para-impulsar-proyecto-para-atender-a-personas-con-discapacidad\/"]}]},{"@type":"BreadcrumbList","@id":"https:\/\/angelsolisnoticias.com\/index.php\/2024\/06\/11\/mara-lezama-recibe-propuesta-para-impulsar-proyecto-para-atender-a-personas-con-discapacidad\/#breadcrumb","itemListElement":[{"@type":"ListItem","position":1,"name":"Inicio","item":"https:\/\/angelsolisnoticias.com\/"},{"@type":"ListItem","position":2,"name":"Mara Lezama recibe propuesta para impulsar proyecto para atender a personas con discapacidad"}]},{"@type":"WebSite","@id":"https:\/\/angelsolisnoticias.com\/#website","url":"https:\/\/angelsolisnoticias.com\/","name":"\u00c1ngel Solis","description":"Noticias de Quintana Roo","publisher":{"@id":"https:\/\/angelsolisnoticias.com\/#organization"},"potentialAction":[{"@type":"SearchAction","target":{"@type":"EntryPoint","urlTemplate":"https:\/\/angelsolisnoticias.com\/?s={search_term_string}"},"query-input":"required name=search_term_string"}],"inLanguage":"es"},{"@type":"Organization","@id":"https:\/\/angelsolisnoticias.com\/#organization","name":"\u00c1ngel Solis","url":"https:\/\/angelsolisnoticias.com\/","logo":{"@type":"ImageObject","inLanguage":"es","@id":"https:\/\/angelsolisnoticias.com\/#\/schema\/logo\/image\/","url":"https:\/\/angelsolisnoticias.com\/wp-content\/uploads\/2023\/01\/LOGO3.png","contentUrl":"https:\/\/angelsolisnoticias.com\/wp-content\/uploads\/2023\/01\/LOGO3.png","width":1853,"height":570,"caption":"\u00c1ngel Solis"},"image":{"@id":"https:\/\/angelsolisnoticias.com\/#\/schema\/logo\/image\/"},"sameAs":["https:\/\/www.facebook.com\/periodistasquintanaroo","https:\/\/twitter.com\/PERIODISTASQROO"]},{"@type":"Person","@id":"https:\/\/angelsolisnoticias.com\/#\/schema\/person\/d5ca5e4c5f05db44e86cb564bf81ae6f","name":"admin","image":{"@type":"ImageObject","inLanguage":"es","@id":"https:\/\/angelsolisnoticias.com\/#\/schema\/person\/image\/","url":"https:\/\/secure.gravatar.com\/avatar\/dff3eaf7d33320066684ce268bff2bf90ce4f69456139b2d65d7796f64299e47?s=96&d=mm&r=g","contentUrl":"https:\/\/secure.gravatar.com\/avatar\/dff3eaf7d33320066684ce268bff2bf90ce4f69456139b2d65d7796f64299e47?s=96&d=mm&r=g","caption":"admin"},"sameAs":["https:\/\/angelsolisnoticias.com"],"url":"https:\/\/angelsolisnoticias.com\/index.php\/author\/admin_qnbaat5l\/"}]}},"jetpack_featured_media_url":"https:\/\/angelsolisnoticias.com\/wp-content\/uploads\/2024\/06\/Mara-Impulsar-Proyecto5.jpg","_links":{"self":[{"href":"https:\/\/angelsolisnoticias.com\/index.php\/wp-json\/wp\/v2\/posts\/7770","targetHints":{"allow":["GET"]}}],"collection":[{"href":"https:\/\/angelsolisnoticias.com\/index.php\/wp-json\/wp\/v2\/posts"}],"about":[{"href":"https:\/\/angelsolisnoticias.com\/index.php\/wp-json\/wp\/v2\/types\/post"}],"author":[{"embeddable":true,"href":"https:\/\/angelsolisnoticias.com\/index.php\/wp-json\/wp\/v2\/users\/1"}],"replies":[{"embeddable":true,"href":"https:\/\/angelsolisnoticias.com\/index.php\/wp-json\/wp\/v2\/comments?post=7770"}],"version-history":[{"count":4,"href":"https:\/\/angelsolisnoticias.com\/index.php\/wp-json\/wp\/v2\/posts\/7770\/revisions"}],"predecessor-version":[{"id":7778,"href":"https:\/\/angelsolisnoticias.com\/index.php\/wp-json\/wp\/v2\/posts\/7770\/revisions\/7778"}],"wp:featuredmedia":[{"embeddable":true,"href":"https:\/\/angelsolisnoticias.com\/index.php\/wp-json\/wp\/v2\/media\/7776"}],"wp:attachment":[{"href":"https:\/\/angelsolisnoticias.com\/index.php\/wp-json\/wp\/v2\/media?parent=7770"}],"wp:term":[{"taxonomy":"category","embeddable":true,"href":"https:\/\/angelsolisnoticias.com\/index.php\/wp-json\/wp\/v2\/categories?post=7770"},{"taxonomy":"post_tag","embeddable":true,"href":"https:\/\/angelsolisnoticias.com\/index.php\/wp-json\/wp\/v2\/tags?post=7770"}],"curies":[{"name":"wp","href":"https:\/\/api.w.org\/{rel}","templated":true}]}}