{"id":7781,"date":"2024-06-11T13:16:28","date_gmt":"2024-06-11T13:16:28","guid":{"rendered":"https:\/\/angelsolisnoticias.com\/?p=7781"},"modified":"2024-06-12T02:56:25","modified_gmt":"2024-06-12T02:56:25","slug":"en-solidaridad-se-escucha-la-voz-de-las-ninas-ninos-y-adolescentes","status":"publish","type":"post","link":"https:\/\/angelsolisnoticias.com\/index.php\/2024\/06\/11\/en-solidaridad-se-escucha-la-voz-de-las-ninas-ninos-y-adolescentes\/","title":{"rendered":"En Solidaridad se escucha la voz de las ni\u00f1as, ni\u00f1os y adolescentes"},"content":{"rendered":"<p>Playa del Carmen, Quintana Roo, a 11 de junio del 2024<br \/>\nEspecial<\/p>\n<p>El Gobierno de Solidaridad que preside Lili Campos, a trav\u00e9s del Sistema DIF Municipal, participa en la Consulta Nacional de Ni\u00f1as, Ni\u00f1as y Adolescentes \u201c\u00bfMe escuchas? 2024\u201d, que promueve sus derechos y un espacio para que hagan valer su voz.<\/p>\n<p>La consulta se realiza de manera simult\u00e1nea en todo el pa\u00eds para que se haga efectivo<\/p>\n<p>el derecho de la ni\u00f1ez y adolescencia a la libertad de expresi\u00f3n y de acceso a la informaci\u00f3n establecido en la Ley General de los Derechos de las Ni\u00f1as, Ni\u00f1os y Adolescentes en su art\u00edculo 13.<\/p>\n<p><img loading=\"lazy\" decoding=\"async\" class=\"aligncenter wp-image-7785 \" src=\"https:\/\/angelsolisnoticias.com\/wp-content\/uploads\/2024\/06\/Solidaridad-DIF-Me-Escuchas2.jpg\" alt=\"\" width=\"615\" height=\"410\" srcset=\"https:\/\/angelsolisnoticias.com\/wp-content\/uploads\/2024\/06\/Solidaridad-DIF-Me-Escuchas2.jpg 720w, https:\/\/angelsolisnoticias.com\/wp-content\/uploads\/2024\/06\/Solidaridad-DIF-Me-Escuchas2-300x200.jpg 300w\" sizes=\"auto, (max-width: 615px) 100vw, 615px\" \/><\/p>\n<p>El presidente honorario del Sistema para el Desarrollo Integral de la Familia, el Dr. Cuauht\u00e9moc Escobedo Campos expres\u00f3 que, en el organismo descentralizado, con el impulso de la presidenta municipal se tiene el firme de compromiso de trabajar en el n\u00facleo familiar, con programas de asistencia social muy puntuales: servicios, asistencia social y protecci\u00f3n para salvaguardar los derechos y la integridad de las ni\u00f1as, ni\u00f1os y adolescentes.<\/p>\n<p>\u201cSomos el \u00fanico municipio del estado que hoy cuenta con un exitoso programa educativo 10-17, que proporciona educaci\u00f3n y protecci\u00f3n integral a ni\u00f1os y adolescentes en situaci\u00f3n de vulnerabilidad, que hoy tienen una oportunidad de futuro y porvenir. Adem\u00e1s, destac\u00f3, tenemos una red de centros asistenciales de desarrollo infantil (CADI) en Playa del Carmen y Puerto Aventuras, espacios seguros con estancia infantil, educaci\u00f3n y una red de servicios que propicien el sano desarrollo\u201d, acot\u00f3.<\/p>\n<p><img loading=\"lazy\" decoding=\"async\" class=\"aligncenter wp-image-7784 \" src=\"https:\/\/angelsolisnoticias.com\/wp-content\/uploads\/2024\/06\/Solidaridad-DIF-Me-Escuchas3.jpg\" alt=\"\" width=\"627\" height=\"418\" srcset=\"https:\/\/angelsolisnoticias.com\/wp-content\/uploads\/2024\/06\/Solidaridad-DIF-Me-Escuchas3.jpg 720w, https:\/\/angelsolisnoticias.com\/wp-content\/uploads\/2024\/06\/Solidaridad-DIF-Me-Escuchas3-300x200.jpg 300w\" sizes=\"auto, (max-width: 627px) 100vw, 627px\" \/><\/p>\n<p>La Consulta Nacional de Ni\u00f1as, Ni\u00f1os y Adolescentes \u201c\u00bfMe Escuchas? 2024\u201d, se dirige a personas de 3 a 17 a\u00f1os de edad, se realizar\u00e1 en planteles educativos, hasta el pr\u00f3ximo 14 de junio, con la aplicaci\u00f3n de un cuestionario que contiene las siguientes preguntas: \u00bfQu\u00e9 te hace feliz?, \u00bfqu\u00e9 te pone triste?, \u00bfqu\u00e9 quieres mejorar del lugar d\u00f3nde vives?, \u00bfqu\u00e9 haces para navegar en internet?, \u00bfconozco los peligros de navegar solo por internet?, \u00bfc\u00f3mo piensas que podemos hacer que la paz sea algo importante para todas y todos?<\/p>\n<p><img loading=\"lazy\" decoding=\"async\" class=\"aligncenter wp-image-7783 \" src=\"https:\/\/angelsolisnoticias.com\/wp-content\/uploads\/2024\/06\/Solidaridad-DIF-Me-Escuchas4.jpg\" alt=\"\" width=\"615\" height=\"434\" srcset=\"https:\/\/angelsolisnoticias.com\/wp-content\/uploads\/2024\/06\/Solidaridad-DIF-Me-Escuchas4.jpg 720w, https:\/\/angelsolisnoticias.com\/wp-content\/uploads\/2024\/06\/Solidaridad-DIF-Me-Escuchas4-300x212.jpg 300w\" sizes=\"auto, (max-width: 615px) 100vw, 615px\" \/><\/p>\n<p>Por otro lado, contiene una pregunta abierta en donde hay que definir en una palabra \u00bfqu\u00e9 significa la paz para ti? Este lunes el cuestionario se aplic\u00f3 en las instalaciones del CADI, en la colonia Nicte Ha, en el aula del programa educativo 10-17 y diversas escuelas de Playa del Carmen.<\/p>\n","protected":false},"excerpt":{"rendered":"<p>Playa del Carmen, Quintana Roo, a 11 de junio del 2024 Especial El Gobierno de Solidaridad que preside Lili Campos, a trav\u00e9s del Sistema DIF Municipal, participa en la Consulta Nacional de Ni\u00f1as, Ni\u00f1as y Adolescentes \u201c\u00bfMe escuchas? 2024\u201d, que promueve sus derechos y un espacio para que hagan valer <a href=\"https:\/\/angelsolisnoticias.com\/index.php\/2024\/06\/11\/en-solidaridad-se-escucha-la-voz-de-las-ninas-ninos-y-adolescentes\/\" class=\"btn btn-link continue-link\">Seguir leyendo<\/a><\/p>\n","protected":false},"author":1,"featured_media":7786,"comment_status":"open","ping_status":"open","sticky":false,"template":"","format":"standard","meta":{"footnotes":""},"categories":[6,1],"tags":[],"class_list":["post-7781","post","type-post","status-publish","format-standard","has-post-thumbnail","hentry","category-solidaridad","category-uncategorized"],"yoast_head":"<!-- This site is optimized with the Yoast SEO plugin v21.1 - https:\/\/yoast.com\/wordpress\/plugins\/seo\/ -->\n<title>En Solidaridad se escucha la voz de las ni\u00f1as, ni\u00f1os y adolescentes<\/title>\n<meta name=\"description\" content=\".\" \/>\n<meta name=\"robots\" content=\"index, follow, max-snippet:-1, max-image-preview:large, max-video-preview:-1\" \/>\n<link rel=\"canonical\" href=\"https:\/\/angelsolisnoticias.com\/index.php\/2024\/06\/11\/en-solidaridad-se-escucha-la-voz-de-las-ninas-ninos-y-adolescentes\/\" \/>\n<meta property=\"og:locale\" content=\"es_MX\" \/>\n<meta property=\"og:type\" content=\"article\" \/>\n<meta property=\"og:title\" content=\"En Solidaridad se escucha la voz de las ni\u00f1as, ni\u00f1os y adolescentes\" \/>\n<meta property=\"og:description\" content=\".\" \/>\n<meta property=\"og:url\" content=\"https:\/\/angelsolisnoticias.com\/index.php\/2024\/06\/11\/en-solidaridad-se-escucha-la-voz-de-las-ninas-ninos-y-adolescentes\/\" \/>\n<meta property=\"og:site_name\" content=\"\u00c1ngel Solis\" \/>\n<meta property=\"article:publisher\" content=\"https:\/\/www.facebook.com\/periodistasquintanaroo\" \/>\n<meta property=\"article:published_time\" content=\"2024-06-11T13:16:28+00:00\" \/>\n<meta property=\"article:modified_time\" content=\"2024-06-12T02:56:25+00:00\" \/>\n<meta property=\"og:image\" content=\"https:\/\/angelsolisnoticias.com\/wp-content\/uploads\/2024\/06\/Solidaridad-DIF-Me-Escuchas1.jpg\" \/>\n\t<meta property=\"og:image:width\" content=\"800\" \/>\n\t<meta property=\"og:image:height\" content=\"569\" \/>\n\t<meta property=\"og:image:type\" content=\"image\/jpeg\" \/>\n<meta name=\"author\" content=\"admin\" \/>\n<meta name=\"twitter:card\" content=\"summary_large_image\" \/>\n<meta name=\"twitter:creator\" content=\"@PERIODISTASQROO\" \/>\n<meta name=\"twitter:site\" content=\"@PERIODISTASQROO\" \/>\n<meta name=\"twitter:label1\" content=\"Escrito por\" \/>\n\t<meta name=\"twitter:data1\" content=\"admin\" \/>\n\t<meta name=\"twitter:label2\" content=\"Tiempo de lectura\" \/>\n\t<meta name=\"twitter:data2\" content=\"3 minutos\" \/>\n<script type=\"application\/ld+json\" class=\"yoast-schema-graph\">{\"@context\":\"https:\/\/schema.org\",\"@graph\":[{\"@type\":\"Article\",\"@id\":\"https:\/\/angelsolisnoticias.com\/index.php\/2024\/06\/11\/en-solidaridad-se-escucha-la-voz-de-las-ninas-ninos-y-adolescentes\/#article\",\"isPartOf\":{\"@id\":\"https:\/\/angelsolisnoticias.com\/index.php\/2024\/06\/11\/en-solidaridad-se-escucha-la-voz-de-las-ninas-ninos-y-adolescentes\/\"},\"author\":{\"name\":\"admin\",\"@id\":\"https:\/\/angelsolisnoticias.com\/#\/schema\/person\/d5ca5e4c5f05db44e86cb564bf81ae6f\"},\"headline\":\"En Solidaridad se escucha la voz de las ni\u00f1as, ni\u00f1os y adolescentes\",\"datePublished\":\"2024-06-11T13:16:28+00:00\",\"dateModified\":\"2024-06-12T02:56:25+00:00\",\"mainEntityOfPage\":{\"@id\":\"https:\/\/angelsolisnoticias.com\/index.php\/2024\/06\/11\/en-solidaridad-se-escucha-la-voz-de-las-ninas-ninos-y-adolescentes\/\"},\"wordCount\":419,\"commentCount\":0,\"publisher\":{\"@id\":\"https:\/\/angelsolisnoticias.com\/#organization\"},\"articleSection\":[\"Solidaridad\",\"Uncategorized\"],\"inLanguage\":\"es\",\"potentialAction\":[{\"@type\":\"CommentAction\",\"name\":\"Comment\",\"target\":[\"https:\/\/angelsolisnoticias.com\/index.php\/2024\/06\/11\/en-solidaridad-se-escucha-la-voz-de-las-ninas-ninos-y-adolescentes\/#respond\"]}]},{\"@type\":\"WebPage\",\"@id\":\"https:\/\/angelsolisnoticias.com\/index.php\/2024\/06\/11\/en-solidaridad-se-escucha-la-voz-de-las-ninas-ninos-y-adolescentes\/\",\"url\":\"https:\/\/angelsolisnoticias.com\/index.php\/2024\/06\/11\/en-solidaridad-se-escucha-la-voz-de-las-ninas-ninos-y-adolescentes\/\",\"name\":\"En Solidaridad se escucha la voz de las ni\u00f1as, ni\u00f1os y adolescentes\",\"isPartOf\":{\"@id\":\"https:\/\/angelsolisnoticias.com\/#website\"},\"datePublished\":\"2024-06-11T13:16:28+00:00\",\"dateModified\":\"2024-06-12T02:56:25+00:00\",\"description\":\".\",\"breadcrumb\":{\"@id\":\"https:\/\/angelsolisnoticias.com\/index.php\/2024\/06\/11\/en-solidaridad-se-escucha-la-voz-de-las-ninas-ninos-y-adolescentes\/#breadcrumb\"},\"inLanguage\":\"es\",\"potentialAction\":[{\"@type\":\"ReadAction\",\"target\":[\"https:\/\/angelsolisnoticias.com\/index.php\/2024\/06\/11\/en-solidaridad-se-escucha-la-voz-de-las-ninas-ninos-y-adolescentes\/\"]}]},{\"@type\":\"BreadcrumbList\",\"@id\":\"https:\/\/angelsolisnoticias.com\/index.php\/2024\/06\/11\/en-solidaridad-se-escucha-la-voz-de-las-ninas-ninos-y-adolescentes\/#breadcrumb\",\"itemListElement\":[{\"@type\":\"ListItem\",\"position\":1,\"name\":\"Inicio\",\"item\":\"https:\/\/angelsolisnoticias.com\/\"},{\"@type\":\"ListItem\",\"position\":2,\"name\":\"En Solidaridad se escucha la voz de las ni\u00f1as, ni\u00f1os y adolescentes\"}]},{\"@type\":\"WebSite\",\"@id\":\"https:\/\/angelsolisnoticias.com\/#website\",\"url\":\"https:\/\/angelsolisnoticias.com\/\",\"name\":\"\u00c1ngel Solis\",\"description\":\"Noticias de Quintana Roo\",\"publisher\":{\"@id\":\"https:\/\/angelsolisnoticias.com\/#organization\"},\"potentialAction\":[{\"@type\":\"SearchAction\",\"target\":{\"@type\":\"EntryPoint\",\"urlTemplate\":\"https:\/\/angelsolisnoticias.com\/?s={search_term_string}\"},\"query-input\":\"required name=search_term_string\"}],\"inLanguage\":\"es\"},{\"@type\":\"Organization\",\"@id\":\"https:\/\/angelsolisnoticias.com\/#organization\",\"name\":\"\u00c1ngel Solis\",\"url\":\"https:\/\/angelsolisnoticias.com\/\",\"logo\":{\"@type\":\"ImageObject\",\"inLanguage\":\"es\",\"@id\":\"https:\/\/angelsolisnoticias.com\/#\/schema\/logo\/image\/\",\"url\":\"https:\/\/angelsolisnoticias.com\/wp-content\/uploads\/2023\/01\/LOGO3.png\",\"contentUrl\":\"https:\/\/angelsolisnoticias.com\/wp-content\/uploads\/2023\/01\/LOGO3.png\",\"width\":1853,\"height\":570,\"caption\":\"\u00c1ngel Solis\"},\"image\":{\"@id\":\"https:\/\/angelsolisnoticias.com\/#\/schema\/logo\/image\/\"},\"sameAs\":[\"https:\/\/www.facebook.com\/periodistasquintanaroo\",\"https:\/\/twitter.com\/PERIODISTASQROO\"]},{\"@type\":\"Person\",\"@id\":\"https:\/\/angelsolisnoticias.com\/#\/schema\/person\/d5ca5e4c5f05db44e86cb564bf81ae6f\",\"name\":\"admin\",\"image\":{\"@type\":\"ImageObject\",\"inLanguage\":\"es\",\"@id\":\"https:\/\/angelsolisnoticias.com\/#\/schema\/person\/image\/\",\"url\":\"https:\/\/secure.gravatar.com\/avatar\/dff3eaf7d33320066684ce268bff2bf90ce4f69456139b2d65d7796f64299e47?s=96&d=mm&r=g\",\"contentUrl\":\"https:\/\/secure.gravatar.com\/avatar\/dff3eaf7d33320066684ce268bff2bf90ce4f69456139b2d65d7796f64299e47?s=96&d=mm&r=g\",\"caption\":\"admin\"},\"sameAs\":[\"https:\/\/angelsolisnoticias.com\"],\"url\":\"https:\/\/angelsolisnoticias.com\/index.php\/author\/admin_qnbaat5l\/\"}]}<\/script>\n<!-- \/ Yoast SEO plugin. -->","yoast_head_json":{"title":"En Solidaridad se escucha la voz de las ni\u00f1as, ni\u00f1os y adolescentes","description":".","robots":{"index":"index","follow":"follow","max-snippet":"max-snippet:-1","max-image-preview":"max-image-preview:large","max-video-preview":"max-video-preview:-1"},"canonical":"https:\/\/angelsolisnoticias.com\/index.php\/2024\/06\/11\/en-solidaridad-se-escucha-la-voz-de-las-ninas-ninos-y-adolescentes\/","og_locale":"es_MX","og_type":"article","og_title":"En Solidaridad se escucha la voz de las ni\u00f1as, ni\u00f1os y adolescentes","og_description":".","og_url":"https:\/\/angelsolisnoticias.com\/index.php\/2024\/06\/11\/en-solidaridad-se-escucha-la-voz-de-las-ninas-ninos-y-adolescentes\/","og_site_name":"\u00c1ngel Solis","article_publisher":"https:\/\/www.facebook.com\/periodistasquintanaroo","article_published_time":"2024-06-11T13:16:28+00:00","article_modified_time":"2024-06-12T02:56:25+00:00","og_image":[{"width":800,"height":569,"url":"https:\/\/angelsolisnoticias.com\/wp-content\/uploads\/2024\/06\/Solidaridad-DIF-Me-Escuchas1.jpg","type":"image\/jpeg"}],"author":"admin","twitter_card":"summary_large_image","twitter_creator":"@PERIODISTASQROO","twitter_site":"@PERIODISTASQROO","twitter_misc":{"Escrito por":"admin","Tiempo de lectura":"3 minutos"},"schema":{"@context":"https:\/\/schema.org","@graph":[{"@type":"Article","@id":"https:\/\/angelsolisnoticias.com\/index.php\/2024\/06\/11\/en-solidaridad-se-escucha-la-voz-de-las-ninas-ninos-y-adolescentes\/#article","isPartOf":{"@id":"https:\/\/angelsolisnoticias.com\/index.php\/2024\/06\/11\/en-solidaridad-se-escucha-la-voz-de-las-ninas-ninos-y-adolescentes\/"},"author":{"name":"admin","@id":"https:\/\/angelsolisnoticias.com\/#\/schema\/person\/d5ca5e4c5f05db44e86cb564bf81ae6f"},"headline":"En Solidaridad se escucha la voz de las ni\u00f1as, ni\u00f1os y adolescentes","datePublished":"2024-06-11T13:16:28+00:00","dateModified":"2024-06-12T02:56:25+00:00","mainEntityOfPage":{"@id":"https:\/\/angelsolisnoticias.com\/index.php\/2024\/06\/11\/en-solidaridad-se-escucha-la-voz-de-las-ninas-ninos-y-adolescentes\/"},"wordCount":419,"commentCount":0,"publisher":{"@id":"https:\/\/angelsolisnoticias.com\/#organization"},"articleSection":["Solidaridad","Uncategorized"],"inLanguage":"es","potentialAction":[{"@type":"CommentAction","name":"Comment","target":["https:\/\/angelsolisnoticias.com\/index.php\/2024\/06\/11\/en-solidaridad-se-escucha-la-voz-de-las-ninas-ninos-y-adolescentes\/#respond"]}]},{"@type":"WebPage","@id":"https:\/\/angelsolisnoticias.com\/index.php\/2024\/06\/11\/en-solidaridad-se-escucha-la-voz-de-las-ninas-ninos-y-adolescentes\/","url":"https:\/\/angelsolisnoticias.com\/index.php\/2024\/06\/11\/en-solidaridad-se-escucha-la-voz-de-las-ninas-ninos-y-adolescentes\/","name":"En Solidaridad se escucha la voz de las ni\u00f1as, ni\u00f1os y adolescentes","isPartOf":{"@id":"https:\/\/angelsolisnoticias.com\/#website"},"datePublished":"2024-06-11T13:16:28+00:00","dateModified":"2024-06-12T02:56:25+00:00","description":".","breadcrumb":{"@id":"https:\/\/angelsolisnoticias.com\/index.php\/2024\/06\/11\/en-solidaridad-se-escucha-la-voz-de-las-ninas-ninos-y-adolescentes\/#breadcrumb"},"inLanguage":"es","potentialAction":[{"@type":"ReadAction","target":["https:\/\/angelsolisnoticias.com\/index.php\/2024\/06\/11\/en-solidaridad-se-escucha-la-voz-de-las-ninas-ninos-y-adolescentes\/"]}]},{"@type":"BreadcrumbList","@id":"https:\/\/angelsolisnoticias.com\/index.php\/2024\/06\/11\/en-solidaridad-se-escucha-la-voz-de-las-ninas-ninos-y-adolescentes\/#breadcrumb","itemListElement":[{"@type":"ListItem","position":1,"name":"Inicio","item":"https:\/\/angelsolisnoticias.com\/"},{"@type":"ListItem","position":2,"name":"En Solidaridad se escucha la voz de las ni\u00f1as, ni\u00f1os y adolescentes"}]},{"@type":"WebSite","@id":"https:\/\/angelsolisnoticias.com\/#website","url":"https:\/\/angelsolisnoticias.com\/","name":"\u00c1ngel Solis","description":"Noticias de Quintana Roo","publisher":{"@id":"https:\/\/angelsolisnoticias.com\/#organization"},"potentialAction":[{"@type":"SearchAction","target":{"@type":"EntryPoint","urlTemplate":"https:\/\/angelsolisnoticias.com\/?s={search_term_string}"},"query-input":"required name=search_term_string"}],"inLanguage":"es"},{"@type":"Organization","@id":"https:\/\/angelsolisnoticias.com\/#organization","name":"\u00c1ngel Solis","url":"https:\/\/angelsolisnoticias.com\/","logo":{"@type":"ImageObject","inLanguage":"es","@id":"https:\/\/angelsolisnoticias.com\/#\/schema\/logo\/image\/","url":"https:\/\/angelsolisnoticias.com\/wp-content\/uploads\/2023\/01\/LOGO3.png","contentUrl":"https:\/\/angelsolisnoticias.com\/wp-content\/uploads\/2023\/01\/LOGO3.png","width":1853,"height":570,"caption":"\u00c1ngel Solis"},"image":{"@id":"https:\/\/angelsolisnoticias.com\/#\/schema\/logo\/image\/"},"sameAs":["https:\/\/www.facebook.com\/periodistasquintanaroo","https:\/\/twitter.com\/PERIODISTASQROO"]},{"@type":"Person","@id":"https:\/\/angelsolisnoticias.com\/#\/schema\/person\/d5ca5e4c5f05db44e86cb564bf81ae6f","name":"admin","image":{"@type":"ImageObject","inLanguage":"es","@id":"https:\/\/angelsolisnoticias.com\/#\/schema\/person\/image\/","url":"https:\/\/secure.gravatar.com\/avatar\/dff3eaf7d33320066684ce268bff2bf90ce4f69456139b2d65d7796f64299e47?s=96&d=mm&r=g","contentUrl":"https:\/\/secure.gravatar.com\/avatar\/dff3eaf7d33320066684ce268bff2bf90ce4f69456139b2d65d7796f64299e47?s=96&d=mm&r=g","caption":"admin"},"sameAs":["https:\/\/angelsolisnoticias.com"],"url":"https:\/\/angelsolisnoticias.com\/index.php\/author\/admin_qnbaat5l\/"}]}},"jetpack_featured_media_url":"https:\/\/angelsolisnoticias.com\/wp-content\/uploads\/2024\/06\/Solidaridad-DIF-Me-Escuchas1.jpg","_links":{"self":[{"href":"https:\/\/angelsolisnoticias.com\/index.php\/wp-json\/wp\/v2\/posts\/7781","targetHints":{"allow":["GET"]}}],"collection":[{"href":"https:\/\/angelsolisnoticias.com\/index.php\/wp-json\/wp\/v2\/posts"}],"about":[{"href":"https:\/\/angelsolisnoticias.com\/index.php\/wp-json\/wp\/v2\/types\/post"}],"author":[{"embeddable":true,"href":"https:\/\/angelsolisnoticias.com\/index.php\/wp-json\/wp\/v2\/users\/1"}],"replies":[{"embeddable":true,"href":"https:\/\/angelsolisnoticias.com\/index.php\/wp-json\/wp\/v2\/comments?post=7781"}],"version-history":[{"count":3,"href":"https:\/\/angelsolisnoticias.com\/index.php\/wp-json\/wp\/v2\/posts\/7781\/revisions"}],"predecessor-version":[{"id":7788,"href":"https:\/\/angelsolisnoticias.com\/index.php\/wp-json\/wp\/v2\/posts\/7781\/revisions\/7788"}],"wp:featuredmedia":[{"embeddable":true,"href":"https:\/\/angelsolisnoticias.com\/index.php\/wp-json\/wp\/v2\/media\/7786"}],"wp:attachment":[{"href":"https:\/\/angelsolisnoticias.com\/index.php\/wp-json\/wp\/v2\/media?parent=7781"}],"wp:term":[{"taxonomy":"category","embeddable":true,"href":"https:\/\/angelsolisnoticias.com\/index.php\/wp-json\/wp\/v2\/categories?post=7781"},{"taxonomy":"post_tag","embeddable":true,"href":"https:\/\/angelsolisnoticias.com\/index.php\/wp-json\/wp\/v2\/tags?post=7781"}],"curies":[{"name":"wp","href":"https:\/\/api.w.org\/{rel}","templated":true}]}}