{"id":7789,"date":"2024-06-11T13:05:44","date_gmt":"2024-06-11T13:05:44","guid":{"rendered":"https:\/\/angelsolisnoticias.com\/?p=7789"},"modified":"2024-06-12T03:04:44","modified_gmt":"2024-06-12T03:04:44","slug":"realizaran-en-villas-del-sol-la-36a-feria-municipal-del-empleo","status":"publish","type":"post","link":"https:\/\/angelsolisnoticias.com\/index.php\/2024\/06\/11\/realizaran-en-villas-del-sol-la-36a-feria-municipal-del-empleo\/","title":{"rendered":"Realizar\u00e1n en Villas del Sol la 36\u00aa feria municipal del empleo"},"content":{"rendered":"<p>Playa del Carmen, Solidaridad a 11 de junio de 2024<br \/>\nEspecial<\/p>\n<p>Para que las y los solidarenses tengan un empleo digno y de calidad, el gobierno que lidera la presidenta Lili Campos, a trav\u00e9s de la Direcci\u00f3n del Trabajo y Promoci\u00f3n del Empleo, anuncia la realizaci\u00f3n de su 36\u00aa feria municipal del empleo y servicios laborales en el fraccionamiento de Villas del Sol.<\/p>\n<p>Su titular de la direcci\u00f3n del Trabajo y Promoci\u00f3n del Empleo, Yuri Mayorga, dijo que esta tan solo de enero a mayo han participado 57 empresas y se han ofertado dos mil 816 vacantes, por ello, en esta ocasi\u00f3n se realizar\u00e1 este 18 de junio de 9 de la ma\u00f1ana a la 1 de la tarde en el segundo domo del fraccionamiento de Villas del Sol, ubicado en la Avenida CTM con Avenida B\u00fahos.<\/p>\n<p>A\u00f1adi\u00f3 que, \u201cen esta administraci\u00f3n se est\u00e1 haciendo la transversalidad para que toda la poblaci\u00f3n se entere de todas las ofertas laborales que las empresas est\u00e1n otorgando con todas sus prestaciones de ley\u201d.<\/p>\n<p>La funcionaria recalc\u00f3 que, adem\u00e1s de las vacantes disponibles, habr\u00e1 servicios laborales donde los ciudadanos podr\u00e1n solicitar constancias de residencia vecinal, certificados m\u00e9dicos y la Fiscal\u00eda del Estado estar\u00e1 proporcionando carta de antecedentes no penales para todos los solicitantes.<\/p>\n","protected":false},"excerpt":{"rendered":"<p>Playa del Carmen, Solidaridad a 11 de junio de 2024 Especial Para que las y los solidarenses tengan un empleo digno y de calidad, el gobierno que lidera la presidenta Lili Campos, a trav\u00e9s de la Direcci\u00f3n del Trabajo y Promoci\u00f3n del Empleo, anuncia la realizaci\u00f3n de su 36\u00aa feria <a href=\"https:\/\/angelsolisnoticias.com\/index.php\/2024\/06\/11\/realizaran-en-villas-del-sol-la-36a-feria-municipal-del-empleo\/\" class=\"btn btn-link continue-link\">Seguir leyendo<\/a><\/p>\n","protected":false},"author":1,"featured_media":7791,"comment_status":"open","ping_status":"open","sticky":false,"template":"","format":"standard","meta":{"footnotes":""},"categories":[6,1],"tags":[],"class_list":["post-7789","post","type-post","status-publish","format-standard","has-post-thumbnail","hentry","category-solidaridad","category-uncategorized"],"yoast_head":"<!-- This site is optimized with the Yoast SEO plugin v21.1 - https:\/\/yoast.com\/wordpress\/plugins\/seo\/ -->\n<title>Realizar\u00e1n en Villas del Sol la 36\u00aa feria municipal del empleo<\/title>\n<meta name=\"description\" content=\".\" \/>\n<meta name=\"robots\" content=\"index, follow, max-snippet:-1, max-image-preview:large, max-video-preview:-1\" \/>\n<link rel=\"canonical\" href=\"https:\/\/angelsolisnoticias.com\/index.php\/2024\/06\/11\/realizaran-en-villas-del-sol-la-36a-feria-municipal-del-empleo\/\" \/>\n<meta property=\"og:locale\" content=\"es_MX\" \/>\n<meta property=\"og:type\" content=\"article\" \/>\n<meta property=\"og:title\" content=\"Realizar\u00e1n en Villas del Sol la 36\u00aa feria municipal del empleo\" \/>\n<meta property=\"og:description\" content=\".\" \/>\n<meta property=\"og:url\" content=\"https:\/\/angelsolisnoticias.com\/index.php\/2024\/06\/11\/realizaran-en-villas-del-sol-la-36a-feria-municipal-del-empleo\/\" \/>\n<meta property=\"og:site_name\" content=\"\u00c1ngel Solis\" \/>\n<meta property=\"article:publisher\" content=\"https:\/\/www.facebook.com\/periodistasquintanaroo\" \/>\n<meta property=\"article:published_time\" content=\"2024-06-11T13:05:44+00:00\" \/>\n<meta property=\"article:modified_time\" content=\"2024-06-12T03:04:44+00:00\" \/>\n<meta property=\"og:image\" content=\"https:\/\/angelsolisnoticias.com\/wp-content\/uploads\/2024\/06\/Solidaridad-Feria-Empleo13.jpg\" \/>\n\t<meta property=\"og:image:width\" content=\"800\" \/>\n\t<meta property=\"og:image:height\" content=\"569\" \/>\n\t<meta property=\"og:image:type\" content=\"image\/jpeg\" \/>\n<meta name=\"author\" content=\"admin\" \/>\n<meta name=\"twitter:card\" content=\"summary_large_image\" \/>\n<meta name=\"twitter:creator\" content=\"@PERIODISTASQROO\" \/>\n<meta name=\"twitter:site\" content=\"@PERIODISTASQROO\" \/>\n<meta name=\"twitter:label1\" content=\"Escrito por\" \/>\n\t<meta name=\"twitter:data1\" content=\"admin\" \/>\n\t<meta name=\"twitter:label2\" content=\"Tiempo de lectura\" \/>\n\t<meta name=\"twitter:data2\" content=\"1 minuto\" \/>\n<script type=\"application\/ld+json\" class=\"yoast-schema-graph\">{\"@context\":\"https:\/\/schema.org\",\"@graph\":[{\"@type\":\"Article\",\"@id\":\"https:\/\/angelsolisnoticias.com\/index.php\/2024\/06\/11\/realizaran-en-villas-del-sol-la-36a-feria-municipal-del-empleo\/#article\",\"isPartOf\":{\"@id\":\"https:\/\/angelsolisnoticias.com\/index.php\/2024\/06\/11\/realizaran-en-villas-del-sol-la-36a-feria-municipal-del-empleo\/\"},\"author\":{\"name\":\"admin\",\"@id\":\"https:\/\/angelsolisnoticias.com\/#\/schema\/person\/d5ca5e4c5f05db44e86cb564bf81ae6f\"},\"headline\":\"Realizar\u00e1n en Villas del Sol la 36\u00aa feria municipal del empleo\",\"datePublished\":\"2024-06-11T13:05:44+00:00\",\"dateModified\":\"2024-06-12T03:04:44+00:00\",\"mainEntityOfPage\":{\"@id\":\"https:\/\/angelsolisnoticias.com\/index.php\/2024\/06\/11\/realizaran-en-villas-del-sol-la-36a-feria-municipal-del-empleo\/\"},\"wordCount\":229,\"commentCount\":0,\"publisher\":{\"@id\":\"https:\/\/angelsolisnoticias.com\/#organization\"},\"articleSection\":[\"Solidaridad\",\"Uncategorized\"],\"inLanguage\":\"es\",\"potentialAction\":[{\"@type\":\"CommentAction\",\"name\":\"Comment\",\"target\":[\"https:\/\/angelsolisnoticias.com\/index.php\/2024\/06\/11\/realizaran-en-villas-del-sol-la-36a-feria-municipal-del-empleo\/#respond\"]}]},{\"@type\":\"WebPage\",\"@id\":\"https:\/\/angelsolisnoticias.com\/index.php\/2024\/06\/11\/realizaran-en-villas-del-sol-la-36a-feria-municipal-del-empleo\/\",\"url\":\"https:\/\/angelsolisnoticias.com\/index.php\/2024\/06\/11\/realizaran-en-villas-del-sol-la-36a-feria-municipal-del-empleo\/\",\"name\":\"Realizar\u00e1n en Villas del Sol la 36\u00aa feria municipal del empleo\",\"isPartOf\":{\"@id\":\"https:\/\/angelsolisnoticias.com\/#website\"},\"datePublished\":\"2024-06-11T13:05:44+00:00\",\"dateModified\":\"2024-06-12T03:04:44+00:00\",\"description\":\".\",\"breadcrumb\":{\"@id\":\"https:\/\/angelsolisnoticias.com\/index.php\/2024\/06\/11\/realizaran-en-villas-del-sol-la-36a-feria-municipal-del-empleo\/#breadcrumb\"},\"inLanguage\":\"es\",\"potentialAction\":[{\"@type\":\"ReadAction\",\"target\":[\"https:\/\/angelsolisnoticias.com\/index.php\/2024\/06\/11\/realizaran-en-villas-del-sol-la-36a-feria-municipal-del-empleo\/\"]}]},{\"@type\":\"BreadcrumbList\",\"@id\":\"https:\/\/angelsolisnoticias.com\/index.php\/2024\/06\/11\/realizaran-en-villas-del-sol-la-36a-feria-municipal-del-empleo\/#breadcrumb\",\"itemListElement\":[{\"@type\":\"ListItem\",\"position\":1,\"name\":\"Inicio\",\"item\":\"https:\/\/angelsolisnoticias.com\/\"},{\"@type\":\"ListItem\",\"position\":2,\"name\":\"Realizar\u00e1n en Villas del Sol la 36\u00aa feria municipal del empleo\"}]},{\"@type\":\"WebSite\",\"@id\":\"https:\/\/angelsolisnoticias.com\/#website\",\"url\":\"https:\/\/angelsolisnoticias.com\/\",\"name\":\"\u00c1ngel Solis\",\"description\":\"Noticias de Quintana Roo\",\"publisher\":{\"@id\":\"https:\/\/angelsolisnoticias.com\/#organization\"},\"potentialAction\":[{\"@type\":\"SearchAction\",\"target\":{\"@type\":\"EntryPoint\",\"urlTemplate\":\"https:\/\/angelsolisnoticias.com\/?s={search_term_string}\"},\"query-input\":\"required name=search_term_string\"}],\"inLanguage\":\"es\"},{\"@type\":\"Organization\",\"@id\":\"https:\/\/angelsolisnoticias.com\/#organization\",\"name\":\"\u00c1ngel Solis\",\"url\":\"https:\/\/angelsolisnoticias.com\/\",\"logo\":{\"@type\":\"ImageObject\",\"inLanguage\":\"es\",\"@id\":\"https:\/\/angelsolisnoticias.com\/#\/schema\/logo\/image\/\",\"url\":\"https:\/\/angelsolisnoticias.com\/wp-content\/uploads\/2023\/01\/LOGO3.png\",\"contentUrl\":\"https:\/\/angelsolisnoticias.com\/wp-content\/uploads\/2023\/01\/LOGO3.png\",\"width\":1853,\"height\":570,\"caption\":\"\u00c1ngel Solis\"},\"image\":{\"@id\":\"https:\/\/angelsolisnoticias.com\/#\/schema\/logo\/image\/\"},\"sameAs\":[\"https:\/\/www.facebook.com\/periodistasquintanaroo\",\"https:\/\/twitter.com\/PERIODISTASQROO\"]},{\"@type\":\"Person\",\"@id\":\"https:\/\/angelsolisnoticias.com\/#\/schema\/person\/d5ca5e4c5f05db44e86cb564bf81ae6f\",\"name\":\"admin\",\"image\":{\"@type\":\"ImageObject\",\"inLanguage\":\"es\",\"@id\":\"https:\/\/angelsolisnoticias.com\/#\/schema\/person\/image\/\",\"url\":\"https:\/\/secure.gravatar.com\/avatar\/dff3eaf7d33320066684ce268bff2bf90ce4f69456139b2d65d7796f64299e47?s=96&d=mm&r=g\",\"contentUrl\":\"https:\/\/secure.gravatar.com\/avatar\/dff3eaf7d33320066684ce268bff2bf90ce4f69456139b2d65d7796f64299e47?s=96&d=mm&r=g\",\"caption\":\"admin\"},\"sameAs\":[\"https:\/\/angelsolisnoticias.com\"],\"url\":\"https:\/\/angelsolisnoticias.com\/index.php\/author\/admin_qnbaat5l\/\"}]}<\/script>\n<!-- \/ Yoast SEO plugin. -->","yoast_head_json":{"title":"Realizar\u00e1n en Villas del Sol la 36\u00aa feria municipal del empleo","description":".","robots":{"index":"index","follow":"follow","max-snippet":"max-snippet:-1","max-image-preview":"max-image-preview:large","max-video-preview":"max-video-preview:-1"},"canonical":"https:\/\/angelsolisnoticias.com\/index.php\/2024\/06\/11\/realizaran-en-villas-del-sol-la-36a-feria-municipal-del-empleo\/","og_locale":"es_MX","og_type":"article","og_title":"Realizar\u00e1n en Villas del Sol la 36\u00aa feria municipal del empleo","og_description":".","og_url":"https:\/\/angelsolisnoticias.com\/index.php\/2024\/06\/11\/realizaran-en-villas-del-sol-la-36a-feria-municipal-del-empleo\/","og_site_name":"\u00c1ngel Solis","article_publisher":"https:\/\/www.facebook.com\/periodistasquintanaroo","article_published_time":"2024-06-11T13:05:44+00:00","article_modified_time":"2024-06-12T03:04:44+00:00","og_image":[{"width":800,"height":569,"url":"https:\/\/angelsolisnoticias.com\/wp-content\/uploads\/2024\/06\/Solidaridad-Feria-Empleo13.jpg","type":"image\/jpeg"}],"author":"admin","twitter_card":"summary_large_image","twitter_creator":"@PERIODISTASQROO","twitter_site":"@PERIODISTASQROO","twitter_misc":{"Escrito por":"admin","Tiempo de lectura":"1 minuto"},"schema":{"@context":"https:\/\/schema.org","@graph":[{"@type":"Article","@id":"https:\/\/angelsolisnoticias.com\/index.php\/2024\/06\/11\/realizaran-en-villas-del-sol-la-36a-feria-municipal-del-empleo\/#article","isPartOf":{"@id":"https:\/\/angelsolisnoticias.com\/index.php\/2024\/06\/11\/realizaran-en-villas-del-sol-la-36a-feria-municipal-del-empleo\/"},"author":{"name":"admin","@id":"https:\/\/angelsolisnoticias.com\/#\/schema\/person\/d5ca5e4c5f05db44e86cb564bf81ae6f"},"headline":"Realizar\u00e1n en Villas del Sol la 36\u00aa feria municipal del empleo","datePublished":"2024-06-11T13:05:44+00:00","dateModified":"2024-06-12T03:04:44+00:00","mainEntityOfPage":{"@id":"https:\/\/angelsolisnoticias.com\/index.php\/2024\/06\/11\/realizaran-en-villas-del-sol-la-36a-feria-municipal-del-empleo\/"},"wordCount":229,"commentCount":0,"publisher":{"@id":"https:\/\/angelsolisnoticias.com\/#organization"},"articleSection":["Solidaridad","Uncategorized"],"inLanguage":"es","potentialAction":[{"@type":"CommentAction","name":"Comment","target":["https:\/\/angelsolisnoticias.com\/index.php\/2024\/06\/11\/realizaran-en-villas-del-sol-la-36a-feria-municipal-del-empleo\/#respond"]}]},{"@type":"WebPage","@id":"https:\/\/angelsolisnoticias.com\/index.php\/2024\/06\/11\/realizaran-en-villas-del-sol-la-36a-feria-municipal-del-empleo\/","url":"https:\/\/angelsolisnoticias.com\/index.php\/2024\/06\/11\/realizaran-en-villas-del-sol-la-36a-feria-municipal-del-empleo\/","name":"Realizar\u00e1n en Villas del Sol la 36\u00aa feria municipal del empleo","isPartOf":{"@id":"https:\/\/angelsolisnoticias.com\/#website"},"datePublished":"2024-06-11T13:05:44+00:00","dateModified":"2024-06-12T03:04:44+00:00","description":".","breadcrumb":{"@id":"https:\/\/angelsolisnoticias.com\/index.php\/2024\/06\/11\/realizaran-en-villas-del-sol-la-36a-feria-municipal-del-empleo\/#breadcrumb"},"inLanguage":"es","potentialAction":[{"@type":"ReadAction","target":["https:\/\/angelsolisnoticias.com\/index.php\/2024\/06\/11\/realizaran-en-villas-del-sol-la-36a-feria-municipal-del-empleo\/"]}]},{"@type":"BreadcrumbList","@id":"https:\/\/angelsolisnoticias.com\/index.php\/2024\/06\/11\/realizaran-en-villas-del-sol-la-36a-feria-municipal-del-empleo\/#breadcrumb","itemListElement":[{"@type":"ListItem","position":1,"name":"Inicio","item":"https:\/\/angelsolisnoticias.com\/"},{"@type":"ListItem","position":2,"name":"Realizar\u00e1n en Villas del Sol la 36\u00aa feria municipal del empleo"}]},{"@type":"WebSite","@id":"https:\/\/angelsolisnoticias.com\/#website","url":"https:\/\/angelsolisnoticias.com\/","name":"\u00c1ngel Solis","description":"Noticias de Quintana Roo","publisher":{"@id":"https:\/\/angelsolisnoticias.com\/#organization"},"potentialAction":[{"@type":"SearchAction","target":{"@type":"EntryPoint","urlTemplate":"https:\/\/angelsolisnoticias.com\/?s={search_term_string}"},"query-input":"required name=search_term_string"}],"inLanguage":"es"},{"@type":"Organization","@id":"https:\/\/angelsolisnoticias.com\/#organization","name":"\u00c1ngel Solis","url":"https:\/\/angelsolisnoticias.com\/","logo":{"@type":"ImageObject","inLanguage":"es","@id":"https:\/\/angelsolisnoticias.com\/#\/schema\/logo\/image\/","url":"https:\/\/angelsolisnoticias.com\/wp-content\/uploads\/2023\/01\/LOGO3.png","contentUrl":"https:\/\/angelsolisnoticias.com\/wp-content\/uploads\/2023\/01\/LOGO3.png","width":1853,"height":570,"caption":"\u00c1ngel Solis"},"image":{"@id":"https:\/\/angelsolisnoticias.com\/#\/schema\/logo\/image\/"},"sameAs":["https:\/\/www.facebook.com\/periodistasquintanaroo","https:\/\/twitter.com\/PERIODISTASQROO"]},{"@type":"Person","@id":"https:\/\/angelsolisnoticias.com\/#\/schema\/person\/d5ca5e4c5f05db44e86cb564bf81ae6f","name":"admin","image":{"@type":"ImageObject","inLanguage":"es","@id":"https:\/\/angelsolisnoticias.com\/#\/schema\/person\/image\/","url":"https:\/\/secure.gravatar.com\/avatar\/dff3eaf7d33320066684ce268bff2bf90ce4f69456139b2d65d7796f64299e47?s=96&d=mm&r=g","contentUrl":"https:\/\/secure.gravatar.com\/avatar\/dff3eaf7d33320066684ce268bff2bf90ce4f69456139b2d65d7796f64299e47?s=96&d=mm&r=g","caption":"admin"},"sameAs":["https:\/\/angelsolisnoticias.com"],"url":"https:\/\/angelsolisnoticias.com\/index.php\/author\/admin_qnbaat5l\/"}]}},"jetpack_featured_media_url":"https:\/\/angelsolisnoticias.com\/wp-content\/uploads\/2024\/06\/Solidaridad-Feria-Empleo13.jpg","_links":{"self":[{"href":"https:\/\/angelsolisnoticias.com\/index.php\/wp-json\/wp\/v2\/posts\/7789","targetHints":{"allow":["GET"]}}],"collection":[{"href":"https:\/\/angelsolisnoticias.com\/index.php\/wp-json\/wp\/v2\/posts"}],"about":[{"href":"https:\/\/angelsolisnoticias.com\/index.php\/wp-json\/wp\/v2\/types\/post"}],"author":[{"embeddable":true,"href":"https:\/\/angelsolisnoticias.com\/index.php\/wp-json\/wp\/v2\/users\/1"}],"replies":[{"embeddable":true,"href":"https:\/\/angelsolisnoticias.com\/index.php\/wp-json\/wp\/v2\/comments?post=7789"}],"version-history":[{"count":1,"href":"https:\/\/angelsolisnoticias.com\/index.php\/wp-json\/wp\/v2\/posts\/7789\/revisions"}],"predecessor-version":[{"id":7790,"href":"https:\/\/angelsolisnoticias.com\/index.php\/wp-json\/wp\/v2\/posts\/7789\/revisions\/7790"}],"wp:featuredmedia":[{"embeddable":true,"href":"https:\/\/angelsolisnoticias.com\/index.php\/wp-json\/wp\/v2\/media\/7791"}],"wp:attachment":[{"href":"https:\/\/angelsolisnoticias.com\/index.php\/wp-json\/wp\/v2\/media?parent=7789"}],"wp:term":[{"taxonomy":"category","embeddable":true,"href":"https:\/\/angelsolisnoticias.com\/index.php\/wp-json\/wp\/v2\/categories?post=7789"},{"taxonomy":"post_tag","embeddable":true,"href":"https:\/\/angelsolisnoticias.com\/index.php\/wp-json\/wp\/v2\/tags?post=7789"}],"curies":[{"name":"wp","href":"https:\/\/api.w.org\/{rel}","templated":true}]}}