{"id":7813,"date":"2024-06-13T14:55:13","date_gmt":"2024-06-13T14:55:13","guid":{"rendered":"https:\/\/angelsolisnoticias.com\/?p=7813"},"modified":"2024-06-13T23:14:08","modified_gmt":"2024-06-13T23:14:08","slug":"gobierno-de-solidaridad-fortalece-medidas-de-prevencion-del-trabajo-infantil","status":"publish","type":"post","link":"https:\/\/angelsolisnoticias.com\/index.php\/2024\/06\/13\/gobierno-de-solidaridad-fortalece-medidas-de-prevencion-del-trabajo-infantil\/","title":{"rendered":"Gobierno de Solidaridad fortalece medidas de prevenci\u00f3n del trabajo infantil"},"content":{"rendered":"<p>Playa del Carmen, Quintana Roo a 13 de junio del 2024<br \/>\nEspecial<\/p>\n<p>A trav\u00e9s del Sistema para el Desarrollo Integral de la Familia, el gobierno de la presidenta Lili Campos, mantiene su estrategia para la prevenci\u00f3n del trabajo infantil en la zona tur\u00edstica con el objetivo de que las ni\u00f1as, ni\u00f1os y adolescentes tengan derecho a una vida libre de alg\u00fan tipo de explotaci\u00f3n laboral.<\/p>\n<p>En esta estrategia ha sido importante el apoyo de la iniciativa privada y la concientizaci\u00f3n de la sociedad solidarense sobre el riesgo que significa esta pr\u00e1ctica, ya que vulnera los derechos de la infancia y adolescencia.<\/p>\n<p><a href=\"https:\/\/angelsolisnoticias.com\/wp-content\/uploads\/2024\/06\/Solidaridad-Prevencion-Trabajo-Infantil2.jpg\"><img loading=\"lazy\" decoding=\"async\" class=\"aligncenter wp-image-7815 \" src=\"https:\/\/angelsolisnoticias.com\/wp-content\/uploads\/2024\/06\/Solidaridad-Prevencion-Trabajo-Infantil2.jpg\" alt=\"\" width=\"590\" height=\"406\" \/><\/a><\/p>\n<p>A trav\u00e9s de la Direcci\u00f3n de PAMAR del DIF Municipal, y por medio del programa de prevenci\u00f3n del trabajo infantil solo en lo que va del primer trimestre del presente a\u00f1o se han realizado 160 recorridos en diversos puntos del municipio y se han distribuido tr\u00edpticos informativos en establecimientos comerciales y puntos de reuni\u00f3n de la zona tur\u00edstica y 5ta Avenida.<\/p>\n<p>Asimismo, se atendieron 6 reportes ciudadanos sobre la presencia de ni\u00f1as, ni\u00f1os y adolescentes en situaci\u00f3n de trabajo infantil.<\/p>\n<p><a href=\"https:\/\/angelsolisnoticias.com\/wp-content\/uploads\/2024\/06\/Solidaridad-Prevencion-Trabajo-Infantil3.jpg\"><img loading=\"lazy\" decoding=\"async\" class=\"aligncenter wp-image-7816 \" src=\"https:\/\/angelsolisnoticias.com\/wp-content\/uploads\/2024\/06\/Solidaridad-Prevencion-Trabajo-Infantil3.jpg\" alt=\"\" width=\"593\" height=\"435\" \/><\/a><\/p>\n<p>Durante los recorridos se cuenta con la presencia de diversas instancias como la Delegaci\u00f3n de la Procuradur\u00eda para la Protecci\u00f3n de Ni\u00f1as, Ni\u00f1os, Adolescentes y la Familia; la Secretar\u00eda de Seguridad P\u00fablica; y existen trabajos coordinados con la Comisi\u00f3n de Derechos Humanos del Estado de Quintana Roo (Cdheqroo), ya que dichos operativos se realizan en estricto apego a la ley vigente.<\/p>\n<p>De esta manera, el Gobierno de Solidaridad cumple con su compromiso de que las familias solidarenses cuenten con mejores condiciones de vida y entornos que permitan su sano desarrollo.<\/p>\n","protected":false},"excerpt":{"rendered":"<p>Playa del Carmen, Quintana Roo a 13 de junio del 2024 Especial A trav\u00e9s del Sistema para el Desarrollo Integral de la Familia, el gobierno de la presidenta Lili Campos, mantiene su estrategia para la prevenci\u00f3n del trabajo infantil en la zona tur\u00edstica con el objetivo de que las ni\u00f1as, <a href=\"https:\/\/angelsolisnoticias.com\/index.php\/2024\/06\/13\/gobierno-de-solidaridad-fortalece-medidas-de-prevencion-del-trabajo-infantil\/\" class=\"btn btn-link continue-link\">Seguir leyendo<\/a><\/p>\n","protected":false},"author":1,"featured_media":7817,"comment_status":"open","ping_status":"open","sticky":false,"template":"","format":"standard","meta":{"footnotes":""},"categories":[6,1],"tags":[],"class_list":["post-7813","post","type-post","status-publish","format-standard","has-post-thumbnail","hentry","category-solidaridad","category-uncategorized"],"yoast_head":"<!-- This site is optimized with the Yoast SEO plugin v21.1 - https:\/\/yoast.com\/wordpress\/plugins\/seo\/ -->\n<title>Gobierno de Solidaridad fortalece medidas de prevenci\u00f3n del trabajo infantil<\/title>\n<meta name=\"description\" content=\".\" \/>\n<meta name=\"robots\" content=\"index, follow, max-snippet:-1, max-image-preview:large, max-video-preview:-1\" \/>\n<link rel=\"canonical\" href=\"https:\/\/angelsolisnoticias.com\/index.php\/2024\/06\/13\/gobierno-de-solidaridad-fortalece-medidas-de-prevencion-del-trabajo-infantil\/\" \/>\n<meta property=\"og:locale\" content=\"es_MX\" \/>\n<meta property=\"og:type\" content=\"article\" \/>\n<meta property=\"og:title\" content=\"Gobierno de Solidaridad fortalece medidas de prevenci\u00f3n del trabajo infantil\" \/>\n<meta property=\"og:description\" content=\".\" \/>\n<meta property=\"og:url\" content=\"https:\/\/angelsolisnoticias.com\/index.php\/2024\/06\/13\/gobierno-de-solidaridad-fortalece-medidas-de-prevencion-del-trabajo-infantil\/\" \/>\n<meta property=\"og:site_name\" content=\"\u00c1ngel Solis\" \/>\n<meta property=\"article:publisher\" content=\"https:\/\/www.facebook.com\/periodistasquintanaroo\" \/>\n<meta property=\"article:published_time\" content=\"2024-06-13T14:55:13+00:00\" \/>\n<meta property=\"article:modified_time\" content=\"2024-06-13T23:14:08+00:00\" \/>\n<meta property=\"og:image\" content=\"https:\/\/angelsolisnoticias.com\/wp-content\/uploads\/2024\/06\/Solidaridad-Prevencion-Trabajo-Infantil1.jpg\" \/>\n\t<meta property=\"og:image:width\" content=\"800\" \/>\n\t<meta property=\"og:image:height\" content=\"569\" \/>\n\t<meta property=\"og:image:type\" content=\"image\/jpeg\" \/>\n<meta name=\"author\" content=\"admin\" \/>\n<meta name=\"twitter:card\" content=\"summary_large_image\" \/>\n<meta name=\"twitter:creator\" content=\"@PERIODISTASQROO\" \/>\n<meta name=\"twitter:site\" content=\"@PERIODISTASQROO\" \/>\n<meta name=\"twitter:label1\" content=\"Escrito por\" \/>\n\t<meta name=\"twitter:data1\" content=\"admin\" \/>\n\t<meta name=\"twitter:label2\" content=\"Tiempo de lectura\" \/>\n\t<meta name=\"twitter:data2\" content=\"2 minutos\" \/>\n<script type=\"application\/ld+json\" class=\"yoast-schema-graph\">{\"@context\":\"https:\/\/schema.org\",\"@graph\":[{\"@type\":\"Article\",\"@id\":\"https:\/\/angelsolisnoticias.com\/index.php\/2024\/06\/13\/gobierno-de-solidaridad-fortalece-medidas-de-prevencion-del-trabajo-infantil\/#article\",\"isPartOf\":{\"@id\":\"https:\/\/angelsolisnoticias.com\/index.php\/2024\/06\/13\/gobierno-de-solidaridad-fortalece-medidas-de-prevencion-del-trabajo-infantil\/\"},\"author\":{\"name\":\"admin\",\"@id\":\"https:\/\/angelsolisnoticias.com\/#\/schema\/person\/d5ca5e4c5f05db44e86cb564bf81ae6f\"},\"headline\":\"Gobierno de Solidaridad fortalece medidas de prevenci\u00f3n del trabajo infantil\",\"datePublished\":\"2024-06-13T14:55:13+00:00\",\"dateModified\":\"2024-06-13T23:14:08+00:00\",\"mainEntityOfPage\":{\"@id\":\"https:\/\/angelsolisnoticias.com\/index.php\/2024\/06\/13\/gobierno-de-solidaridad-fortalece-medidas-de-prevencion-del-trabajo-infantil\/\"},\"wordCount\":305,\"commentCount\":0,\"publisher\":{\"@id\":\"https:\/\/angelsolisnoticias.com\/#organization\"},\"articleSection\":[\"Solidaridad\",\"Uncategorized\"],\"inLanguage\":\"es\",\"potentialAction\":[{\"@type\":\"CommentAction\",\"name\":\"Comment\",\"target\":[\"https:\/\/angelsolisnoticias.com\/index.php\/2024\/06\/13\/gobierno-de-solidaridad-fortalece-medidas-de-prevencion-del-trabajo-infantil\/#respond\"]}]},{\"@type\":\"WebPage\",\"@id\":\"https:\/\/angelsolisnoticias.com\/index.php\/2024\/06\/13\/gobierno-de-solidaridad-fortalece-medidas-de-prevencion-del-trabajo-infantil\/\",\"url\":\"https:\/\/angelsolisnoticias.com\/index.php\/2024\/06\/13\/gobierno-de-solidaridad-fortalece-medidas-de-prevencion-del-trabajo-infantil\/\",\"name\":\"Gobierno de Solidaridad fortalece medidas de prevenci\u00f3n del trabajo infantil\",\"isPartOf\":{\"@id\":\"https:\/\/angelsolisnoticias.com\/#website\"},\"datePublished\":\"2024-06-13T14:55:13+00:00\",\"dateModified\":\"2024-06-13T23:14:08+00:00\",\"description\":\".\",\"breadcrumb\":{\"@id\":\"https:\/\/angelsolisnoticias.com\/index.php\/2024\/06\/13\/gobierno-de-solidaridad-fortalece-medidas-de-prevencion-del-trabajo-infantil\/#breadcrumb\"},\"inLanguage\":\"es\",\"potentialAction\":[{\"@type\":\"ReadAction\",\"target\":[\"https:\/\/angelsolisnoticias.com\/index.php\/2024\/06\/13\/gobierno-de-solidaridad-fortalece-medidas-de-prevencion-del-trabajo-infantil\/\"]}]},{\"@type\":\"BreadcrumbList\",\"@id\":\"https:\/\/angelsolisnoticias.com\/index.php\/2024\/06\/13\/gobierno-de-solidaridad-fortalece-medidas-de-prevencion-del-trabajo-infantil\/#breadcrumb\",\"itemListElement\":[{\"@type\":\"ListItem\",\"position\":1,\"name\":\"Inicio\",\"item\":\"https:\/\/angelsolisnoticias.com\/\"},{\"@type\":\"ListItem\",\"position\":2,\"name\":\"Gobierno de Solidaridad fortalece medidas de prevenci\u00f3n del trabajo infantil\"}]},{\"@type\":\"WebSite\",\"@id\":\"https:\/\/angelsolisnoticias.com\/#website\",\"url\":\"https:\/\/angelsolisnoticias.com\/\",\"name\":\"\u00c1ngel Solis\",\"description\":\"Noticias de Quintana Roo\",\"publisher\":{\"@id\":\"https:\/\/angelsolisnoticias.com\/#organization\"},\"potentialAction\":[{\"@type\":\"SearchAction\",\"target\":{\"@type\":\"EntryPoint\",\"urlTemplate\":\"https:\/\/angelsolisnoticias.com\/?s={search_term_string}\"},\"query-input\":\"required name=search_term_string\"}],\"inLanguage\":\"es\"},{\"@type\":\"Organization\",\"@id\":\"https:\/\/angelsolisnoticias.com\/#organization\",\"name\":\"\u00c1ngel Solis\",\"url\":\"https:\/\/angelsolisnoticias.com\/\",\"logo\":{\"@type\":\"ImageObject\",\"inLanguage\":\"es\",\"@id\":\"https:\/\/angelsolisnoticias.com\/#\/schema\/logo\/image\/\",\"url\":\"https:\/\/angelsolisnoticias.com\/wp-content\/uploads\/2023\/01\/LOGO3.png\",\"contentUrl\":\"https:\/\/angelsolisnoticias.com\/wp-content\/uploads\/2023\/01\/LOGO3.png\",\"width\":1853,\"height\":570,\"caption\":\"\u00c1ngel Solis\"},\"image\":{\"@id\":\"https:\/\/angelsolisnoticias.com\/#\/schema\/logo\/image\/\"},\"sameAs\":[\"https:\/\/www.facebook.com\/periodistasquintanaroo\",\"https:\/\/twitter.com\/PERIODISTASQROO\"]},{\"@type\":\"Person\",\"@id\":\"https:\/\/angelsolisnoticias.com\/#\/schema\/person\/d5ca5e4c5f05db44e86cb564bf81ae6f\",\"name\":\"admin\",\"image\":{\"@type\":\"ImageObject\",\"inLanguage\":\"es\",\"@id\":\"https:\/\/angelsolisnoticias.com\/#\/schema\/person\/image\/\",\"url\":\"https:\/\/secure.gravatar.com\/avatar\/dff3eaf7d33320066684ce268bff2bf90ce4f69456139b2d65d7796f64299e47?s=96&d=mm&r=g\",\"contentUrl\":\"https:\/\/secure.gravatar.com\/avatar\/dff3eaf7d33320066684ce268bff2bf90ce4f69456139b2d65d7796f64299e47?s=96&d=mm&r=g\",\"caption\":\"admin\"},\"sameAs\":[\"https:\/\/angelsolisnoticias.com\"],\"url\":\"https:\/\/angelsolisnoticias.com\/index.php\/author\/admin_qnbaat5l\/\"}]}<\/script>\n<!-- \/ Yoast SEO plugin. -->","yoast_head_json":{"title":"Gobierno de Solidaridad fortalece medidas de prevenci\u00f3n del trabajo infantil","description":".","robots":{"index":"index","follow":"follow","max-snippet":"max-snippet:-1","max-image-preview":"max-image-preview:large","max-video-preview":"max-video-preview:-1"},"canonical":"https:\/\/angelsolisnoticias.com\/index.php\/2024\/06\/13\/gobierno-de-solidaridad-fortalece-medidas-de-prevencion-del-trabajo-infantil\/","og_locale":"es_MX","og_type":"article","og_title":"Gobierno de Solidaridad fortalece medidas de prevenci\u00f3n del trabajo infantil","og_description":".","og_url":"https:\/\/angelsolisnoticias.com\/index.php\/2024\/06\/13\/gobierno-de-solidaridad-fortalece-medidas-de-prevencion-del-trabajo-infantil\/","og_site_name":"\u00c1ngel Solis","article_publisher":"https:\/\/www.facebook.com\/periodistasquintanaroo","article_published_time":"2024-06-13T14:55:13+00:00","article_modified_time":"2024-06-13T23:14:08+00:00","og_image":[{"width":800,"height":569,"url":"https:\/\/angelsolisnoticias.com\/wp-content\/uploads\/2024\/06\/Solidaridad-Prevencion-Trabajo-Infantil1.jpg","type":"image\/jpeg"}],"author":"admin","twitter_card":"summary_large_image","twitter_creator":"@PERIODISTASQROO","twitter_site":"@PERIODISTASQROO","twitter_misc":{"Escrito por":"admin","Tiempo de lectura":"2 minutos"},"schema":{"@context":"https:\/\/schema.org","@graph":[{"@type":"Article","@id":"https:\/\/angelsolisnoticias.com\/index.php\/2024\/06\/13\/gobierno-de-solidaridad-fortalece-medidas-de-prevencion-del-trabajo-infantil\/#article","isPartOf":{"@id":"https:\/\/angelsolisnoticias.com\/index.php\/2024\/06\/13\/gobierno-de-solidaridad-fortalece-medidas-de-prevencion-del-trabajo-infantil\/"},"author":{"name":"admin","@id":"https:\/\/angelsolisnoticias.com\/#\/schema\/person\/d5ca5e4c5f05db44e86cb564bf81ae6f"},"headline":"Gobierno de Solidaridad fortalece medidas de prevenci\u00f3n del trabajo infantil","datePublished":"2024-06-13T14:55:13+00:00","dateModified":"2024-06-13T23:14:08+00:00","mainEntityOfPage":{"@id":"https:\/\/angelsolisnoticias.com\/index.php\/2024\/06\/13\/gobierno-de-solidaridad-fortalece-medidas-de-prevencion-del-trabajo-infantil\/"},"wordCount":305,"commentCount":0,"publisher":{"@id":"https:\/\/angelsolisnoticias.com\/#organization"},"articleSection":["Solidaridad","Uncategorized"],"inLanguage":"es","potentialAction":[{"@type":"CommentAction","name":"Comment","target":["https:\/\/angelsolisnoticias.com\/index.php\/2024\/06\/13\/gobierno-de-solidaridad-fortalece-medidas-de-prevencion-del-trabajo-infantil\/#respond"]}]},{"@type":"WebPage","@id":"https:\/\/angelsolisnoticias.com\/index.php\/2024\/06\/13\/gobierno-de-solidaridad-fortalece-medidas-de-prevencion-del-trabajo-infantil\/","url":"https:\/\/angelsolisnoticias.com\/index.php\/2024\/06\/13\/gobierno-de-solidaridad-fortalece-medidas-de-prevencion-del-trabajo-infantil\/","name":"Gobierno de Solidaridad fortalece medidas de prevenci\u00f3n del trabajo infantil","isPartOf":{"@id":"https:\/\/angelsolisnoticias.com\/#website"},"datePublished":"2024-06-13T14:55:13+00:00","dateModified":"2024-06-13T23:14:08+00:00","description":".","breadcrumb":{"@id":"https:\/\/angelsolisnoticias.com\/index.php\/2024\/06\/13\/gobierno-de-solidaridad-fortalece-medidas-de-prevencion-del-trabajo-infantil\/#breadcrumb"},"inLanguage":"es","potentialAction":[{"@type":"ReadAction","target":["https:\/\/angelsolisnoticias.com\/index.php\/2024\/06\/13\/gobierno-de-solidaridad-fortalece-medidas-de-prevencion-del-trabajo-infantil\/"]}]},{"@type":"BreadcrumbList","@id":"https:\/\/angelsolisnoticias.com\/index.php\/2024\/06\/13\/gobierno-de-solidaridad-fortalece-medidas-de-prevencion-del-trabajo-infantil\/#breadcrumb","itemListElement":[{"@type":"ListItem","position":1,"name":"Inicio","item":"https:\/\/angelsolisnoticias.com\/"},{"@type":"ListItem","position":2,"name":"Gobierno de Solidaridad fortalece medidas de prevenci\u00f3n del trabajo infantil"}]},{"@type":"WebSite","@id":"https:\/\/angelsolisnoticias.com\/#website","url":"https:\/\/angelsolisnoticias.com\/","name":"\u00c1ngel Solis","description":"Noticias de Quintana Roo","publisher":{"@id":"https:\/\/angelsolisnoticias.com\/#organization"},"potentialAction":[{"@type":"SearchAction","target":{"@type":"EntryPoint","urlTemplate":"https:\/\/angelsolisnoticias.com\/?s={search_term_string}"},"query-input":"required name=search_term_string"}],"inLanguage":"es"},{"@type":"Organization","@id":"https:\/\/angelsolisnoticias.com\/#organization","name":"\u00c1ngel Solis","url":"https:\/\/angelsolisnoticias.com\/","logo":{"@type":"ImageObject","inLanguage":"es","@id":"https:\/\/angelsolisnoticias.com\/#\/schema\/logo\/image\/","url":"https:\/\/angelsolisnoticias.com\/wp-content\/uploads\/2023\/01\/LOGO3.png","contentUrl":"https:\/\/angelsolisnoticias.com\/wp-content\/uploads\/2023\/01\/LOGO3.png","width":1853,"height":570,"caption":"\u00c1ngel Solis"},"image":{"@id":"https:\/\/angelsolisnoticias.com\/#\/schema\/logo\/image\/"},"sameAs":["https:\/\/www.facebook.com\/periodistasquintanaroo","https:\/\/twitter.com\/PERIODISTASQROO"]},{"@type":"Person","@id":"https:\/\/angelsolisnoticias.com\/#\/schema\/person\/d5ca5e4c5f05db44e86cb564bf81ae6f","name":"admin","image":{"@type":"ImageObject","inLanguage":"es","@id":"https:\/\/angelsolisnoticias.com\/#\/schema\/person\/image\/","url":"https:\/\/secure.gravatar.com\/avatar\/dff3eaf7d33320066684ce268bff2bf90ce4f69456139b2d65d7796f64299e47?s=96&d=mm&r=g","contentUrl":"https:\/\/secure.gravatar.com\/avatar\/dff3eaf7d33320066684ce268bff2bf90ce4f69456139b2d65d7796f64299e47?s=96&d=mm&r=g","caption":"admin"},"sameAs":["https:\/\/angelsolisnoticias.com"],"url":"https:\/\/angelsolisnoticias.com\/index.php\/author\/admin_qnbaat5l\/"}]}},"jetpack_featured_media_url":"https:\/\/angelsolisnoticias.com\/wp-content\/uploads\/2024\/06\/Solidaridad-Prevencion-Trabajo-Infantil1.jpg","_links":{"self":[{"href":"https:\/\/angelsolisnoticias.com\/index.php\/wp-json\/wp\/v2\/posts\/7813","targetHints":{"allow":["GET"]}}],"collection":[{"href":"https:\/\/angelsolisnoticias.com\/index.php\/wp-json\/wp\/v2\/posts"}],"about":[{"href":"https:\/\/angelsolisnoticias.com\/index.php\/wp-json\/wp\/v2\/types\/post"}],"author":[{"embeddable":true,"href":"https:\/\/angelsolisnoticias.com\/index.php\/wp-json\/wp\/v2\/users\/1"}],"replies":[{"embeddable":true,"href":"https:\/\/angelsolisnoticias.com\/index.php\/wp-json\/wp\/v2\/comments?post=7813"}],"version-history":[{"count":3,"href":"https:\/\/angelsolisnoticias.com\/index.php\/wp-json\/wp\/v2\/posts\/7813\/revisions"}],"predecessor-version":[{"id":7819,"href":"https:\/\/angelsolisnoticias.com\/index.php\/wp-json\/wp\/v2\/posts\/7813\/revisions\/7819"}],"wp:featuredmedia":[{"embeddable":true,"href":"https:\/\/angelsolisnoticias.com\/index.php\/wp-json\/wp\/v2\/media\/7817"}],"wp:attachment":[{"href":"https:\/\/angelsolisnoticias.com\/index.php\/wp-json\/wp\/v2\/media?parent=7813"}],"wp:term":[{"taxonomy":"category","embeddable":true,"href":"https:\/\/angelsolisnoticias.com\/index.php\/wp-json\/wp\/v2\/categories?post=7813"},{"taxonomy":"post_tag","embeddable":true,"href":"https:\/\/angelsolisnoticias.com\/index.php\/wp-json\/wp\/v2\/tags?post=7813"}],"curies":[{"name":"wp","href":"https:\/\/api.w.org\/{rel}","templated":true}]}}