{"id":7861,"date":"2024-06-15T20:32:27","date_gmt":"2024-06-15T20:32:27","guid":{"rendered":"https:\/\/angelsolisnoticias.com\/?p=7861"},"modified":"2024-06-16T20:06:51","modified_gmt":"2024-06-16T20:06:51","slug":"solidaridad-se-viste-de-orgullo-con-la-marcha-lgbtttiq-2024","status":"publish","type":"post","link":"https:\/\/angelsolisnoticias.com\/index.php\/2024\/06\/15\/solidaridad-se-viste-de-orgullo-con-la-marcha-lgbtttiq-2024\/","title":{"rendered":"Solidaridad se viste de orgullo con la marcha LGBTTTIQ+ 2024"},"content":{"rendered":"<p>Playa del Carmen, Solidaridad a 15 de junio del 2024<br \/>\nEspecial<\/p>\n<p>La Plaza 28 de Julio se llen\u00f3 de color y m\u00fasica tras la culminaci\u00f3n de la marcha LGBTTTIQ+ 2024 con m\u00e1s de 17 mil personas quienes disfrutaron del concierto de Paulina Rubio, evento que celebr\u00f3 la diversidad y el respeto hacia todas las personas. La presidenta municipal, Lili Campos, destac\u00f3: &#8220;Solidaridad, una vez m\u00e1s, demostr\u00f3 ser un ejemplo de inclusi\u00f3n y respeto hacia todas las personas, reafirmando su compromiso con la diversidad, este a\u00f1o dignificando su evento con una artista a la altura de ustedes&#8221;.<\/p>\n<p>En su discurso, la edil Lili Campos subray\u00f3 la importancia de defender los derechos de todas las personas sin importar su orientaci\u00f3n sexual o identidad de g\u00e9nero. &#8220;Aqu\u00ed, los derechos son de todas las personas y merecen ser respetados, porque en Solidaridad a nadie se le discrimina&#8221;, afirm\u00f3.<\/p>\n<p><a href=\"https:\/\/angelsolisnoticias.com\/wp-content\/uploads\/2024\/06\/Solidaridad-Orgullo-Lgbt3.jpg\"><img loading=\"lazy\" decoding=\"async\" class=\"aligncenter wp-image-7865 \" src=\"https:\/\/angelsolisnoticias.com\/wp-content\/uploads\/2024\/06\/Solidaridad-Orgullo-Lgbt3.jpg\" alt=\"\" width=\"615\" height=\"410\" srcset=\"https:\/\/angelsolisnoticias.com\/wp-content\/uploads\/2024\/06\/Solidaridad-Orgullo-Lgbt3.jpg 720w, https:\/\/angelsolisnoticias.com\/wp-content\/uploads\/2024\/06\/Solidaridad-Orgullo-Lgbt3-300x200.jpg 300w\" sizes=\"auto, (max-width: 615px) 100vw, 615px\" \/><\/a><\/p>\n<p>Solidaridad se ha destacado por su compromiso con la inclusi\u00f3n, reflejado en la existencia de una Direcci\u00f3n de Diversidad Sexual y una Comisi\u00f3n Edilicia de la Diversidad Sexual. Adem\u00e1s, el municipio ha implementado patrullas inclusivas, que encabezaron la marcha desde el Poliforum hasta la Plaza 28 de Julio, demostrando el apoyo institucional a la comunidad LGBTTTIQ+.<\/p>\n<p><a href=\"https:\/\/angelsolisnoticias.com\/wp-content\/uploads\/2024\/06\/Solidaridad-Orgullo-Lgbt2.jpg\"><img loading=\"lazy\" decoding=\"async\" class=\"aligncenter wp-image-7866\" src=\"https:\/\/angelsolisnoticias.com\/wp-content\/uploads\/2024\/06\/Solidaridad-Orgullo-Lgbt2.jpg\" alt=\"\" width=\"606\" height=\"404\" srcset=\"https:\/\/angelsolisnoticias.com\/wp-content\/uploads\/2024\/06\/Solidaridad-Orgullo-Lgbt2.jpg 720w, https:\/\/angelsolisnoticias.com\/wp-content\/uploads\/2024\/06\/Solidaridad-Orgullo-Lgbt2-300x200.jpg 300w\" sizes=\"auto, (max-width: 606px) 100vw, 606px\" \/><\/a><\/p>\n<p>La jornada concluy\u00f3 con el espectacular concierto de Paulina Rubio, quien hizo vibrar con sus \u00e9xitos a los miles de asistentes quienes corearon las canciones. As\u00ed mismo, disfrutaron de las actuaciones de artistas locales, cerrando con broche de oro una jornada dedicada a la visibilidad y el respeto.<\/p>\n<p><a href=\"https:\/\/angelsolisnoticias.com\/wp-content\/uploads\/2024\/06\/Solidaridad-Orgullo-Lgbt4.jpg\"><img loading=\"lazy\" decoding=\"async\" class=\"aligncenter wp-image-7864 \" src=\"https:\/\/angelsolisnoticias.com\/wp-content\/uploads\/2024\/06\/Solidaridad-Orgullo-Lgbt4.jpg\" alt=\"\" width=\"594\" height=\"435\" srcset=\"https:\/\/angelsolisnoticias.com\/wp-content\/uploads\/2024\/06\/Solidaridad-Orgullo-Lgbt4.jpg 720w, https:\/\/angelsolisnoticias.com\/wp-content\/uploads\/2024\/06\/Solidaridad-Orgullo-Lgbt4-300x220.jpg 300w\" sizes=\"auto, (max-width: 594px) 100vw, 594px\" \/><\/a><\/p>\n","protected":false},"excerpt":{"rendered":"<p>Playa del Carmen, Solidaridad a 15 de junio del 2024 Especial La Plaza 28 de Julio se llen\u00f3 de color y m\u00fasica tras la culminaci\u00f3n de la marcha LGBTTTIQ+ 2024 con m\u00e1s de 17 mil personas quienes disfrutaron del concierto de Paulina Rubio, evento que celebr\u00f3 la diversidad y el <a href=\"https:\/\/angelsolisnoticias.com\/index.php\/2024\/06\/15\/solidaridad-se-viste-de-orgullo-con-la-marcha-lgbtttiq-2024\/\" class=\"btn btn-link continue-link\">Seguir leyendo<\/a><\/p>\n","protected":false},"author":1,"featured_media":7867,"comment_status":"open","ping_status":"open","sticky":false,"template":"","format":"standard","meta":{"footnotes":""},"categories":[6,1],"tags":[],"class_list":["post-7861","post","type-post","status-publish","format-standard","has-post-thumbnail","hentry","category-solidaridad","category-uncategorized"],"yoast_head":"<!-- This site is optimized with the Yoast SEO plugin v21.1 - https:\/\/yoast.com\/wordpress\/plugins\/seo\/ -->\n<title>Solidaridad se viste de orgullo con la marcha LGBTTTIQ+ 2024<\/title>\n<meta name=\"description\" content=\".\" \/>\n<meta name=\"robots\" content=\"index, follow, max-snippet:-1, max-image-preview:large, max-video-preview:-1\" \/>\n<link rel=\"canonical\" href=\"https:\/\/angelsolisnoticias.com\/index.php\/2024\/06\/15\/solidaridad-se-viste-de-orgullo-con-la-marcha-lgbtttiq-2024\/\" \/>\n<meta property=\"og:locale\" content=\"es_MX\" \/>\n<meta property=\"og:type\" content=\"article\" \/>\n<meta property=\"og:title\" content=\"Solidaridad se viste de orgullo con la marcha LGBTTTIQ+ 2024\" \/>\n<meta property=\"og:description\" content=\".\" \/>\n<meta property=\"og:url\" content=\"https:\/\/angelsolisnoticias.com\/index.php\/2024\/06\/15\/solidaridad-se-viste-de-orgullo-con-la-marcha-lgbtttiq-2024\/\" \/>\n<meta property=\"og:site_name\" content=\"\u00c1ngel Solis\" \/>\n<meta property=\"article:publisher\" content=\"https:\/\/www.facebook.com\/periodistasquintanaroo\" \/>\n<meta property=\"article:published_time\" content=\"2024-06-15T20:32:27+00:00\" \/>\n<meta property=\"article:modified_time\" content=\"2024-06-16T20:06:51+00:00\" \/>\n<meta property=\"og:image\" content=\"https:\/\/angelsolisnoticias.com\/wp-content\/uploads\/2024\/06\/Solidaridad-Orgullo-Lgbt1.jpg\" \/>\n\t<meta property=\"og:image:width\" content=\"800\" \/>\n\t<meta property=\"og:image:height\" content=\"569\" \/>\n\t<meta property=\"og:image:type\" content=\"image\/jpeg\" \/>\n<meta name=\"author\" content=\"admin\" \/>\n<meta name=\"twitter:card\" content=\"summary_large_image\" \/>\n<meta name=\"twitter:creator\" content=\"@PERIODISTASQROO\" \/>\n<meta name=\"twitter:site\" content=\"@PERIODISTASQROO\" \/>\n<meta name=\"twitter:label1\" content=\"Escrito por\" \/>\n\t<meta name=\"twitter:data1\" content=\"admin\" \/>\n\t<meta name=\"twitter:label2\" content=\"Tiempo de lectura\" \/>\n\t<meta name=\"twitter:data2\" content=\"2 minutos\" \/>\n<script type=\"application\/ld+json\" class=\"yoast-schema-graph\">{\"@context\":\"https:\/\/schema.org\",\"@graph\":[{\"@type\":\"Article\",\"@id\":\"https:\/\/angelsolisnoticias.com\/index.php\/2024\/06\/15\/solidaridad-se-viste-de-orgullo-con-la-marcha-lgbtttiq-2024\/#article\",\"isPartOf\":{\"@id\":\"https:\/\/angelsolisnoticias.com\/index.php\/2024\/06\/15\/solidaridad-se-viste-de-orgullo-con-la-marcha-lgbtttiq-2024\/\"},\"author\":{\"name\":\"admin\",\"@id\":\"https:\/\/angelsolisnoticias.com\/#\/schema\/person\/d5ca5e4c5f05db44e86cb564bf81ae6f\"},\"headline\":\"Solidaridad se viste de orgullo con la marcha LGBTTTIQ+ 2024\",\"datePublished\":\"2024-06-15T20:32:27+00:00\",\"dateModified\":\"2024-06-16T20:06:51+00:00\",\"mainEntityOfPage\":{\"@id\":\"https:\/\/angelsolisnoticias.com\/index.php\/2024\/06\/15\/solidaridad-se-viste-de-orgullo-con-la-marcha-lgbtttiq-2024\/\"},\"wordCount\":263,\"commentCount\":0,\"publisher\":{\"@id\":\"https:\/\/angelsolisnoticias.com\/#organization\"},\"articleSection\":[\"Solidaridad\",\"Uncategorized\"],\"inLanguage\":\"es\",\"potentialAction\":[{\"@type\":\"CommentAction\",\"name\":\"Comment\",\"target\":[\"https:\/\/angelsolisnoticias.com\/index.php\/2024\/06\/15\/solidaridad-se-viste-de-orgullo-con-la-marcha-lgbtttiq-2024\/#respond\"]}]},{\"@type\":\"WebPage\",\"@id\":\"https:\/\/angelsolisnoticias.com\/index.php\/2024\/06\/15\/solidaridad-se-viste-de-orgullo-con-la-marcha-lgbtttiq-2024\/\",\"url\":\"https:\/\/angelsolisnoticias.com\/index.php\/2024\/06\/15\/solidaridad-se-viste-de-orgullo-con-la-marcha-lgbtttiq-2024\/\",\"name\":\"Solidaridad se viste de orgullo con la marcha LGBTTTIQ+ 2024\",\"isPartOf\":{\"@id\":\"https:\/\/angelsolisnoticias.com\/#website\"},\"datePublished\":\"2024-06-15T20:32:27+00:00\",\"dateModified\":\"2024-06-16T20:06:51+00:00\",\"description\":\".\",\"breadcrumb\":{\"@id\":\"https:\/\/angelsolisnoticias.com\/index.php\/2024\/06\/15\/solidaridad-se-viste-de-orgullo-con-la-marcha-lgbtttiq-2024\/#breadcrumb\"},\"inLanguage\":\"es\",\"potentialAction\":[{\"@type\":\"ReadAction\",\"target\":[\"https:\/\/angelsolisnoticias.com\/index.php\/2024\/06\/15\/solidaridad-se-viste-de-orgullo-con-la-marcha-lgbtttiq-2024\/\"]}]},{\"@type\":\"BreadcrumbList\",\"@id\":\"https:\/\/angelsolisnoticias.com\/index.php\/2024\/06\/15\/solidaridad-se-viste-de-orgullo-con-la-marcha-lgbtttiq-2024\/#breadcrumb\",\"itemListElement\":[{\"@type\":\"ListItem\",\"position\":1,\"name\":\"Inicio\",\"item\":\"https:\/\/angelsolisnoticias.com\/\"},{\"@type\":\"ListItem\",\"position\":2,\"name\":\"Solidaridad se viste de orgullo con la marcha LGBTTTIQ+ 2024\"}]},{\"@type\":\"WebSite\",\"@id\":\"https:\/\/angelsolisnoticias.com\/#website\",\"url\":\"https:\/\/angelsolisnoticias.com\/\",\"name\":\"\u00c1ngel Solis\",\"description\":\"Noticias de Quintana Roo\",\"publisher\":{\"@id\":\"https:\/\/angelsolisnoticias.com\/#organization\"},\"potentialAction\":[{\"@type\":\"SearchAction\",\"target\":{\"@type\":\"EntryPoint\",\"urlTemplate\":\"https:\/\/angelsolisnoticias.com\/?s={search_term_string}\"},\"query-input\":\"required name=search_term_string\"}],\"inLanguage\":\"es\"},{\"@type\":\"Organization\",\"@id\":\"https:\/\/angelsolisnoticias.com\/#organization\",\"name\":\"\u00c1ngel Solis\",\"url\":\"https:\/\/angelsolisnoticias.com\/\",\"logo\":{\"@type\":\"ImageObject\",\"inLanguage\":\"es\",\"@id\":\"https:\/\/angelsolisnoticias.com\/#\/schema\/logo\/image\/\",\"url\":\"https:\/\/angelsolisnoticias.com\/wp-content\/uploads\/2023\/01\/LOGO3.png\",\"contentUrl\":\"https:\/\/angelsolisnoticias.com\/wp-content\/uploads\/2023\/01\/LOGO3.png\",\"width\":1853,\"height\":570,\"caption\":\"\u00c1ngel Solis\"},\"image\":{\"@id\":\"https:\/\/angelsolisnoticias.com\/#\/schema\/logo\/image\/\"},\"sameAs\":[\"https:\/\/www.facebook.com\/periodistasquintanaroo\",\"https:\/\/twitter.com\/PERIODISTASQROO\"]},{\"@type\":\"Person\",\"@id\":\"https:\/\/angelsolisnoticias.com\/#\/schema\/person\/d5ca5e4c5f05db44e86cb564bf81ae6f\",\"name\":\"admin\",\"image\":{\"@type\":\"ImageObject\",\"inLanguage\":\"es\",\"@id\":\"https:\/\/angelsolisnoticias.com\/#\/schema\/person\/image\/\",\"url\":\"https:\/\/secure.gravatar.com\/avatar\/dff3eaf7d33320066684ce268bff2bf90ce4f69456139b2d65d7796f64299e47?s=96&d=mm&r=g\",\"contentUrl\":\"https:\/\/secure.gravatar.com\/avatar\/dff3eaf7d33320066684ce268bff2bf90ce4f69456139b2d65d7796f64299e47?s=96&d=mm&r=g\",\"caption\":\"admin\"},\"sameAs\":[\"https:\/\/angelsolisnoticias.com\"],\"url\":\"https:\/\/angelsolisnoticias.com\/index.php\/author\/admin_qnbaat5l\/\"}]}<\/script>\n<!-- \/ Yoast SEO plugin. -->","yoast_head_json":{"title":"Solidaridad se viste de orgullo con la marcha LGBTTTIQ+ 2024","description":".","robots":{"index":"index","follow":"follow","max-snippet":"max-snippet:-1","max-image-preview":"max-image-preview:large","max-video-preview":"max-video-preview:-1"},"canonical":"https:\/\/angelsolisnoticias.com\/index.php\/2024\/06\/15\/solidaridad-se-viste-de-orgullo-con-la-marcha-lgbtttiq-2024\/","og_locale":"es_MX","og_type":"article","og_title":"Solidaridad se viste de orgullo con la marcha LGBTTTIQ+ 2024","og_description":".","og_url":"https:\/\/angelsolisnoticias.com\/index.php\/2024\/06\/15\/solidaridad-se-viste-de-orgullo-con-la-marcha-lgbtttiq-2024\/","og_site_name":"\u00c1ngel Solis","article_publisher":"https:\/\/www.facebook.com\/periodistasquintanaroo","article_published_time":"2024-06-15T20:32:27+00:00","article_modified_time":"2024-06-16T20:06:51+00:00","og_image":[{"width":800,"height":569,"url":"https:\/\/angelsolisnoticias.com\/wp-content\/uploads\/2024\/06\/Solidaridad-Orgullo-Lgbt1.jpg","type":"image\/jpeg"}],"author":"admin","twitter_card":"summary_large_image","twitter_creator":"@PERIODISTASQROO","twitter_site":"@PERIODISTASQROO","twitter_misc":{"Escrito por":"admin","Tiempo de lectura":"2 minutos"},"schema":{"@context":"https:\/\/schema.org","@graph":[{"@type":"Article","@id":"https:\/\/angelsolisnoticias.com\/index.php\/2024\/06\/15\/solidaridad-se-viste-de-orgullo-con-la-marcha-lgbtttiq-2024\/#article","isPartOf":{"@id":"https:\/\/angelsolisnoticias.com\/index.php\/2024\/06\/15\/solidaridad-se-viste-de-orgullo-con-la-marcha-lgbtttiq-2024\/"},"author":{"name":"admin","@id":"https:\/\/angelsolisnoticias.com\/#\/schema\/person\/d5ca5e4c5f05db44e86cb564bf81ae6f"},"headline":"Solidaridad se viste de orgullo con la marcha LGBTTTIQ+ 2024","datePublished":"2024-06-15T20:32:27+00:00","dateModified":"2024-06-16T20:06:51+00:00","mainEntityOfPage":{"@id":"https:\/\/angelsolisnoticias.com\/index.php\/2024\/06\/15\/solidaridad-se-viste-de-orgullo-con-la-marcha-lgbtttiq-2024\/"},"wordCount":263,"commentCount":0,"publisher":{"@id":"https:\/\/angelsolisnoticias.com\/#organization"},"articleSection":["Solidaridad","Uncategorized"],"inLanguage":"es","potentialAction":[{"@type":"CommentAction","name":"Comment","target":["https:\/\/angelsolisnoticias.com\/index.php\/2024\/06\/15\/solidaridad-se-viste-de-orgullo-con-la-marcha-lgbtttiq-2024\/#respond"]}]},{"@type":"WebPage","@id":"https:\/\/angelsolisnoticias.com\/index.php\/2024\/06\/15\/solidaridad-se-viste-de-orgullo-con-la-marcha-lgbtttiq-2024\/","url":"https:\/\/angelsolisnoticias.com\/index.php\/2024\/06\/15\/solidaridad-se-viste-de-orgullo-con-la-marcha-lgbtttiq-2024\/","name":"Solidaridad se viste de orgullo con la marcha LGBTTTIQ+ 2024","isPartOf":{"@id":"https:\/\/angelsolisnoticias.com\/#website"},"datePublished":"2024-06-15T20:32:27+00:00","dateModified":"2024-06-16T20:06:51+00:00","description":".","breadcrumb":{"@id":"https:\/\/angelsolisnoticias.com\/index.php\/2024\/06\/15\/solidaridad-se-viste-de-orgullo-con-la-marcha-lgbtttiq-2024\/#breadcrumb"},"inLanguage":"es","potentialAction":[{"@type":"ReadAction","target":["https:\/\/angelsolisnoticias.com\/index.php\/2024\/06\/15\/solidaridad-se-viste-de-orgullo-con-la-marcha-lgbtttiq-2024\/"]}]},{"@type":"BreadcrumbList","@id":"https:\/\/angelsolisnoticias.com\/index.php\/2024\/06\/15\/solidaridad-se-viste-de-orgullo-con-la-marcha-lgbtttiq-2024\/#breadcrumb","itemListElement":[{"@type":"ListItem","position":1,"name":"Inicio","item":"https:\/\/angelsolisnoticias.com\/"},{"@type":"ListItem","position":2,"name":"Solidaridad se viste de orgullo con la marcha LGBTTTIQ+ 2024"}]},{"@type":"WebSite","@id":"https:\/\/angelsolisnoticias.com\/#website","url":"https:\/\/angelsolisnoticias.com\/","name":"\u00c1ngel Solis","description":"Noticias de Quintana Roo","publisher":{"@id":"https:\/\/angelsolisnoticias.com\/#organization"},"potentialAction":[{"@type":"SearchAction","target":{"@type":"EntryPoint","urlTemplate":"https:\/\/angelsolisnoticias.com\/?s={search_term_string}"},"query-input":"required name=search_term_string"}],"inLanguage":"es"},{"@type":"Organization","@id":"https:\/\/angelsolisnoticias.com\/#organization","name":"\u00c1ngel Solis","url":"https:\/\/angelsolisnoticias.com\/","logo":{"@type":"ImageObject","inLanguage":"es","@id":"https:\/\/angelsolisnoticias.com\/#\/schema\/logo\/image\/","url":"https:\/\/angelsolisnoticias.com\/wp-content\/uploads\/2023\/01\/LOGO3.png","contentUrl":"https:\/\/angelsolisnoticias.com\/wp-content\/uploads\/2023\/01\/LOGO3.png","width":1853,"height":570,"caption":"\u00c1ngel Solis"},"image":{"@id":"https:\/\/angelsolisnoticias.com\/#\/schema\/logo\/image\/"},"sameAs":["https:\/\/www.facebook.com\/periodistasquintanaroo","https:\/\/twitter.com\/PERIODISTASQROO"]},{"@type":"Person","@id":"https:\/\/angelsolisnoticias.com\/#\/schema\/person\/d5ca5e4c5f05db44e86cb564bf81ae6f","name":"admin","image":{"@type":"ImageObject","inLanguage":"es","@id":"https:\/\/angelsolisnoticias.com\/#\/schema\/person\/image\/","url":"https:\/\/secure.gravatar.com\/avatar\/dff3eaf7d33320066684ce268bff2bf90ce4f69456139b2d65d7796f64299e47?s=96&d=mm&r=g","contentUrl":"https:\/\/secure.gravatar.com\/avatar\/dff3eaf7d33320066684ce268bff2bf90ce4f69456139b2d65d7796f64299e47?s=96&d=mm&r=g","caption":"admin"},"sameAs":["https:\/\/angelsolisnoticias.com"],"url":"https:\/\/angelsolisnoticias.com\/index.php\/author\/admin_qnbaat5l\/"}]}},"jetpack_featured_media_url":"https:\/\/angelsolisnoticias.com\/wp-content\/uploads\/2024\/06\/Solidaridad-Orgullo-Lgbt1.jpg","_links":{"self":[{"href":"https:\/\/angelsolisnoticias.com\/index.php\/wp-json\/wp\/v2\/posts\/7861","targetHints":{"allow":["GET"]}}],"collection":[{"href":"https:\/\/angelsolisnoticias.com\/index.php\/wp-json\/wp\/v2\/posts"}],"about":[{"href":"https:\/\/angelsolisnoticias.com\/index.php\/wp-json\/wp\/v2\/types\/post"}],"author":[{"embeddable":true,"href":"https:\/\/angelsolisnoticias.com\/index.php\/wp-json\/wp\/v2\/users\/1"}],"replies":[{"embeddable":true,"href":"https:\/\/angelsolisnoticias.com\/index.php\/wp-json\/wp\/v2\/comments?post=7861"}],"version-history":[{"count":3,"href":"https:\/\/angelsolisnoticias.com\/index.php\/wp-json\/wp\/v2\/posts\/7861\/revisions"}],"predecessor-version":[{"id":7869,"href":"https:\/\/angelsolisnoticias.com\/index.php\/wp-json\/wp\/v2\/posts\/7861\/revisions\/7869"}],"wp:featuredmedia":[{"embeddable":true,"href":"https:\/\/angelsolisnoticias.com\/index.php\/wp-json\/wp\/v2\/media\/7867"}],"wp:attachment":[{"href":"https:\/\/angelsolisnoticias.com\/index.php\/wp-json\/wp\/v2\/media?parent=7861"}],"wp:term":[{"taxonomy":"category","embeddable":true,"href":"https:\/\/angelsolisnoticias.com\/index.php\/wp-json\/wp\/v2\/categories?post=7861"},{"taxonomy":"post_tag","embeddable":true,"href":"https:\/\/angelsolisnoticias.com\/index.php\/wp-json\/wp\/v2\/tags?post=7861"}],"curies":[{"name":"wp","href":"https:\/\/api.w.org\/{rel}","templated":true}]}}