{"id":7880,"date":"2024-06-17T15:10:01","date_gmt":"2024-06-17T15:10:01","guid":{"rendered":"https:\/\/angelsolisnoticias.com\/?p=7880"},"modified":"2024-06-18T01:29:12","modified_gmt":"2024-06-18T01:29:12","slug":"presentan-el-curso-de-verano-baaxloob-paalaloob-solidaridad-2024","status":"publish","type":"post","link":"https:\/\/angelsolisnoticias.com\/index.php\/2024\/06\/17\/presentan-el-curso-de-verano-baaxloob-paalaloob-solidaridad-2024\/","title":{"rendered":"Presentan el curso de verano \u201cBaaxlo\u2019ob Paalalo\u2019ob Solidaridad 2024\u201d"},"content":{"rendered":"<p class=\"MsoNormal\">Playa del Carmen, Solidaridad, Q. Roo a 17 de junio de 2024<br \/>\nEspecial<\/p>\n<p>La alegr\u00eda y la diversi\u00f3n para los peque\u00f1os llegar\u00e1 con el curso de verano \u201cBaaxlo\u2019ob Paalalo\u2019ob Solidaridad 2024\u201d, esto fue anunciado en rueda de prensa que encabez\u00f3 el Lic. Amador Guti\u00e9rrez Guigui, director general del Instituto del Deporte del Municipio de Solidaridad, que tuvo como sede la palapa de la unidad deportiva Mario Villanueva y en la que se dieron a conocer los pormenores del curso.<\/p>\n<p class=\"MsoNormal\">Ser\u00e1 del 22 de julio al 9 de agosto y tendr\u00e1 dos sedes para esta edici\u00f3n, las unidades deportivas: Riviera Maya, ubicada al norponiente de Playa del Carmen y Puerto Maya, en la alcald\u00eda de Puerto Aventuras, ser\u00e1n tres semanas de diversi\u00f3n, aprendizaje y nuevos amigos, el rango de edad ser\u00e1 de 6 a 13 a\u00f1os y las inscripciones podr\u00e1n realizarse a partir del mi\u00e9rcoles 19 de junio en las oficinas de las unidades deportivas sedes del curso, el horario de atenci\u00f3n ser\u00e1 de las 9 a las 17 horas, de lunes a viernes.<\/p>\n<p><a href=\"https:\/\/angelsolisnoticias.com\/wp-content\/uploads\/2024\/06\/Solidaridad-Baxolob-2.jpg\"><img loading=\"lazy\" decoding=\"async\" class=\"aligncenter wp-image-7885\" src=\"https:\/\/angelsolisnoticias.com\/wp-content\/uploads\/2024\/06\/Solidaridad-Baxolob-2-682x1024.jpg\" alt=\"\" width=\"325\" height=\"491\" \/><\/a><\/p>\n<p class=\"MsoNormal\">El LEF. Alejandro T\u00fan, director deportivo del IDM, se\u00f1al\u00f3 que ser\u00e1n trece las disciplinas deportivas que se impartir\u00e1n durante el curso, as\u00ed como actividades recreativas, destac\u00f3 que durante el periodo del curso no habr\u00e1 actividad en las Academias de Iniciaci\u00f3n y Formaci\u00f3n Deportiva, ya que es el tiempo de cambio de categor\u00edas y ajustes, adem\u00e1s de que algunos entrenadores participan en el curso, lo cual lo enriquece a\u00fan m\u00e1s.<\/p>\n<p><a href=\"https:\/\/angelsolisnoticias.com\/wp-content\/uploads\/2024\/06\/Solidaridad-Baxolob-3.jpg\"><img loading=\"lazy\" decoding=\"async\" class=\"aligncenter wp-image-7884\" src=\"https:\/\/angelsolisnoticias.com\/wp-content\/uploads\/2024\/06\/Solidaridad-Baxolob-3.jpg\" alt=\"\" width=\"610\" height=\"405\" srcset=\"https:\/\/angelsolisnoticias.com\/wp-content\/uploads\/2024\/06\/Solidaridad-Baxolob-3.jpg 720w, https:\/\/angelsolisnoticias.com\/wp-content\/uploads\/2024\/06\/Solidaridad-Baxolob-3-300x200.jpg 300w\" sizes=\"auto, (max-width: 610px) 100vw, 610px\" \/><\/a><\/p>\n<p class=\"MsoNormal\">Pascual Vargas coordinador general del curso, mencion\u00f3 que como parte de las actividades complementarias, se contar\u00e1 con el apoyo del Instituto Municipal de la Cultura y las Artes de Solidaridad, para que los participantes participen en la actividad \u201cVisitando Mi Instituto\u201d, en la cual son llevados al centro cultural y conocen todas las actividades que ah\u00ed se ofrecen, incluyendo una visita al Teatro de la Ciudad, acompa\u00f1ados por los artistas circenses y mucho m\u00e1s; se\u00f1al\u00f3 que la cuota de recuperaci\u00f3n por participante y recibir\u00e1n un uniforme deportivo.<\/p>\n<p><a href=\"https:\/\/angelsolisnoticias.com\/wp-content\/uploads\/2024\/06\/Solidaridad-Baxolob-4.jpg\"><img loading=\"lazy\" decoding=\"async\" class=\"aligncenter wp-image-7883\" src=\"https:\/\/angelsolisnoticias.com\/wp-content\/uploads\/2024\/06\/Solidaridad-Baxolob-4.jpg\" alt=\"\" width=\"589\" height=\"389\" \/><\/a><\/p>\n<p class=\"MsoNormal\">\u201cLa invitaci\u00f3n es para que las familias solidarenses participen en el curso y conozcan nuevos deportes, es una oportunidad para que se fortalezcan los lazos de amistad y compa\u00f1erismo entre ni\u00f1os y j\u00f3venes, el Baaxlo\u2019ob Paalalo\u2019ob Solidaridad 2024 promete ser un tiempo espectacular\u201d, coment\u00f3 el titular del deporte del municipio de Solidaridad.<\/p>\n","protected":false},"excerpt":{"rendered":"<p>Playa del Carmen, Solidaridad, Q. Roo a 17 de junio de 2024 Especial La alegr\u00eda y la diversi\u00f3n para los peque\u00f1os llegar\u00e1 con el curso de verano \u201cBaaxlo\u2019ob Paalalo\u2019ob Solidaridad 2024\u201d, esto fue anunciado en rueda de prensa que encabez\u00f3 el Lic. Amador Guti\u00e9rrez Guigui, director general del Instituto del <a href=\"https:\/\/angelsolisnoticias.com\/index.php\/2024\/06\/17\/presentan-el-curso-de-verano-baaxloob-paalaloob-solidaridad-2024\/\" class=\"btn btn-link continue-link\">Seguir leyendo<\/a><\/p>\n","protected":false},"author":1,"featured_media":7886,"comment_status":"open","ping_status":"open","sticky":false,"template":"","format":"standard","meta":{"footnotes":""},"categories":[6,1],"tags":[],"class_list":["post-7880","post","type-post","status-publish","format-standard","has-post-thumbnail","hentry","category-solidaridad","category-uncategorized"],"yoast_head":"<!-- This site is optimized with the Yoast SEO plugin v21.1 - https:\/\/yoast.com\/wordpress\/plugins\/seo\/ -->\n<title>Presentan el curso de verano \u201cBaaxlo\u2019ob Paalalo\u2019ob Solidaridad 2024\u201d<\/title>\n<meta name=\"description\" content=\".\" \/>\n<meta name=\"robots\" content=\"index, follow, max-snippet:-1, max-image-preview:large, max-video-preview:-1\" \/>\n<link rel=\"canonical\" href=\"https:\/\/angelsolisnoticias.com\/index.php\/2024\/06\/17\/presentan-el-curso-de-verano-baaxloob-paalaloob-solidaridad-2024\/\" \/>\n<meta property=\"og:locale\" content=\"es_MX\" \/>\n<meta property=\"og:type\" content=\"article\" \/>\n<meta property=\"og:title\" content=\"Presentan el curso de verano \u201cBaaxlo\u2019ob Paalalo\u2019ob Solidaridad 2024\u201d\" \/>\n<meta property=\"og:description\" content=\".\" \/>\n<meta property=\"og:url\" content=\"https:\/\/angelsolisnoticias.com\/index.php\/2024\/06\/17\/presentan-el-curso-de-verano-baaxloob-paalaloob-solidaridad-2024\/\" \/>\n<meta property=\"og:site_name\" content=\"\u00c1ngel Solis\" \/>\n<meta property=\"article:publisher\" content=\"https:\/\/www.facebook.com\/periodistasquintanaroo\" \/>\n<meta property=\"article:published_time\" content=\"2024-06-17T15:10:01+00:00\" \/>\n<meta property=\"article:modified_time\" content=\"2024-06-18T01:29:12+00:00\" \/>\n<meta property=\"og:image\" content=\"https:\/\/angelsolisnoticias.com\/wp-content\/uploads\/2024\/06\/Solidaridad-Baxolob-1.jpg\" \/>\n\t<meta property=\"og:image:width\" content=\"800\" \/>\n\t<meta property=\"og:image:height\" content=\"569\" \/>\n\t<meta property=\"og:image:type\" content=\"image\/jpeg\" \/>\n<meta name=\"author\" content=\"admin\" \/>\n<meta name=\"twitter:card\" content=\"summary_large_image\" \/>\n<meta name=\"twitter:creator\" content=\"@PERIODISTASQROO\" \/>\n<meta name=\"twitter:site\" content=\"@PERIODISTASQROO\" \/>\n<meta name=\"twitter:label1\" content=\"Escrito por\" \/>\n\t<meta name=\"twitter:data1\" content=\"admin\" \/>\n\t<meta name=\"twitter:label2\" content=\"Tiempo de lectura\" \/>\n\t<meta name=\"twitter:data2\" content=\"3 minutos\" \/>\n<script type=\"application\/ld+json\" class=\"yoast-schema-graph\">{\"@context\":\"https:\/\/schema.org\",\"@graph\":[{\"@type\":\"Article\",\"@id\":\"https:\/\/angelsolisnoticias.com\/index.php\/2024\/06\/17\/presentan-el-curso-de-verano-baaxloob-paalaloob-solidaridad-2024\/#article\",\"isPartOf\":{\"@id\":\"https:\/\/angelsolisnoticias.com\/index.php\/2024\/06\/17\/presentan-el-curso-de-verano-baaxloob-paalaloob-solidaridad-2024\/\"},\"author\":{\"name\":\"admin\",\"@id\":\"https:\/\/angelsolisnoticias.com\/#\/schema\/person\/d5ca5e4c5f05db44e86cb564bf81ae6f\"},\"headline\":\"Presentan el curso de verano \u201cBaaxlo\u2019ob Paalalo\u2019ob Solidaridad 2024\u201d\",\"datePublished\":\"2024-06-17T15:10:01+00:00\",\"dateModified\":\"2024-06-18T01:29:12+00:00\",\"mainEntityOfPage\":{\"@id\":\"https:\/\/angelsolisnoticias.com\/index.php\/2024\/06\/17\/presentan-el-curso-de-verano-baaxloob-paalaloob-solidaridad-2024\/\"},\"wordCount\":415,\"commentCount\":0,\"publisher\":{\"@id\":\"https:\/\/angelsolisnoticias.com\/#organization\"},\"articleSection\":[\"Solidaridad\",\"Uncategorized\"],\"inLanguage\":\"es\",\"potentialAction\":[{\"@type\":\"CommentAction\",\"name\":\"Comment\",\"target\":[\"https:\/\/angelsolisnoticias.com\/index.php\/2024\/06\/17\/presentan-el-curso-de-verano-baaxloob-paalaloob-solidaridad-2024\/#respond\"]}]},{\"@type\":\"WebPage\",\"@id\":\"https:\/\/angelsolisnoticias.com\/index.php\/2024\/06\/17\/presentan-el-curso-de-verano-baaxloob-paalaloob-solidaridad-2024\/\",\"url\":\"https:\/\/angelsolisnoticias.com\/index.php\/2024\/06\/17\/presentan-el-curso-de-verano-baaxloob-paalaloob-solidaridad-2024\/\",\"name\":\"Presentan el curso de verano \u201cBaaxlo\u2019ob Paalalo\u2019ob Solidaridad 2024\u201d\",\"isPartOf\":{\"@id\":\"https:\/\/angelsolisnoticias.com\/#website\"},\"datePublished\":\"2024-06-17T15:10:01+00:00\",\"dateModified\":\"2024-06-18T01:29:12+00:00\",\"description\":\".\",\"breadcrumb\":{\"@id\":\"https:\/\/angelsolisnoticias.com\/index.php\/2024\/06\/17\/presentan-el-curso-de-verano-baaxloob-paalaloob-solidaridad-2024\/#breadcrumb\"},\"inLanguage\":\"es\",\"potentialAction\":[{\"@type\":\"ReadAction\",\"target\":[\"https:\/\/angelsolisnoticias.com\/index.php\/2024\/06\/17\/presentan-el-curso-de-verano-baaxloob-paalaloob-solidaridad-2024\/\"]}]},{\"@type\":\"BreadcrumbList\",\"@id\":\"https:\/\/angelsolisnoticias.com\/index.php\/2024\/06\/17\/presentan-el-curso-de-verano-baaxloob-paalaloob-solidaridad-2024\/#breadcrumb\",\"itemListElement\":[{\"@type\":\"ListItem\",\"position\":1,\"name\":\"Inicio\",\"item\":\"https:\/\/angelsolisnoticias.com\/\"},{\"@type\":\"ListItem\",\"position\":2,\"name\":\"Presentan el curso de verano \u201cBaaxlo\u2019ob Paalalo\u2019ob Solidaridad 2024\u201d\"}]},{\"@type\":\"WebSite\",\"@id\":\"https:\/\/angelsolisnoticias.com\/#website\",\"url\":\"https:\/\/angelsolisnoticias.com\/\",\"name\":\"\u00c1ngel Solis\",\"description\":\"Noticias de Quintana Roo\",\"publisher\":{\"@id\":\"https:\/\/angelsolisnoticias.com\/#organization\"},\"potentialAction\":[{\"@type\":\"SearchAction\",\"target\":{\"@type\":\"EntryPoint\",\"urlTemplate\":\"https:\/\/angelsolisnoticias.com\/?s={search_term_string}\"},\"query-input\":\"required name=search_term_string\"}],\"inLanguage\":\"es\"},{\"@type\":\"Organization\",\"@id\":\"https:\/\/angelsolisnoticias.com\/#organization\",\"name\":\"\u00c1ngel Solis\",\"url\":\"https:\/\/angelsolisnoticias.com\/\",\"logo\":{\"@type\":\"ImageObject\",\"inLanguage\":\"es\",\"@id\":\"https:\/\/angelsolisnoticias.com\/#\/schema\/logo\/image\/\",\"url\":\"https:\/\/angelsolisnoticias.com\/wp-content\/uploads\/2023\/01\/LOGO3.png\",\"contentUrl\":\"https:\/\/angelsolisnoticias.com\/wp-content\/uploads\/2023\/01\/LOGO3.png\",\"width\":1853,\"height\":570,\"caption\":\"\u00c1ngel Solis\"},\"image\":{\"@id\":\"https:\/\/angelsolisnoticias.com\/#\/schema\/logo\/image\/\"},\"sameAs\":[\"https:\/\/www.facebook.com\/periodistasquintanaroo\",\"https:\/\/twitter.com\/PERIODISTASQROO\"]},{\"@type\":\"Person\",\"@id\":\"https:\/\/angelsolisnoticias.com\/#\/schema\/person\/d5ca5e4c5f05db44e86cb564bf81ae6f\",\"name\":\"admin\",\"image\":{\"@type\":\"ImageObject\",\"inLanguage\":\"es\",\"@id\":\"https:\/\/angelsolisnoticias.com\/#\/schema\/person\/image\/\",\"url\":\"https:\/\/secure.gravatar.com\/avatar\/dff3eaf7d33320066684ce268bff2bf90ce4f69456139b2d65d7796f64299e47?s=96&d=mm&r=g\",\"contentUrl\":\"https:\/\/secure.gravatar.com\/avatar\/dff3eaf7d33320066684ce268bff2bf90ce4f69456139b2d65d7796f64299e47?s=96&d=mm&r=g\",\"caption\":\"admin\"},\"sameAs\":[\"https:\/\/angelsolisnoticias.com\"],\"url\":\"https:\/\/angelsolisnoticias.com\/index.php\/author\/admin_qnbaat5l\/\"}]}<\/script>\n<!-- \/ Yoast SEO plugin. -->","yoast_head_json":{"title":"Presentan el curso de verano \u201cBaaxlo\u2019ob Paalalo\u2019ob Solidaridad 2024\u201d","description":".","robots":{"index":"index","follow":"follow","max-snippet":"max-snippet:-1","max-image-preview":"max-image-preview:large","max-video-preview":"max-video-preview:-1"},"canonical":"https:\/\/angelsolisnoticias.com\/index.php\/2024\/06\/17\/presentan-el-curso-de-verano-baaxloob-paalaloob-solidaridad-2024\/","og_locale":"es_MX","og_type":"article","og_title":"Presentan el curso de verano \u201cBaaxlo\u2019ob Paalalo\u2019ob Solidaridad 2024\u201d","og_description":".","og_url":"https:\/\/angelsolisnoticias.com\/index.php\/2024\/06\/17\/presentan-el-curso-de-verano-baaxloob-paalaloob-solidaridad-2024\/","og_site_name":"\u00c1ngel Solis","article_publisher":"https:\/\/www.facebook.com\/periodistasquintanaroo","article_published_time":"2024-06-17T15:10:01+00:00","article_modified_time":"2024-06-18T01:29:12+00:00","og_image":[{"width":800,"height":569,"url":"https:\/\/angelsolisnoticias.com\/wp-content\/uploads\/2024\/06\/Solidaridad-Baxolob-1.jpg","type":"image\/jpeg"}],"author":"admin","twitter_card":"summary_large_image","twitter_creator":"@PERIODISTASQROO","twitter_site":"@PERIODISTASQROO","twitter_misc":{"Escrito por":"admin","Tiempo de lectura":"3 minutos"},"schema":{"@context":"https:\/\/schema.org","@graph":[{"@type":"Article","@id":"https:\/\/angelsolisnoticias.com\/index.php\/2024\/06\/17\/presentan-el-curso-de-verano-baaxloob-paalaloob-solidaridad-2024\/#article","isPartOf":{"@id":"https:\/\/angelsolisnoticias.com\/index.php\/2024\/06\/17\/presentan-el-curso-de-verano-baaxloob-paalaloob-solidaridad-2024\/"},"author":{"name":"admin","@id":"https:\/\/angelsolisnoticias.com\/#\/schema\/person\/d5ca5e4c5f05db44e86cb564bf81ae6f"},"headline":"Presentan el curso de verano \u201cBaaxlo\u2019ob Paalalo\u2019ob Solidaridad 2024\u201d","datePublished":"2024-06-17T15:10:01+00:00","dateModified":"2024-06-18T01:29:12+00:00","mainEntityOfPage":{"@id":"https:\/\/angelsolisnoticias.com\/index.php\/2024\/06\/17\/presentan-el-curso-de-verano-baaxloob-paalaloob-solidaridad-2024\/"},"wordCount":415,"commentCount":0,"publisher":{"@id":"https:\/\/angelsolisnoticias.com\/#organization"},"articleSection":["Solidaridad","Uncategorized"],"inLanguage":"es","potentialAction":[{"@type":"CommentAction","name":"Comment","target":["https:\/\/angelsolisnoticias.com\/index.php\/2024\/06\/17\/presentan-el-curso-de-verano-baaxloob-paalaloob-solidaridad-2024\/#respond"]}]},{"@type":"WebPage","@id":"https:\/\/angelsolisnoticias.com\/index.php\/2024\/06\/17\/presentan-el-curso-de-verano-baaxloob-paalaloob-solidaridad-2024\/","url":"https:\/\/angelsolisnoticias.com\/index.php\/2024\/06\/17\/presentan-el-curso-de-verano-baaxloob-paalaloob-solidaridad-2024\/","name":"Presentan el curso de verano \u201cBaaxlo\u2019ob Paalalo\u2019ob Solidaridad 2024\u201d","isPartOf":{"@id":"https:\/\/angelsolisnoticias.com\/#website"},"datePublished":"2024-06-17T15:10:01+00:00","dateModified":"2024-06-18T01:29:12+00:00","description":".","breadcrumb":{"@id":"https:\/\/angelsolisnoticias.com\/index.php\/2024\/06\/17\/presentan-el-curso-de-verano-baaxloob-paalaloob-solidaridad-2024\/#breadcrumb"},"inLanguage":"es","potentialAction":[{"@type":"ReadAction","target":["https:\/\/angelsolisnoticias.com\/index.php\/2024\/06\/17\/presentan-el-curso-de-verano-baaxloob-paalaloob-solidaridad-2024\/"]}]},{"@type":"BreadcrumbList","@id":"https:\/\/angelsolisnoticias.com\/index.php\/2024\/06\/17\/presentan-el-curso-de-verano-baaxloob-paalaloob-solidaridad-2024\/#breadcrumb","itemListElement":[{"@type":"ListItem","position":1,"name":"Inicio","item":"https:\/\/angelsolisnoticias.com\/"},{"@type":"ListItem","position":2,"name":"Presentan el curso de verano \u201cBaaxlo\u2019ob Paalalo\u2019ob Solidaridad 2024\u201d"}]},{"@type":"WebSite","@id":"https:\/\/angelsolisnoticias.com\/#website","url":"https:\/\/angelsolisnoticias.com\/","name":"\u00c1ngel Solis","description":"Noticias de Quintana Roo","publisher":{"@id":"https:\/\/angelsolisnoticias.com\/#organization"},"potentialAction":[{"@type":"SearchAction","target":{"@type":"EntryPoint","urlTemplate":"https:\/\/angelsolisnoticias.com\/?s={search_term_string}"},"query-input":"required name=search_term_string"}],"inLanguage":"es"},{"@type":"Organization","@id":"https:\/\/angelsolisnoticias.com\/#organization","name":"\u00c1ngel Solis","url":"https:\/\/angelsolisnoticias.com\/","logo":{"@type":"ImageObject","inLanguage":"es","@id":"https:\/\/angelsolisnoticias.com\/#\/schema\/logo\/image\/","url":"https:\/\/angelsolisnoticias.com\/wp-content\/uploads\/2023\/01\/LOGO3.png","contentUrl":"https:\/\/angelsolisnoticias.com\/wp-content\/uploads\/2023\/01\/LOGO3.png","width":1853,"height":570,"caption":"\u00c1ngel Solis"},"image":{"@id":"https:\/\/angelsolisnoticias.com\/#\/schema\/logo\/image\/"},"sameAs":["https:\/\/www.facebook.com\/periodistasquintanaroo","https:\/\/twitter.com\/PERIODISTASQROO"]},{"@type":"Person","@id":"https:\/\/angelsolisnoticias.com\/#\/schema\/person\/d5ca5e4c5f05db44e86cb564bf81ae6f","name":"admin","image":{"@type":"ImageObject","inLanguage":"es","@id":"https:\/\/angelsolisnoticias.com\/#\/schema\/person\/image\/","url":"https:\/\/secure.gravatar.com\/avatar\/dff3eaf7d33320066684ce268bff2bf90ce4f69456139b2d65d7796f64299e47?s=96&d=mm&r=g","contentUrl":"https:\/\/secure.gravatar.com\/avatar\/dff3eaf7d33320066684ce268bff2bf90ce4f69456139b2d65d7796f64299e47?s=96&d=mm&r=g","caption":"admin"},"sameAs":["https:\/\/angelsolisnoticias.com"],"url":"https:\/\/angelsolisnoticias.com\/index.php\/author\/admin_qnbaat5l\/"}]}},"jetpack_featured_media_url":"https:\/\/angelsolisnoticias.com\/wp-content\/uploads\/2024\/06\/Solidaridad-Baxolob-1.jpg","_links":{"self":[{"href":"https:\/\/angelsolisnoticias.com\/index.php\/wp-json\/wp\/v2\/posts\/7880","targetHints":{"allow":["GET"]}}],"collection":[{"href":"https:\/\/angelsolisnoticias.com\/index.php\/wp-json\/wp\/v2\/posts"}],"about":[{"href":"https:\/\/angelsolisnoticias.com\/index.php\/wp-json\/wp\/v2\/types\/post"}],"author":[{"embeddable":true,"href":"https:\/\/angelsolisnoticias.com\/index.php\/wp-json\/wp\/v2\/users\/1"}],"replies":[{"embeddable":true,"href":"https:\/\/angelsolisnoticias.com\/index.php\/wp-json\/wp\/v2\/comments?post=7880"}],"version-history":[{"count":4,"href":"https:\/\/angelsolisnoticias.com\/index.php\/wp-json\/wp\/v2\/posts\/7880\/revisions"}],"predecessor-version":[{"id":7888,"href":"https:\/\/angelsolisnoticias.com\/index.php\/wp-json\/wp\/v2\/posts\/7880\/revisions\/7888"}],"wp:featuredmedia":[{"embeddable":true,"href":"https:\/\/angelsolisnoticias.com\/index.php\/wp-json\/wp\/v2\/media\/7886"}],"wp:attachment":[{"href":"https:\/\/angelsolisnoticias.com\/index.php\/wp-json\/wp\/v2\/media?parent=7880"}],"wp:term":[{"taxonomy":"category","embeddable":true,"href":"https:\/\/angelsolisnoticias.com\/index.php\/wp-json\/wp\/v2\/categories?post=7880"},{"taxonomy":"post_tag","embeddable":true,"href":"https:\/\/angelsolisnoticias.com\/index.php\/wp-json\/wp\/v2\/tags?post=7880"}],"curies":[{"name":"wp","href":"https:\/\/api.w.org\/{rel}","templated":true}]}}