{"id":8031,"date":"2024-06-25T16:25:18","date_gmt":"2024-06-25T16:25:18","guid":{"rendered":"https:\/\/angelsolisnoticias.com\/?p=8031"},"modified":"2024-06-25T22:07:46","modified_gmt":"2024-06-25T22:07:46","slug":"refuerzan-lazos-culturales-entre-solidaridad-y-colombia","status":"publish","type":"post","link":"https:\/\/angelsolisnoticias.com\/index.php\/2024\/06\/25\/refuerzan-lazos-culturales-entre-solidaridad-y-colombia\/","title":{"rendered":"Refuerzan lazos culturales entre Solidaridad y Colombia"},"content":{"rendered":"<p>Playa del Carmen, Solidaridad a 25 de junio del 2024<br \/>\nEspecial<\/p>\n<p>Los resultados del trabajo que realiza la presidenta Lili Campos lleg\u00f3 hasta Colombia y es que el Instituto Municipal de la Cultura y las Artes de Solidaridad (IMCAS) representar\u00e1 a M\u00e9xico en el 36\u00ba festival de la Horticultura en la alcald\u00eda de Villamar\u00eda Calas, mostrando la riqueza y diversidad de ritmos multiculturales, siendo la promoci\u00f3n de la cultura el objetivo principal de esta administraci\u00f3n.<\/p>\n<p>Francisco Reyes Marroqu\u00edn, director del IMCAS, inform\u00f3 que \u201chace dos meses, estuvo aqu\u00ed con nosotros Jonier Alejandro Ram\u00edrez Zuluaga, alcalde de Villamar\u00eda Caldas, de Colombia, donde le preparamos algo representativo de la regi\u00f3n; posteriormente nos hizo la invitaci\u00f3n para asistir al 36\u00ba festival de la Horticultura. Nosotros seremos el pa\u00eds invitado y enlace cultural entre M\u00e9xico y Colombia\u201d.<\/p>\n<p><img loading=\"lazy\" decoding=\"async\" class=\"aligncenter wp-image-8034 \" src=\"https:\/\/angelsolisnoticias.com\/wp-content\/uploads\/2024\/06\/Solidaridad-Lazos-Colombia4.jpg\" alt=\"\" width=\"637\" height=\"405\" \/><\/p>\n<p>Concluy\u00f3 diciendo que viajar\u00e1 una comitiva de 12 m\u00fasicos con el programa musical \u2018Ra\u00edces y 15 bailarines con el ballet Lol Beh, posteriormente se dar\u00e1n unos talleres enfocados a la cultura mexicana, instrumentos musicales, danza y artes pl\u00e1sticas. Tambi\u00e9n estar\u00e1 presente el historiador Raymundo Tineo, quien dar\u00e1 una conferencia sobre la historia de Playa del Carmen.<\/p>\n<p><img loading=\"lazy\" decoding=\"async\" class=\"aligncenter wp-image-8033 \" src=\"https:\/\/angelsolisnoticias.com\/wp-content\/uploads\/2024\/06\/Solidaridad-Lazos-Colombia5.jpg\" alt=\"\" width=\"640\" height=\"421\" \/><\/p>\n","protected":false},"excerpt":{"rendered":"<p>Playa del Carmen, Solidaridad a 25 de junio del 2024 Especial Los resultados del trabajo que realiza la presidenta Lili Campos lleg\u00f3 hasta Colombia y es que el Instituto Municipal de la Cultura y las Artes de Solidaridad (IMCAS) representar\u00e1 a M\u00e9xico en el 36\u00ba festival de la Horticultura en <a href=\"https:\/\/angelsolisnoticias.com\/index.php\/2024\/06\/25\/refuerzan-lazos-culturales-entre-solidaridad-y-colombia\/\" class=\"btn btn-link continue-link\">Seguir leyendo<\/a><\/p>\n","protected":false},"author":1,"featured_media":8037,"comment_status":"open","ping_status":"open","sticky":false,"template":"","format":"standard","meta":{"footnotes":""},"categories":[6,1],"tags":[],"class_list":["post-8031","post","type-post","status-publish","format-standard","has-post-thumbnail","hentry","category-solidaridad","category-uncategorized"],"yoast_head":"<!-- This site is optimized with the Yoast SEO plugin v21.1 - https:\/\/yoast.com\/wordpress\/plugins\/seo\/ -->\n<title>Refuerzan lazos culturales entre Solidaridad y Colombia<\/title>\n<meta name=\"description\" content=\".\" \/>\n<meta name=\"robots\" content=\"index, follow, max-snippet:-1, max-image-preview:large, max-video-preview:-1\" \/>\n<link rel=\"canonical\" href=\"https:\/\/angelsolisnoticias.com\/index.php\/2024\/06\/25\/refuerzan-lazos-culturales-entre-solidaridad-y-colombia\/\" \/>\n<meta property=\"og:locale\" content=\"es_MX\" \/>\n<meta property=\"og:type\" content=\"article\" \/>\n<meta property=\"og:title\" content=\"Refuerzan lazos culturales entre Solidaridad y Colombia\" \/>\n<meta property=\"og:description\" content=\".\" \/>\n<meta property=\"og:url\" content=\"https:\/\/angelsolisnoticias.com\/index.php\/2024\/06\/25\/refuerzan-lazos-culturales-entre-solidaridad-y-colombia\/\" \/>\n<meta property=\"og:site_name\" content=\"\u00c1ngel Solis\" \/>\n<meta property=\"article:publisher\" content=\"https:\/\/www.facebook.com\/periodistasquintanaroo\" \/>\n<meta property=\"article:published_time\" content=\"2024-06-25T16:25:18+00:00\" \/>\n<meta property=\"article:modified_time\" content=\"2024-06-25T22:07:46+00:00\" \/>\n<meta property=\"og:image\" content=\"https:\/\/angelsolisnoticias.com\/wp-content\/uploads\/2024\/06\/Solidaridad-Lazos-Colombia1.jpg\" \/>\n\t<meta property=\"og:image:width\" content=\"800\" \/>\n\t<meta property=\"og:image:height\" content=\"569\" \/>\n\t<meta property=\"og:image:type\" content=\"image\/jpeg\" \/>\n<meta name=\"author\" content=\"admin\" \/>\n<meta name=\"twitter:card\" content=\"summary_large_image\" \/>\n<meta name=\"twitter:creator\" content=\"@PERIODISTASQROO\" \/>\n<meta name=\"twitter:site\" content=\"@PERIODISTASQROO\" \/>\n<meta name=\"twitter:label1\" content=\"Escrito por\" \/>\n\t<meta name=\"twitter:data1\" content=\"admin\" \/>\n\t<meta name=\"twitter:label2\" content=\"Tiempo de lectura\" \/>\n\t<meta name=\"twitter:data2\" content=\"2 minutos\" \/>\n<script type=\"application\/ld+json\" class=\"yoast-schema-graph\">{\"@context\":\"https:\/\/schema.org\",\"@graph\":[{\"@type\":\"Article\",\"@id\":\"https:\/\/angelsolisnoticias.com\/index.php\/2024\/06\/25\/refuerzan-lazos-culturales-entre-solidaridad-y-colombia\/#article\",\"isPartOf\":{\"@id\":\"https:\/\/angelsolisnoticias.com\/index.php\/2024\/06\/25\/refuerzan-lazos-culturales-entre-solidaridad-y-colombia\/\"},\"author\":{\"name\":\"admin\",\"@id\":\"https:\/\/angelsolisnoticias.com\/#\/schema\/person\/d5ca5e4c5f05db44e86cb564bf81ae6f\"},\"headline\":\"Refuerzan lazos culturales entre Solidaridad y Colombia\",\"datePublished\":\"2024-06-25T16:25:18+00:00\",\"dateModified\":\"2024-06-25T22:07:46+00:00\",\"mainEntityOfPage\":{\"@id\":\"https:\/\/angelsolisnoticias.com\/index.php\/2024\/06\/25\/refuerzan-lazos-culturales-entre-solidaridad-y-colombia\/\"},\"wordCount\":207,\"commentCount\":0,\"publisher\":{\"@id\":\"https:\/\/angelsolisnoticias.com\/#organization\"},\"articleSection\":[\"Solidaridad\",\"Uncategorized\"],\"inLanguage\":\"es\",\"potentialAction\":[{\"@type\":\"CommentAction\",\"name\":\"Comment\",\"target\":[\"https:\/\/angelsolisnoticias.com\/index.php\/2024\/06\/25\/refuerzan-lazos-culturales-entre-solidaridad-y-colombia\/#respond\"]}]},{\"@type\":\"WebPage\",\"@id\":\"https:\/\/angelsolisnoticias.com\/index.php\/2024\/06\/25\/refuerzan-lazos-culturales-entre-solidaridad-y-colombia\/\",\"url\":\"https:\/\/angelsolisnoticias.com\/index.php\/2024\/06\/25\/refuerzan-lazos-culturales-entre-solidaridad-y-colombia\/\",\"name\":\"Refuerzan lazos culturales entre Solidaridad y Colombia\",\"isPartOf\":{\"@id\":\"https:\/\/angelsolisnoticias.com\/#website\"},\"datePublished\":\"2024-06-25T16:25:18+00:00\",\"dateModified\":\"2024-06-25T22:07:46+00:00\",\"description\":\".\",\"breadcrumb\":{\"@id\":\"https:\/\/angelsolisnoticias.com\/index.php\/2024\/06\/25\/refuerzan-lazos-culturales-entre-solidaridad-y-colombia\/#breadcrumb\"},\"inLanguage\":\"es\",\"potentialAction\":[{\"@type\":\"ReadAction\",\"target\":[\"https:\/\/angelsolisnoticias.com\/index.php\/2024\/06\/25\/refuerzan-lazos-culturales-entre-solidaridad-y-colombia\/\"]}]},{\"@type\":\"BreadcrumbList\",\"@id\":\"https:\/\/angelsolisnoticias.com\/index.php\/2024\/06\/25\/refuerzan-lazos-culturales-entre-solidaridad-y-colombia\/#breadcrumb\",\"itemListElement\":[{\"@type\":\"ListItem\",\"position\":1,\"name\":\"Inicio\",\"item\":\"https:\/\/angelsolisnoticias.com\/\"},{\"@type\":\"ListItem\",\"position\":2,\"name\":\"Refuerzan lazos culturales entre Solidaridad y Colombia\"}]},{\"@type\":\"WebSite\",\"@id\":\"https:\/\/angelsolisnoticias.com\/#website\",\"url\":\"https:\/\/angelsolisnoticias.com\/\",\"name\":\"\u00c1ngel Solis\",\"description\":\"Noticias de Quintana Roo\",\"publisher\":{\"@id\":\"https:\/\/angelsolisnoticias.com\/#organization\"},\"potentialAction\":[{\"@type\":\"SearchAction\",\"target\":{\"@type\":\"EntryPoint\",\"urlTemplate\":\"https:\/\/angelsolisnoticias.com\/?s={search_term_string}\"},\"query-input\":\"required name=search_term_string\"}],\"inLanguage\":\"es\"},{\"@type\":\"Organization\",\"@id\":\"https:\/\/angelsolisnoticias.com\/#organization\",\"name\":\"\u00c1ngel Solis\",\"url\":\"https:\/\/angelsolisnoticias.com\/\",\"logo\":{\"@type\":\"ImageObject\",\"inLanguage\":\"es\",\"@id\":\"https:\/\/angelsolisnoticias.com\/#\/schema\/logo\/image\/\",\"url\":\"https:\/\/angelsolisnoticias.com\/wp-content\/uploads\/2023\/01\/LOGO3.png\",\"contentUrl\":\"https:\/\/angelsolisnoticias.com\/wp-content\/uploads\/2023\/01\/LOGO3.png\",\"width\":1853,\"height\":570,\"caption\":\"\u00c1ngel Solis\"},\"image\":{\"@id\":\"https:\/\/angelsolisnoticias.com\/#\/schema\/logo\/image\/\"},\"sameAs\":[\"https:\/\/www.facebook.com\/periodistasquintanaroo\",\"https:\/\/twitter.com\/PERIODISTASQROO\"]},{\"@type\":\"Person\",\"@id\":\"https:\/\/angelsolisnoticias.com\/#\/schema\/person\/d5ca5e4c5f05db44e86cb564bf81ae6f\",\"name\":\"admin\",\"image\":{\"@type\":\"ImageObject\",\"inLanguage\":\"es\",\"@id\":\"https:\/\/angelsolisnoticias.com\/#\/schema\/person\/image\/\",\"url\":\"https:\/\/secure.gravatar.com\/avatar\/dff3eaf7d33320066684ce268bff2bf90ce4f69456139b2d65d7796f64299e47?s=96&d=mm&r=g\",\"contentUrl\":\"https:\/\/secure.gravatar.com\/avatar\/dff3eaf7d33320066684ce268bff2bf90ce4f69456139b2d65d7796f64299e47?s=96&d=mm&r=g\",\"caption\":\"admin\"},\"sameAs\":[\"https:\/\/angelsolisnoticias.com\"],\"url\":\"https:\/\/angelsolisnoticias.com\/index.php\/author\/admin_qnbaat5l\/\"}]}<\/script>\n<!-- \/ Yoast SEO plugin. -->","yoast_head_json":{"title":"Refuerzan lazos culturales entre Solidaridad y Colombia","description":".","robots":{"index":"index","follow":"follow","max-snippet":"max-snippet:-1","max-image-preview":"max-image-preview:large","max-video-preview":"max-video-preview:-1"},"canonical":"https:\/\/angelsolisnoticias.com\/index.php\/2024\/06\/25\/refuerzan-lazos-culturales-entre-solidaridad-y-colombia\/","og_locale":"es_MX","og_type":"article","og_title":"Refuerzan lazos culturales entre Solidaridad y Colombia","og_description":".","og_url":"https:\/\/angelsolisnoticias.com\/index.php\/2024\/06\/25\/refuerzan-lazos-culturales-entre-solidaridad-y-colombia\/","og_site_name":"\u00c1ngel Solis","article_publisher":"https:\/\/www.facebook.com\/periodistasquintanaroo","article_published_time":"2024-06-25T16:25:18+00:00","article_modified_time":"2024-06-25T22:07:46+00:00","og_image":[{"width":800,"height":569,"url":"https:\/\/angelsolisnoticias.com\/wp-content\/uploads\/2024\/06\/Solidaridad-Lazos-Colombia1.jpg","type":"image\/jpeg"}],"author":"admin","twitter_card":"summary_large_image","twitter_creator":"@PERIODISTASQROO","twitter_site":"@PERIODISTASQROO","twitter_misc":{"Escrito por":"admin","Tiempo de lectura":"2 minutos"},"schema":{"@context":"https:\/\/schema.org","@graph":[{"@type":"Article","@id":"https:\/\/angelsolisnoticias.com\/index.php\/2024\/06\/25\/refuerzan-lazos-culturales-entre-solidaridad-y-colombia\/#article","isPartOf":{"@id":"https:\/\/angelsolisnoticias.com\/index.php\/2024\/06\/25\/refuerzan-lazos-culturales-entre-solidaridad-y-colombia\/"},"author":{"name":"admin","@id":"https:\/\/angelsolisnoticias.com\/#\/schema\/person\/d5ca5e4c5f05db44e86cb564bf81ae6f"},"headline":"Refuerzan lazos culturales entre Solidaridad y Colombia","datePublished":"2024-06-25T16:25:18+00:00","dateModified":"2024-06-25T22:07:46+00:00","mainEntityOfPage":{"@id":"https:\/\/angelsolisnoticias.com\/index.php\/2024\/06\/25\/refuerzan-lazos-culturales-entre-solidaridad-y-colombia\/"},"wordCount":207,"commentCount":0,"publisher":{"@id":"https:\/\/angelsolisnoticias.com\/#organization"},"articleSection":["Solidaridad","Uncategorized"],"inLanguage":"es","potentialAction":[{"@type":"CommentAction","name":"Comment","target":["https:\/\/angelsolisnoticias.com\/index.php\/2024\/06\/25\/refuerzan-lazos-culturales-entre-solidaridad-y-colombia\/#respond"]}]},{"@type":"WebPage","@id":"https:\/\/angelsolisnoticias.com\/index.php\/2024\/06\/25\/refuerzan-lazos-culturales-entre-solidaridad-y-colombia\/","url":"https:\/\/angelsolisnoticias.com\/index.php\/2024\/06\/25\/refuerzan-lazos-culturales-entre-solidaridad-y-colombia\/","name":"Refuerzan lazos culturales entre Solidaridad y Colombia","isPartOf":{"@id":"https:\/\/angelsolisnoticias.com\/#website"},"datePublished":"2024-06-25T16:25:18+00:00","dateModified":"2024-06-25T22:07:46+00:00","description":".","breadcrumb":{"@id":"https:\/\/angelsolisnoticias.com\/index.php\/2024\/06\/25\/refuerzan-lazos-culturales-entre-solidaridad-y-colombia\/#breadcrumb"},"inLanguage":"es","potentialAction":[{"@type":"ReadAction","target":["https:\/\/angelsolisnoticias.com\/index.php\/2024\/06\/25\/refuerzan-lazos-culturales-entre-solidaridad-y-colombia\/"]}]},{"@type":"BreadcrumbList","@id":"https:\/\/angelsolisnoticias.com\/index.php\/2024\/06\/25\/refuerzan-lazos-culturales-entre-solidaridad-y-colombia\/#breadcrumb","itemListElement":[{"@type":"ListItem","position":1,"name":"Inicio","item":"https:\/\/angelsolisnoticias.com\/"},{"@type":"ListItem","position":2,"name":"Refuerzan lazos culturales entre Solidaridad y Colombia"}]},{"@type":"WebSite","@id":"https:\/\/angelsolisnoticias.com\/#website","url":"https:\/\/angelsolisnoticias.com\/","name":"\u00c1ngel Solis","description":"Noticias de Quintana Roo","publisher":{"@id":"https:\/\/angelsolisnoticias.com\/#organization"},"potentialAction":[{"@type":"SearchAction","target":{"@type":"EntryPoint","urlTemplate":"https:\/\/angelsolisnoticias.com\/?s={search_term_string}"},"query-input":"required name=search_term_string"}],"inLanguage":"es"},{"@type":"Organization","@id":"https:\/\/angelsolisnoticias.com\/#organization","name":"\u00c1ngel Solis","url":"https:\/\/angelsolisnoticias.com\/","logo":{"@type":"ImageObject","inLanguage":"es","@id":"https:\/\/angelsolisnoticias.com\/#\/schema\/logo\/image\/","url":"https:\/\/angelsolisnoticias.com\/wp-content\/uploads\/2023\/01\/LOGO3.png","contentUrl":"https:\/\/angelsolisnoticias.com\/wp-content\/uploads\/2023\/01\/LOGO3.png","width":1853,"height":570,"caption":"\u00c1ngel Solis"},"image":{"@id":"https:\/\/angelsolisnoticias.com\/#\/schema\/logo\/image\/"},"sameAs":["https:\/\/www.facebook.com\/periodistasquintanaroo","https:\/\/twitter.com\/PERIODISTASQROO"]},{"@type":"Person","@id":"https:\/\/angelsolisnoticias.com\/#\/schema\/person\/d5ca5e4c5f05db44e86cb564bf81ae6f","name":"admin","image":{"@type":"ImageObject","inLanguage":"es","@id":"https:\/\/angelsolisnoticias.com\/#\/schema\/person\/image\/","url":"https:\/\/secure.gravatar.com\/avatar\/dff3eaf7d33320066684ce268bff2bf90ce4f69456139b2d65d7796f64299e47?s=96&d=mm&r=g","contentUrl":"https:\/\/secure.gravatar.com\/avatar\/dff3eaf7d33320066684ce268bff2bf90ce4f69456139b2d65d7796f64299e47?s=96&d=mm&r=g","caption":"admin"},"sameAs":["https:\/\/angelsolisnoticias.com"],"url":"https:\/\/angelsolisnoticias.com\/index.php\/author\/admin_qnbaat5l\/"}]}},"jetpack_featured_media_url":"https:\/\/angelsolisnoticias.com\/wp-content\/uploads\/2024\/06\/Solidaridad-Lazos-Colombia1.jpg","_links":{"self":[{"href":"https:\/\/angelsolisnoticias.com\/index.php\/wp-json\/wp\/v2\/posts\/8031","targetHints":{"allow":["GET"]}}],"collection":[{"href":"https:\/\/angelsolisnoticias.com\/index.php\/wp-json\/wp\/v2\/posts"}],"about":[{"href":"https:\/\/angelsolisnoticias.com\/index.php\/wp-json\/wp\/v2\/types\/post"}],"author":[{"embeddable":true,"href":"https:\/\/angelsolisnoticias.com\/index.php\/wp-json\/wp\/v2\/users\/1"}],"replies":[{"embeddable":true,"href":"https:\/\/angelsolisnoticias.com\/index.php\/wp-json\/wp\/v2\/comments?post=8031"}],"version-history":[{"count":2,"href":"https:\/\/angelsolisnoticias.com\/index.php\/wp-json\/wp\/v2\/posts\/8031\/revisions"}],"predecessor-version":[{"id":8038,"href":"https:\/\/angelsolisnoticias.com\/index.php\/wp-json\/wp\/v2\/posts\/8031\/revisions\/8038"}],"wp:featuredmedia":[{"embeddable":true,"href":"https:\/\/angelsolisnoticias.com\/index.php\/wp-json\/wp\/v2\/media\/8037"}],"wp:attachment":[{"href":"https:\/\/angelsolisnoticias.com\/index.php\/wp-json\/wp\/v2\/media?parent=8031"}],"wp:term":[{"taxonomy":"category","embeddable":true,"href":"https:\/\/angelsolisnoticias.com\/index.php\/wp-json\/wp\/v2\/categories?post=8031"},{"taxonomy":"post_tag","embeddable":true,"href":"https:\/\/angelsolisnoticias.com\/index.php\/wp-json\/wp\/v2\/tags?post=8031"}],"curies":[{"name":"wp","href":"https:\/\/api.w.org\/{rel}","templated":true}]}}