{"id":8039,"date":"2024-06-26T13:31:18","date_gmt":"2024-06-26T13:31:18","guid":{"rendered":"https:\/\/angelsolisnoticias.com\/?p=8039"},"modified":"2024-06-26T19:40:32","modified_gmt":"2024-06-26T19:40:32","slug":"recibe-mara-lezama-primer-vuelo-de-copa-airlines-conectara-tulum-con-hub-de-las-americas-panama","status":"publish","type":"post","link":"https:\/\/angelsolisnoticias.com\/index.php\/2024\/06\/26\/recibe-mara-lezama-primer-vuelo-de-copa-airlines-conectara-tulum-con-hub-de-las-americas-panama\/","title":{"rendered":"Recibe Mara Lezama primer vuelo de Copa Airlines, conectar\u00e1 Tulum con Hub de las Am\u00e9ricas, Panam\u00e1"},"content":{"rendered":"<p>Tulum, 26 de junio<br \/>\nEspecial<\/p>\n<p>El aeropuerto internacional \u201cFelipe Carrillo Puerto\u201d, de Tulum, recibi\u00f3 hoy el primer vuelo de Copa Airlines, convirti\u00e9ndose en la primera aerol\u00ednea en conectar a Tulum y la parte sur de Quintana Roo con el Hub de las Am\u00e9ricas en Panam\u00e1 y con m\u00e1s de 60 destinos en Am\u00e9rica Latina.<\/p>\n<p>La gobernadora Mara Lezama Espinosa, acompa\u00f1ada de autoridades de la aerol\u00ednea, recibi\u00f3 el primer vuelo desde Panam\u00e1. Copa Airlines lo har\u00e1 4 veces por semana sin escalas. La nueva ruta representa oportunidad para atraer m\u00e1s visitantes a los destinos quintanarroenses, ya que ofrece conectividad con 7 ciudades en Brasil, 4 en Argentina y 10 en Colombia, Uruguay y Paraguay.<\/p>\n<p>Al d\u00eda de hoy, el aeropuerto internacional \u201cFelipe Carrillo Puerto\u201d rompe todas las proyecciones. De diciembre de 2023 al 24 de junio pasado registr\u00f3 m\u00e1s de medio mill\u00f3n de pasajeros, con 4 mil 330 operaciones en seis meses; en una semana registr\u00f3 236 operaciones, 146 internacionales y 90 nacionales; este domingo alcanz\u00f3 4 mil 976 pasajeros.<\/p>\n<p><img loading=\"lazy\" decoding=\"async\" class=\"aligncenter wp-image-8043 \" src=\"https:\/\/angelsolisnoticias.com\/wp-content\/uploads\/2024\/06\/Mara-Vuelo-Panama3.jpg\" alt=\"\" width=\"600\" height=\"400\" srcset=\"https:\/\/angelsolisnoticias.com\/wp-content\/uploads\/2024\/06\/Mara-Vuelo-Panama3.jpg 720w, https:\/\/angelsolisnoticias.com\/wp-content\/uploads\/2024\/06\/Mara-Vuelo-Panama3-300x200.jpg 300w\" sizes=\"auto, (max-width: 600px) 100vw, 600px\" \/><\/p>\n<p>Est\u00e1 conectado con 9 rutas a los Estados Unidos, 6 nacionales, 2 con Canad\u00e1 y hoy con Panam\u00e1. Se espera que en diciembre lo haga con Frankfurt. Las aerol\u00edneas que operan en este aeropuerto de Tulum son American Airlines, Delta Airlines, United Airlines, Air Canad\u00e1, Jet Blue y Copa Airlines. En diciembre se unir\u00e1 Lufthansa\/Discovery.<\/p>\n<p>Los vuelos nacionales son operados por Aerom\u00e9xico, Volaris, Mexicana y Viva.<\/p>\n<p>Mara Lezama expres\u00f3 que este es un d\u00eda hist\u00f3rico para Quintana Roo, pues la nueva ruta no solo marca un hito en la conectividad a\u00e9rea, sino que abre las puertas a m\u00e1s de 60 destinos de Am\u00e9rica Latina que tendr\u00e1n la oportunidad de conocer y disfrutar todo el territorio a trav\u00e9s del Tren Maya y sus estaciones; recorrer nuestras playas, cenotes, poblaciones rurales, disfrutar la riqueza cultural, gastron\u00f3mica, artesanal, pero sobre todo la calidez y amabilidad de nuestra gente.<\/p>\n<p><img loading=\"lazy\" decoding=\"async\" class=\"aligncenter wp-image-8044 \" src=\"https:\/\/angelsolisnoticias.com\/wp-content\/uploads\/2024\/06\/Mara-Vuelo-Panama2.jpg\" alt=\"\" width=\"614\" height=\"409\" srcset=\"https:\/\/angelsolisnoticias.com\/wp-content\/uploads\/2024\/06\/Mara-Vuelo-Panama2.jpg 720w, https:\/\/angelsolisnoticias.com\/wp-content\/uploads\/2024\/06\/Mara-Vuelo-Panama2-300x200.jpg 300w\" sizes=\"auto, (max-width: 614px) 100vw, 614px\" \/><\/p>\n<p>\u201cJusto es el objetivo de la Nueva Era del Turismo en Quintana Roo, de abrir las puertas al mundo a trav\u00e9s de una actividad sostenible, incluyente, pero sobre todo que la prosperidad sea compartida con nuestra gente. Ese es tambi\u00e9n el esp\u00edritu del Nuevo Acuerdo por el Bienestar y Desarrollo de Quintana Roo, para que nadie se quede fuera ni nadie se quede atr\u00e1s y las bondades del \u00e9xito tur\u00edstico genere bienestar y crecimiento econ\u00f3mico\u201d explic\u00f3 la gobernadora de Quintana Roo.<\/p>\n<p>Luego de aterrizar, el vuelo de Copa Air Lines atraves\u00f3 el tradicional arco de agua, con las banderas de M\u00e9xico y Panam\u00e1 en las ventanillas de los pilotos.<\/p>\n<p>La gobernadora de Quintana Roo agradeci\u00f3 a la iniciativa privada, a las autoridades de Copa Airlines representada por David Defossey, su Gerente Regional; a Mar\u00eda Luisa Navarro, Directora Senior de Relaciones con Gobierno; y a Mauro Arredondo, Gerente General Copa Airlines M\u00e9xico, a que apuesten por este nuevo aeropuerto, por nuestro liderazgo tur\u00edstico, por Tulum como centro de nuestra milenaria Cultura Maya y que se sumen al desarrollo del sur de nuestro estado.<\/p>\n<p><img loading=\"lazy\" decoding=\"async\" class=\"aligncenter wp-image-8042 \" src=\"https:\/\/angelsolisnoticias.com\/wp-content\/uploads\/2024\/06\/Mara-Vuelo-Panama4.jpg\" alt=\"\" width=\"615\" height=\"410\" srcset=\"https:\/\/angelsolisnoticias.com\/wp-content\/uploads\/2024\/06\/Mara-Vuelo-Panama4.jpg 720w, https:\/\/angelsolisnoticias.com\/wp-content\/uploads\/2024\/06\/Mara-Vuelo-Panama4-300x200.jpg 300w\" sizes=\"auto, (max-width: 615px) 100vw, 615px\" \/><\/p>\n<p>Acompa\u00f1aron a la gobernadora Mara Lezama el secretario estatal de Turismo, Bernardo Cueto Riestra y el director del Consejo de Promoci\u00f3n Tur\u00edstica de Quintana Roo, Andr\u00e9s Mart\u00ednez Reynoso.<\/p>\n<p>Por \u00faltimo, la gobernadora Mara Lezama recorri\u00f3 el \u00e1rea de migraci\u00f3n y equipaje para constatar una operaci\u00f3n \u00e1gil y eficiente para nuestros visitantes, gracias a la coordinaci\u00f3n con instancias de los tres \u00f3rdenes de gobierno.<\/p>\n","protected":false},"excerpt":{"rendered":"<p>Tulum, 26 de junio Especial El aeropuerto internacional \u201cFelipe Carrillo Puerto\u201d, de Tulum, recibi\u00f3 hoy el primer vuelo de Copa Airlines, convirti\u00e9ndose en la primera aerol\u00ednea en conectar a Tulum y la parte sur de Quintana Roo con el Hub de las Am\u00e9ricas en Panam\u00e1 y con m\u00e1s de 60 <a href=\"https:\/\/angelsolisnoticias.com\/index.php\/2024\/06\/26\/recibe-mara-lezama-primer-vuelo-de-copa-airlines-conectara-tulum-con-hub-de-las-americas-panama\/\" class=\"btn btn-link continue-link\">Seguir leyendo<\/a><\/p>\n","protected":false},"author":1,"featured_media":8041,"comment_status":"open","ping_status":"open","sticky":false,"template":"","format":"standard","meta":{"footnotes":""},"categories":[1],"tags":[],"class_list":["post-8039","post","type-post","status-publish","format-standard","has-post-thumbnail","hentry","category-uncategorized"],"yoast_head":"<!-- This site is optimized with the Yoast SEO plugin v21.1 - https:\/\/yoast.com\/wordpress\/plugins\/seo\/ -->\n<title>Recibe Mara Lezama primer vuelo de Copa Airlines, conectar\u00e1 Tulum con Hub de las Am\u00e9ricas, Panam\u00e1<\/title>\n<meta name=\"description\" content=\".\" \/>\n<meta name=\"robots\" content=\"index, follow, max-snippet:-1, max-image-preview:large, max-video-preview:-1\" \/>\n<link rel=\"canonical\" href=\"https:\/\/angelsolisnoticias.com\/index.php\/2024\/06\/26\/recibe-mara-lezama-primer-vuelo-de-copa-airlines-conectara-tulum-con-hub-de-las-americas-panama\/\" \/>\n<meta property=\"og:locale\" content=\"es_MX\" \/>\n<meta property=\"og:type\" content=\"article\" \/>\n<meta property=\"og:title\" content=\"Recibe Mara Lezama primer vuelo de Copa Airlines, conectar\u00e1 Tulum con Hub de las Am\u00e9ricas, Panam\u00e1\" \/>\n<meta property=\"og:description\" content=\".\" \/>\n<meta property=\"og:url\" content=\"https:\/\/angelsolisnoticias.com\/index.php\/2024\/06\/26\/recibe-mara-lezama-primer-vuelo-de-copa-airlines-conectara-tulum-con-hub-de-las-americas-panama\/\" \/>\n<meta property=\"og:site_name\" content=\"\u00c1ngel Solis\" \/>\n<meta property=\"article:publisher\" content=\"https:\/\/www.facebook.com\/periodistasquintanaroo\" \/>\n<meta property=\"article:published_time\" content=\"2024-06-26T13:31:18+00:00\" \/>\n<meta property=\"article:modified_time\" content=\"2024-06-26T19:40:32+00:00\" \/>\n<meta property=\"og:image\" content=\"https:\/\/angelsolisnoticias.com\/wp-content\/uploads\/2024\/06\/Mara-Vuelo-Panama5.jpg\" \/>\n\t<meta property=\"og:image:width\" content=\"800\" \/>\n\t<meta property=\"og:image:height\" content=\"569\" \/>\n\t<meta property=\"og:image:type\" content=\"image\/jpeg\" \/>\n<meta name=\"author\" content=\"admin\" \/>\n<meta name=\"twitter:card\" content=\"summary_large_image\" \/>\n<meta name=\"twitter:creator\" content=\"@PERIODISTASQROO\" \/>\n<meta name=\"twitter:site\" content=\"@PERIODISTASQROO\" \/>\n<meta name=\"twitter:label1\" content=\"Escrito por\" \/>\n\t<meta name=\"twitter:data1\" content=\"admin\" \/>\n\t<meta name=\"twitter:label2\" content=\"Tiempo de lectura\" \/>\n\t<meta name=\"twitter:data2\" content=\"4 minutos\" \/>\n<script type=\"application\/ld+json\" class=\"yoast-schema-graph\">{\"@context\":\"https:\/\/schema.org\",\"@graph\":[{\"@type\":\"Article\",\"@id\":\"https:\/\/angelsolisnoticias.com\/index.php\/2024\/06\/26\/recibe-mara-lezama-primer-vuelo-de-copa-airlines-conectara-tulum-con-hub-de-las-americas-panama\/#article\",\"isPartOf\":{\"@id\":\"https:\/\/angelsolisnoticias.com\/index.php\/2024\/06\/26\/recibe-mara-lezama-primer-vuelo-de-copa-airlines-conectara-tulum-con-hub-de-las-americas-panama\/\"},\"author\":{\"name\":\"admin\",\"@id\":\"https:\/\/angelsolisnoticias.com\/#\/schema\/person\/d5ca5e4c5f05db44e86cb564bf81ae6f\"},\"headline\":\"Recibe Mara Lezama primer vuelo de Copa Airlines, conectar\u00e1 Tulum con Hub de las Am\u00e9ricas, Panam\u00e1\",\"datePublished\":\"2024-06-26T13:31:18+00:00\",\"dateModified\":\"2024-06-26T19:40:32+00:00\",\"mainEntityOfPage\":{\"@id\":\"https:\/\/angelsolisnoticias.com\/index.php\/2024\/06\/26\/recibe-mara-lezama-primer-vuelo-de-copa-airlines-conectara-tulum-con-hub-de-las-americas-panama\/\"},\"wordCount\":597,\"commentCount\":0,\"publisher\":{\"@id\":\"https:\/\/angelsolisnoticias.com\/#organization\"},\"articleSection\":[\"Uncategorized\"],\"inLanguage\":\"es\",\"potentialAction\":[{\"@type\":\"CommentAction\",\"name\":\"Comment\",\"target\":[\"https:\/\/angelsolisnoticias.com\/index.php\/2024\/06\/26\/recibe-mara-lezama-primer-vuelo-de-copa-airlines-conectara-tulum-con-hub-de-las-americas-panama\/#respond\"]}]},{\"@type\":\"WebPage\",\"@id\":\"https:\/\/angelsolisnoticias.com\/index.php\/2024\/06\/26\/recibe-mara-lezama-primer-vuelo-de-copa-airlines-conectara-tulum-con-hub-de-las-americas-panama\/\",\"url\":\"https:\/\/angelsolisnoticias.com\/index.php\/2024\/06\/26\/recibe-mara-lezama-primer-vuelo-de-copa-airlines-conectara-tulum-con-hub-de-las-americas-panama\/\",\"name\":\"Recibe Mara Lezama primer vuelo de Copa Airlines, conectar\u00e1 Tulum con Hub de las Am\u00e9ricas, Panam\u00e1\",\"isPartOf\":{\"@id\":\"https:\/\/angelsolisnoticias.com\/#website\"},\"datePublished\":\"2024-06-26T13:31:18+00:00\",\"dateModified\":\"2024-06-26T19:40:32+00:00\",\"description\":\".\",\"breadcrumb\":{\"@id\":\"https:\/\/angelsolisnoticias.com\/index.php\/2024\/06\/26\/recibe-mara-lezama-primer-vuelo-de-copa-airlines-conectara-tulum-con-hub-de-las-americas-panama\/#breadcrumb\"},\"inLanguage\":\"es\",\"potentialAction\":[{\"@type\":\"ReadAction\",\"target\":[\"https:\/\/angelsolisnoticias.com\/index.php\/2024\/06\/26\/recibe-mara-lezama-primer-vuelo-de-copa-airlines-conectara-tulum-con-hub-de-las-americas-panama\/\"]}]},{\"@type\":\"BreadcrumbList\",\"@id\":\"https:\/\/angelsolisnoticias.com\/index.php\/2024\/06\/26\/recibe-mara-lezama-primer-vuelo-de-copa-airlines-conectara-tulum-con-hub-de-las-americas-panama\/#breadcrumb\",\"itemListElement\":[{\"@type\":\"ListItem\",\"position\":1,\"name\":\"Inicio\",\"item\":\"https:\/\/angelsolisnoticias.com\/\"},{\"@type\":\"ListItem\",\"position\":2,\"name\":\"Recibe Mara Lezama primer vuelo de Copa Airlines, conectar\u00e1 Tulum con Hub de las Am\u00e9ricas, Panam\u00e1\"}]},{\"@type\":\"WebSite\",\"@id\":\"https:\/\/angelsolisnoticias.com\/#website\",\"url\":\"https:\/\/angelsolisnoticias.com\/\",\"name\":\"\u00c1ngel Solis\",\"description\":\"Noticias de Quintana Roo\",\"publisher\":{\"@id\":\"https:\/\/angelsolisnoticias.com\/#organization\"},\"potentialAction\":[{\"@type\":\"SearchAction\",\"target\":{\"@type\":\"EntryPoint\",\"urlTemplate\":\"https:\/\/angelsolisnoticias.com\/?s={search_term_string}\"},\"query-input\":\"required name=search_term_string\"}],\"inLanguage\":\"es\"},{\"@type\":\"Organization\",\"@id\":\"https:\/\/angelsolisnoticias.com\/#organization\",\"name\":\"\u00c1ngel Solis\",\"url\":\"https:\/\/angelsolisnoticias.com\/\",\"logo\":{\"@type\":\"ImageObject\",\"inLanguage\":\"es\",\"@id\":\"https:\/\/angelsolisnoticias.com\/#\/schema\/logo\/image\/\",\"url\":\"https:\/\/angelsolisnoticias.com\/wp-content\/uploads\/2023\/01\/LOGO3.png\",\"contentUrl\":\"https:\/\/angelsolisnoticias.com\/wp-content\/uploads\/2023\/01\/LOGO3.png\",\"width\":1853,\"height\":570,\"caption\":\"\u00c1ngel Solis\"},\"image\":{\"@id\":\"https:\/\/angelsolisnoticias.com\/#\/schema\/logo\/image\/\"},\"sameAs\":[\"https:\/\/www.facebook.com\/periodistasquintanaroo\",\"https:\/\/twitter.com\/PERIODISTASQROO\"]},{\"@type\":\"Person\",\"@id\":\"https:\/\/angelsolisnoticias.com\/#\/schema\/person\/d5ca5e4c5f05db44e86cb564bf81ae6f\",\"name\":\"admin\",\"image\":{\"@type\":\"ImageObject\",\"inLanguage\":\"es\",\"@id\":\"https:\/\/angelsolisnoticias.com\/#\/schema\/person\/image\/\",\"url\":\"https:\/\/secure.gravatar.com\/avatar\/dff3eaf7d33320066684ce268bff2bf90ce4f69456139b2d65d7796f64299e47?s=96&d=mm&r=g\",\"contentUrl\":\"https:\/\/secure.gravatar.com\/avatar\/dff3eaf7d33320066684ce268bff2bf90ce4f69456139b2d65d7796f64299e47?s=96&d=mm&r=g\",\"caption\":\"admin\"},\"sameAs\":[\"https:\/\/angelsolisnoticias.com\"],\"url\":\"https:\/\/angelsolisnoticias.com\/index.php\/author\/admin_qnbaat5l\/\"}]}<\/script>\n<!-- \/ Yoast SEO plugin. -->","yoast_head_json":{"title":"Recibe Mara Lezama primer vuelo de Copa Airlines, conectar\u00e1 Tulum con Hub de las Am\u00e9ricas, Panam\u00e1","description":".","robots":{"index":"index","follow":"follow","max-snippet":"max-snippet:-1","max-image-preview":"max-image-preview:large","max-video-preview":"max-video-preview:-1"},"canonical":"https:\/\/angelsolisnoticias.com\/index.php\/2024\/06\/26\/recibe-mara-lezama-primer-vuelo-de-copa-airlines-conectara-tulum-con-hub-de-las-americas-panama\/","og_locale":"es_MX","og_type":"article","og_title":"Recibe Mara Lezama primer vuelo de Copa Airlines, conectar\u00e1 Tulum con Hub de las Am\u00e9ricas, Panam\u00e1","og_description":".","og_url":"https:\/\/angelsolisnoticias.com\/index.php\/2024\/06\/26\/recibe-mara-lezama-primer-vuelo-de-copa-airlines-conectara-tulum-con-hub-de-las-americas-panama\/","og_site_name":"\u00c1ngel Solis","article_publisher":"https:\/\/www.facebook.com\/periodistasquintanaroo","article_published_time":"2024-06-26T13:31:18+00:00","article_modified_time":"2024-06-26T19:40:32+00:00","og_image":[{"width":800,"height":569,"url":"https:\/\/angelsolisnoticias.com\/wp-content\/uploads\/2024\/06\/Mara-Vuelo-Panama5.jpg","type":"image\/jpeg"}],"author":"admin","twitter_card":"summary_large_image","twitter_creator":"@PERIODISTASQROO","twitter_site":"@PERIODISTASQROO","twitter_misc":{"Escrito por":"admin","Tiempo de lectura":"4 minutos"},"schema":{"@context":"https:\/\/schema.org","@graph":[{"@type":"Article","@id":"https:\/\/angelsolisnoticias.com\/index.php\/2024\/06\/26\/recibe-mara-lezama-primer-vuelo-de-copa-airlines-conectara-tulum-con-hub-de-las-americas-panama\/#article","isPartOf":{"@id":"https:\/\/angelsolisnoticias.com\/index.php\/2024\/06\/26\/recibe-mara-lezama-primer-vuelo-de-copa-airlines-conectara-tulum-con-hub-de-las-americas-panama\/"},"author":{"name":"admin","@id":"https:\/\/angelsolisnoticias.com\/#\/schema\/person\/d5ca5e4c5f05db44e86cb564bf81ae6f"},"headline":"Recibe Mara Lezama primer vuelo de Copa Airlines, conectar\u00e1 Tulum con Hub de las Am\u00e9ricas, Panam\u00e1","datePublished":"2024-06-26T13:31:18+00:00","dateModified":"2024-06-26T19:40:32+00:00","mainEntityOfPage":{"@id":"https:\/\/angelsolisnoticias.com\/index.php\/2024\/06\/26\/recibe-mara-lezama-primer-vuelo-de-copa-airlines-conectara-tulum-con-hub-de-las-americas-panama\/"},"wordCount":597,"commentCount":0,"publisher":{"@id":"https:\/\/angelsolisnoticias.com\/#organization"},"articleSection":["Uncategorized"],"inLanguage":"es","potentialAction":[{"@type":"CommentAction","name":"Comment","target":["https:\/\/angelsolisnoticias.com\/index.php\/2024\/06\/26\/recibe-mara-lezama-primer-vuelo-de-copa-airlines-conectara-tulum-con-hub-de-las-americas-panama\/#respond"]}]},{"@type":"WebPage","@id":"https:\/\/angelsolisnoticias.com\/index.php\/2024\/06\/26\/recibe-mara-lezama-primer-vuelo-de-copa-airlines-conectara-tulum-con-hub-de-las-americas-panama\/","url":"https:\/\/angelsolisnoticias.com\/index.php\/2024\/06\/26\/recibe-mara-lezama-primer-vuelo-de-copa-airlines-conectara-tulum-con-hub-de-las-americas-panama\/","name":"Recibe Mara Lezama primer vuelo de Copa Airlines, conectar\u00e1 Tulum con Hub de las Am\u00e9ricas, Panam\u00e1","isPartOf":{"@id":"https:\/\/angelsolisnoticias.com\/#website"},"datePublished":"2024-06-26T13:31:18+00:00","dateModified":"2024-06-26T19:40:32+00:00","description":".","breadcrumb":{"@id":"https:\/\/angelsolisnoticias.com\/index.php\/2024\/06\/26\/recibe-mara-lezama-primer-vuelo-de-copa-airlines-conectara-tulum-con-hub-de-las-americas-panama\/#breadcrumb"},"inLanguage":"es","potentialAction":[{"@type":"ReadAction","target":["https:\/\/angelsolisnoticias.com\/index.php\/2024\/06\/26\/recibe-mara-lezama-primer-vuelo-de-copa-airlines-conectara-tulum-con-hub-de-las-americas-panama\/"]}]},{"@type":"BreadcrumbList","@id":"https:\/\/angelsolisnoticias.com\/index.php\/2024\/06\/26\/recibe-mara-lezama-primer-vuelo-de-copa-airlines-conectara-tulum-con-hub-de-las-americas-panama\/#breadcrumb","itemListElement":[{"@type":"ListItem","position":1,"name":"Inicio","item":"https:\/\/angelsolisnoticias.com\/"},{"@type":"ListItem","position":2,"name":"Recibe Mara Lezama primer vuelo de Copa Airlines, conectar\u00e1 Tulum con Hub de las Am\u00e9ricas, Panam\u00e1"}]},{"@type":"WebSite","@id":"https:\/\/angelsolisnoticias.com\/#website","url":"https:\/\/angelsolisnoticias.com\/","name":"\u00c1ngel Solis","description":"Noticias de Quintana Roo","publisher":{"@id":"https:\/\/angelsolisnoticias.com\/#organization"},"potentialAction":[{"@type":"SearchAction","target":{"@type":"EntryPoint","urlTemplate":"https:\/\/angelsolisnoticias.com\/?s={search_term_string}"},"query-input":"required name=search_term_string"}],"inLanguage":"es"},{"@type":"Organization","@id":"https:\/\/angelsolisnoticias.com\/#organization","name":"\u00c1ngel Solis","url":"https:\/\/angelsolisnoticias.com\/","logo":{"@type":"ImageObject","inLanguage":"es","@id":"https:\/\/angelsolisnoticias.com\/#\/schema\/logo\/image\/","url":"https:\/\/angelsolisnoticias.com\/wp-content\/uploads\/2023\/01\/LOGO3.png","contentUrl":"https:\/\/angelsolisnoticias.com\/wp-content\/uploads\/2023\/01\/LOGO3.png","width":1853,"height":570,"caption":"\u00c1ngel Solis"},"image":{"@id":"https:\/\/angelsolisnoticias.com\/#\/schema\/logo\/image\/"},"sameAs":["https:\/\/www.facebook.com\/periodistasquintanaroo","https:\/\/twitter.com\/PERIODISTASQROO"]},{"@type":"Person","@id":"https:\/\/angelsolisnoticias.com\/#\/schema\/person\/d5ca5e4c5f05db44e86cb564bf81ae6f","name":"admin","image":{"@type":"ImageObject","inLanguage":"es","@id":"https:\/\/angelsolisnoticias.com\/#\/schema\/person\/image\/","url":"https:\/\/secure.gravatar.com\/avatar\/dff3eaf7d33320066684ce268bff2bf90ce4f69456139b2d65d7796f64299e47?s=96&d=mm&r=g","contentUrl":"https:\/\/secure.gravatar.com\/avatar\/dff3eaf7d33320066684ce268bff2bf90ce4f69456139b2d65d7796f64299e47?s=96&d=mm&r=g","caption":"admin"},"sameAs":["https:\/\/angelsolisnoticias.com"],"url":"https:\/\/angelsolisnoticias.com\/index.php\/author\/admin_qnbaat5l\/"}]}},"jetpack_featured_media_url":"https:\/\/angelsolisnoticias.com\/wp-content\/uploads\/2024\/06\/Mara-Vuelo-Panama5.jpg","_links":{"self":[{"href":"https:\/\/angelsolisnoticias.com\/index.php\/wp-json\/wp\/v2\/posts\/8039","targetHints":{"allow":["GET"]}}],"collection":[{"href":"https:\/\/angelsolisnoticias.com\/index.php\/wp-json\/wp\/v2\/posts"}],"about":[{"href":"https:\/\/angelsolisnoticias.com\/index.php\/wp-json\/wp\/v2\/types\/post"}],"author":[{"embeddable":true,"href":"https:\/\/angelsolisnoticias.com\/index.php\/wp-json\/wp\/v2\/users\/1"}],"replies":[{"embeddable":true,"href":"https:\/\/angelsolisnoticias.com\/index.php\/wp-json\/wp\/v2\/comments?post=8039"}],"version-history":[{"count":3,"href":"https:\/\/angelsolisnoticias.com\/index.php\/wp-json\/wp\/v2\/posts\/8039\/revisions"}],"predecessor-version":[{"id":8046,"href":"https:\/\/angelsolisnoticias.com\/index.php\/wp-json\/wp\/v2\/posts\/8039\/revisions\/8046"}],"wp:featuredmedia":[{"embeddable":true,"href":"https:\/\/angelsolisnoticias.com\/index.php\/wp-json\/wp\/v2\/media\/8041"}],"wp:attachment":[{"href":"https:\/\/angelsolisnoticias.com\/index.php\/wp-json\/wp\/v2\/media?parent=8039"}],"wp:term":[{"taxonomy":"category","embeddable":true,"href":"https:\/\/angelsolisnoticias.com\/index.php\/wp-json\/wp\/v2\/categories?post=8039"},{"taxonomy":"post_tag","embeddable":true,"href":"https:\/\/angelsolisnoticias.com\/index.php\/wp-json\/wp\/v2\/tags?post=8039"}],"curies":[{"name":"wp","href":"https:\/\/api.w.org\/{rel}","templated":true}]}}