{"id":8047,"date":"2024-06-25T17:36:04","date_gmt":"2024-06-25T17:36:04","guid":{"rendered":"https:\/\/angelsolisnoticias.com\/?p=8047"},"modified":"2024-06-26T20:02:57","modified_gmt":"2024-06-26T20:02:57","slug":"solidaridad-logra-reforma-que-sanciona-el-robo-de-motocicletas-y-motonetas-en-el-estado","status":"publish","type":"post","link":"https:\/\/angelsolisnoticias.com\/index.php\/2024\/06\/25\/solidaridad-logra-reforma-que-sanciona-el-robo-de-motocicletas-y-motonetas-en-el-estado\/","title":{"rendered":"Solidaridad logra reforma que sanciona el robo de motocicletas y motonetas en el Estado"},"content":{"rendered":"<p>Playa del Carmen, Solidaridad a 25 de junio del 2024<br \/>\nEspecial<\/p>\n<p>En la Vig\u00e9sima Cuarta Sesi\u00f3n Ordinaria de la Comisi\u00f3n de Movilidad, se inform\u00f3 sobre la reforma al art\u00edculo 146 bis del C\u00f3digo Penal del Estado, que tipifica el robo de veh\u00edculos automotor en cuanto a motocicletas y motonetas.<\/p>\n<p>Dicha modificaci\u00f3n fue aprobada de forma un\u00e1nime por el Ayuntamiento de Solidaridad dirigido por la presidenta municipal Lili Campos, beneficiando no solo al municipio, sino a todo el Estado.<\/p>\n<p>Adri\u00e1n P\u00e9rez Vera, S\u00edndico municipal y presidente de la Comisi\u00f3n, explic\u00f3 que la propuesta de modificaci\u00f3n al art\u00edculo 146 Bis del C\u00f3digo Penal del Estado la present\u00f3\u00a0 junto con el secretario y regidor Rodolfo del \u00c1ngel Campos, en trabajo colaborativo con Samuel G\u00f3mez y Ricardo Moreno de la asociaci\u00f3n Motociclistas Solidarios, A.C. debido a que, \u201canteriormente, el robo de motocicletas y motonetas no estaba tipificado en la legislaci\u00f3n, lo que facilitaba la comisi\u00f3n de este delito\u201d.<\/p>\n<p><a href=\"https:\/\/angelsolisnoticias.com\/wp-content\/uploads\/2024\/06\/Solidaridad-Robo-Motocicletas4.jpg\"><img loading=\"lazy\" decoding=\"async\" class=\"aligncenter wp-image-8049 \" src=\"https:\/\/angelsolisnoticias.com\/wp-content\/uploads\/2024\/06\/Solidaridad-Robo-Motocicletas4.jpg\" alt=\"\" width=\"547\" height=\"420\" srcset=\"https:\/\/angelsolisnoticias.com\/wp-content\/uploads\/2024\/06\/Solidaridad-Robo-Motocicletas4.jpg 720w, https:\/\/angelsolisnoticias.com\/wp-content\/uploads\/2024\/06\/Solidaridad-Robo-Motocicletas4-300x230.jpg 300w\" sizes=\"auto, (max-width: 547px) 100vw, 547px\" \/><\/a><\/p>\n<p>Abund\u00f3 que, la iniciativa fue aprobada inicialmente por el Cabildo de Solidaridad el 28 de diciembre de 2022 y, posteriormente, por el Congreso del Estado el 14 de diciembre de 2023, public\u00e1ndose en el Diario Oficial de la Federaci\u00f3n el 21 de diciembre de 2023. El texto del art\u00edculo reformado establece: \u201ccuando se trate del robo de un veh\u00edculo automotor terrestre que sea objeto de registro conforme a la ley de la materia, incluyendo motocicletas y motonetas, la pena ser\u00e1 de cuatro a ocho a\u00f1os de prisi\u00f3n y de cien a trescientos d\u00edas de multa. Asimismo resalt\u00f3 la importancia de perseguir y sancionar dichas acciones toda ve que muchos delitos son ejecutados con motocicletas robadas\u201d<\/p>\n<p><a href=\"https:\/\/angelsolisnoticias.com\/wp-content\/uploads\/2024\/06\/Solidaridad-Robo-Motocicletas3.jpg\"><img loading=\"lazy\" decoding=\"async\" class=\"aligncenter wp-image-8050 \" src=\"https:\/\/angelsolisnoticias.com\/wp-content\/uploads\/2024\/06\/Solidaridad-Robo-Motocicletas3.jpg\" alt=\"\" width=\"596\" height=\"363\" srcset=\"https:\/\/angelsolisnoticias.com\/wp-content\/uploads\/2024\/06\/Solidaridad-Robo-Motocicletas3.jpg 720w, https:\/\/angelsolisnoticias.com\/wp-content\/uploads\/2024\/06\/Solidaridad-Robo-Motocicletas3-300x183.jpg 300w\" sizes=\"auto, (max-width: 596px) 100vw, 596px\" \/><\/a><\/p>\n<p>Durante la misma sesi\u00f3n, el secretario t\u00e9cnico Javier Res\u00e9ndiz present\u00f3 el informe y agradeci\u00f3 a la direcci\u00f3n de Tr\u00e1nsito de la Secretar\u00eda de Seguridad Ciudadana por haber atendido la solicitud del s\u00edndico y asociaciones civiles, al realizar trabajos para el confinamiento de la ciclov\u00eda ubicada en la avenida Constituyentes en el tramo comprendido entre la avenida 10 y avenida 30 en ambas aceras, con el fin de dotar de mayor movilidad y seguridad a los ciudadanos que hacen uso de la bicicleta.<\/p>\n<p><a href=\"https:\/\/angelsolisnoticias.com\/wp-content\/uploads\/2024\/06\/Solidaridad-Robo-Motocicletas2.jpg\"><img loading=\"lazy\" decoding=\"async\" class=\"aligncenter wp-image-8051 \" src=\"https:\/\/angelsolisnoticias.com\/wp-content\/uploads\/2024\/06\/Solidaridad-Robo-Motocicletas2.jpg\" alt=\"\" width=\"603\" height=\"518\" srcset=\"https:\/\/angelsolisnoticias.com\/wp-content\/uploads\/2024\/06\/Solidaridad-Robo-Motocicletas2.jpg 720w, https:\/\/angelsolisnoticias.com\/wp-content\/uploads\/2024\/06\/Solidaridad-Robo-Motocicletas2-300x258.jpg 300w\" sizes=\"auto, (max-width: 603px) 100vw, 603px\" \/><\/a><\/p>\n","protected":false},"excerpt":{"rendered":"<p>Playa del Carmen, Solidaridad a 25 de junio del 2024 Especial En la Vig\u00e9sima Cuarta Sesi\u00f3n Ordinaria de la Comisi\u00f3n de Movilidad, se inform\u00f3 sobre la reforma al art\u00edculo 146 bis del C\u00f3digo Penal del Estado, que tipifica el robo de veh\u00edculos automotor en cuanto a motocicletas y motonetas. Dicha <a href=\"https:\/\/angelsolisnoticias.com\/index.php\/2024\/06\/25\/solidaridad-logra-reforma-que-sanciona-el-robo-de-motocicletas-y-motonetas-en-el-estado\/\" class=\"btn btn-link continue-link\">Seguir leyendo<\/a><\/p>\n","protected":false},"author":1,"featured_media":8052,"comment_status":"open","ping_status":"open","sticky":false,"template":"","format":"standard","meta":{"footnotes":""},"categories":[6,1],"tags":[],"class_list":["post-8047","post","type-post","status-publish","format-standard","has-post-thumbnail","hentry","category-solidaridad","category-uncategorized"],"yoast_head":"<!-- This site is optimized with the Yoast SEO plugin v21.1 - https:\/\/yoast.com\/wordpress\/plugins\/seo\/ -->\n<title>Solidaridad logra reforma que sanciona el robo de motocicletas y motonetas en el Estado<\/title>\n<meta name=\"description\" content=\".\" \/>\n<meta name=\"robots\" content=\"index, follow, max-snippet:-1, max-image-preview:large, max-video-preview:-1\" \/>\n<link rel=\"canonical\" href=\"https:\/\/angelsolisnoticias.com\/index.php\/2024\/06\/25\/solidaridad-logra-reforma-que-sanciona-el-robo-de-motocicletas-y-motonetas-en-el-estado\/\" \/>\n<meta property=\"og:locale\" content=\"es_MX\" \/>\n<meta property=\"og:type\" content=\"article\" \/>\n<meta property=\"og:title\" content=\"Solidaridad logra reforma que sanciona el robo de motocicletas y motonetas en el Estado\" \/>\n<meta property=\"og:description\" content=\".\" \/>\n<meta property=\"og:url\" content=\"https:\/\/angelsolisnoticias.com\/index.php\/2024\/06\/25\/solidaridad-logra-reforma-que-sanciona-el-robo-de-motocicletas-y-motonetas-en-el-estado\/\" \/>\n<meta property=\"og:site_name\" content=\"\u00c1ngel Solis\" \/>\n<meta property=\"article:publisher\" content=\"https:\/\/www.facebook.com\/periodistasquintanaroo\" \/>\n<meta property=\"article:published_time\" content=\"2024-06-25T17:36:04+00:00\" \/>\n<meta property=\"article:modified_time\" content=\"2024-06-26T20:02:57+00:00\" \/>\n<meta property=\"og:image\" content=\"https:\/\/angelsolisnoticias.com\/wp-content\/uploads\/2024\/06\/Solidaridad-Robo-Motocicletas1.jpg\" \/>\n\t<meta property=\"og:image:width\" content=\"800\" \/>\n\t<meta property=\"og:image:height\" content=\"569\" \/>\n\t<meta property=\"og:image:type\" content=\"image\/jpeg\" \/>\n<meta name=\"author\" content=\"admin\" \/>\n<meta name=\"twitter:card\" content=\"summary_large_image\" \/>\n<meta name=\"twitter:creator\" content=\"@PERIODISTASQROO\" \/>\n<meta name=\"twitter:site\" content=\"@PERIODISTASQROO\" \/>\n<meta name=\"twitter:label1\" content=\"Escrito por\" \/>\n\t<meta name=\"twitter:data1\" content=\"admin\" \/>\n\t<meta name=\"twitter:label2\" content=\"Tiempo de lectura\" \/>\n\t<meta name=\"twitter:data2\" content=\"3 minutos\" \/>\n<script type=\"application\/ld+json\" class=\"yoast-schema-graph\">{\"@context\":\"https:\/\/schema.org\",\"@graph\":[{\"@type\":\"Article\",\"@id\":\"https:\/\/angelsolisnoticias.com\/index.php\/2024\/06\/25\/solidaridad-logra-reforma-que-sanciona-el-robo-de-motocicletas-y-motonetas-en-el-estado\/#article\",\"isPartOf\":{\"@id\":\"https:\/\/angelsolisnoticias.com\/index.php\/2024\/06\/25\/solidaridad-logra-reforma-que-sanciona-el-robo-de-motocicletas-y-motonetas-en-el-estado\/\"},\"author\":{\"name\":\"admin\",\"@id\":\"https:\/\/angelsolisnoticias.com\/#\/schema\/person\/d5ca5e4c5f05db44e86cb564bf81ae6f\"},\"headline\":\"Solidaridad logra reforma que sanciona el robo de motocicletas y motonetas en el Estado\",\"datePublished\":\"2024-06-25T17:36:04+00:00\",\"dateModified\":\"2024-06-26T20:02:57+00:00\",\"mainEntityOfPage\":{\"@id\":\"https:\/\/angelsolisnoticias.com\/index.php\/2024\/06\/25\/solidaridad-logra-reforma-que-sanciona-el-robo-de-motocicletas-y-motonetas-en-el-estado\/\"},\"wordCount\":388,\"commentCount\":0,\"publisher\":{\"@id\":\"https:\/\/angelsolisnoticias.com\/#organization\"},\"articleSection\":[\"Solidaridad\",\"Uncategorized\"],\"inLanguage\":\"es\",\"potentialAction\":[{\"@type\":\"CommentAction\",\"name\":\"Comment\",\"target\":[\"https:\/\/angelsolisnoticias.com\/index.php\/2024\/06\/25\/solidaridad-logra-reforma-que-sanciona-el-robo-de-motocicletas-y-motonetas-en-el-estado\/#respond\"]}]},{\"@type\":\"WebPage\",\"@id\":\"https:\/\/angelsolisnoticias.com\/index.php\/2024\/06\/25\/solidaridad-logra-reforma-que-sanciona-el-robo-de-motocicletas-y-motonetas-en-el-estado\/\",\"url\":\"https:\/\/angelsolisnoticias.com\/index.php\/2024\/06\/25\/solidaridad-logra-reforma-que-sanciona-el-robo-de-motocicletas-y-motonetas-en-el-estado\/\",\"name\":\"Solidaridad logra reforma que sanciona el robo de motocicletas y motonetas en el Estado\",\"isPartOf\":{\"@id\":\"https:\/\/angelsolisnoticias.com\/#website\"},\"datePublished\":\"2024-06-25T17:36:04+00:00\",\"dateModified\":\"2024-06-26T20:02:57+00:00\",\"description\":\".\",\"breadcrumb\":{\"@id\":\"https:\/\/angelsolisnoticias.com\/index.php\/2024\/06\/25\/solidaridad-logra-reforma-que-sanciona-el-robo-de-motocicletas-y-motonetas-en-el-estado\/#breadcrumb\"},\"inLanguage\":\"es\",\"potentialAction\":[{\"@type\":\"ReadAction\",\"target\":[\"https:\/\/angelsolisnoticias.com\/index.php\/2024\/06\/25\/solidaridad-logra-reforma-que-sanciona-el-robo-de-motocicletas-y-motonetas-en-el-estado\/\"]}]},{\"@type\":\"BreadcrumbList\",\"@id\":\"https:\/\/angelsolisnoticias.com\/index.php\/2024\/06\/25\/solidaridad-logra-reforma-que-sanciona-el-robo-de-motocicletas-y-motonetas-en-el-estado\/#breadcrumb\",\"itemListElement\":[{\"@type\":\"ListItem\",\"position\":1,\"name\":\"Inicio\",\"item\":\"https:\/\/angelsolisnoticias.com\/\"},{\"@type\":\"ListItem\",\"position\":2,\"name\":\"Solidaridad logra reforma que sanciona el robo de motocicletas y motonetas en el Estado\"}]},{\"@type\":\"WebSite\",\"@id\":\"https:\/\/angelsolisnoticias.com\/#website\",\"url\":\"https:\/\/angelsolisnoticias.com\/\",\"name\":\"\u00c1ngel Solis\",\"description\":\"Noticias de Quintana Roo\",\"publisher\":{\"@id\":\"https:\/\/angelsolisnoticias.com\/#organization\"},\"potentialAction\":[{\"@type\":\"SearchAction\",\"target\":{\"@type\":\"EntryPoint\",\"urlTemplate\":\"https:\/\/angelsolisnoticias.com\/?s={search_term_string}\"},\"query-input\":\"required name=search_term_string\"}],\"inLanguage\":\"es\"},{\"@type\":\"Organization\",\"@id\":\"https:\/\/angelsolisnoticias.com\/#organization\",\"name\":\"\u00c1ngel Solis\",\"url\":\"https:\/\/angelsolisnoticias.com\/\",\"logo\":{\"@type\":\"ImageObject\",\"inLanguage\":\"es\",\"@id\":\"https:\/\/angelsolisnoticias.com\/#\/schema\/logo\/image\/\",\"url\":\"https:\/\/angelsolisnoticias.com\/wp-content\/uploads\/2023\/01\/LOGO3.png\",\"contentUrl\":\"https:\/\/angelsolisnoticias.com\/wp-content\/uploads\/2023\/01\/LOGO3.png\",\"width\":1853,\"height\":570,\"caption\":\"\u00c1ngel Solis\"},\"image\":{\"@id\":\"https:\/\/angelsolisnoticias.com\/#\/schema\/logo\/image\/\"},\"sameAs\":[\"https:\/\/www.facebook.com\/periodistasquintanaroo\",\"https:\/\/twitter.com\/PERIODISTASQROO\"]},{\"@type\":\"Person\",\"@id\":\"https:\/\/angelsolisnoticias.com\/#\/schema\/person\/d5ca5e4c5f05db44e86cb564bf81ae6f\",\"name\":\"admin\",\"image\":{\"@type\":\"ImageObject\",\"inLanguage\":\"es\",\"@id\":\"https:\/\/angelsolisnoticias.com\/#\/schema\/person\/image\/\",\"url\":\"https:\/\/secure.gravatar.com\/avatar\/dff3eaf7d33320066684ce268bff2bf90ce4f69456139b2d65d7796f64299e47?s=96&d=mm&r=g\",\"contentUrl\":\"https:\/\/secure.gravatar.com\/avatar\/dff3eaf7d33320066684ce268bff2bf90ce4f69456139b2d65d7796f64299e47?s=96&d=mm&r=g\",\"caption\":\"admin\"},\"sameAs\":[\"https:\/\/angelsolisnoticias.com\"],\"url\":\"https:\/\/angelsolisnoticias.com\/index.php\/author\/admin_qnbaat5l\/\"}]}<\/script>\n<!-- \/ Yoast SEO plugin. -->","yoast_head_json":{"title":"Solidaridad logra reforma que sanciona el robo de motocicletas y motonetas en el Estado","description":".","robots":{"index":"index","follow":"follow","max-snippet":"max-snippet:-1","max-image-preview":"max-image-preview:large","max-video-preview":"max-video-preview:-1"},"canonical":"https:\/\/angelsolisnoticias.com\/index.php\/2024\/06\/25\/solidaridad-logra-reforma-que-sanciona-el-robo-de-motocicletas-y-motonetas-en-el-estado\/","og_locale":"es_MX","og_type":"article","og_title":"Solidaridad logra reforma que sanciona el robo de motocicletas y motonetas en el Estado","og_description":".","og_url":"https:\/\/angelsolisnoticias.com\/index.php\/2024\/06\/25\/solidaridad-logra-reforma-que-sanciona-el-robo-de-motocicletas-y-motonetas-en-el-estado\/","og_site_name":"\u00c1ngel Solis","article_publisher":"https:\/\/www.facebook.com\/periodistasquintanaroo","article_published_time":"2024-06-25T17:36:04+00:00","article_modified_time":"2024-06-26T20:02:57+00:00","og_image":[{"width":800,"height":569,"url":"https:\/\/angelsolisnoticias.com\/wp-content\/uploads\/2024\/06\/Solidaridad-Robo-Motocicletas1.jpg","type":"image\/jpeg"}],"author":"admin","twitter_card":"summary_large_image","twitter_creator":"@PERIODISTASQROO","twitter_site":"@PERIODISTASQROO","twitter_misc":{"Escrito por":"admin","Tiempo de lectura":"3 minutos"},"schema":{"@context":"https:\/\/schema.org","@graph":[{"@type":"Article","@id":"https:\/\/angelsolisnoticias.com\/index.php\/2024\/06\/25\/solidaridad-logra-reforma-que-sanciona-el-robo-de-motocicletas-y-motonetas-en-el-estado\/#article","isPartOf":{"@id":"https:\/\/angelsolisnoticias.com\/index.php\/2024\/06\/25\/solidaridad-logra-reforma-que-sanciona-el-robo-de-motocicletas-y-motonetas-en-el-estado\/"},"author":{"name":"admin","@id":"https:\/\/angelsolisnoticias.com\/#\/schema\/person\/d5ca5e4c5f05db44e86cb564bf81ae6f"},"headline":"Solidaridad logra reforma que sanciona el robo de motocicletas y motonetas en el Estado","datePublished":"2024-06-25T17:36:04+00:00","dateModified":"2024-06-26T20:02:57+00:00","mainEntityOfPage":{"@id":"https:\/\/angelsolisnoticias.com\/index.php\/2024\/06\/25\/solidaridad-logra-reforma-que-sanciona-el-robo-de-motocicletas-y-motonetas-en-el-estado\/"},"wordCount":388,"commentCount":0,"publisher":{"@id":"https:\/\/angelsolisnoticias.com\/#organization"},"articleSection":["Solidaridad","Uncategorized"],"inLanguage":"es","potentialAction":[{"@type":"CommentAction","name":"Comment","target":["https:\/\/angelsolisnoticias.com\/index.php\/2024\/06\/25\/solidaridad-logra-reforma-que-sanciona-el-robo-de-motocicletas-y-motonetas-en-el-estado\/#respond"]}]},{"@type":"WebPage","@id":"https:\/\/angelsolisnoticias.com\/index.php\/2024\/06\/25\/solidaridad-logra-reforma-que-sanciona-el-robo-de-motocicletas-y-motonetas-en-el-estado\/","url":"https:\/\/angelsolisnoticias.com\/index.php\/2024\/06\/25\/solidaridad-logra-reforma-que-sanciona-el-robo-de-motocicletas-y-motonetas-en-el-estado\/","name":"Solidaridad logra reforma que sanciona el robo de motocicletas y motonetas en el Estado","isPartOf":{"@id":"https:\/\/angelsolisnoticias.com\/#website"},"datePublished":"2024-06-25T17:36:04+00:00","dateModified":"2024-06-26T20:02:57+00:00","description":".","breadcrumb":{"@id":"https:\/\/angelsolisnoticias.com\/index.php\/2024\/06\/25\/solidaridad-logra-reforma-que-sanciona-el-robo-de-motocicletas-y-motonetas-en-el-estado\/#breadcrumb"},"inLanguage":"es","potentialAction":[{"@type":"ReadAction","target":["https:\/\/angelsolisnoticias.com\/index.php\/2024\/06\/25\/solidaridad-logra-reforma-que-sanciona-el-robo-de-motocicletas-y-motonetas-en-el-estado\/"]}]},{"@type":"BreadcrumbList","@id":"https:\/\/angelsolisnoticias.com\/index.php\/2024\/06\/25\/solidaridad-logra-reforma-que-sanciona-el-robo-de-motocicletas-y-motonetas-en-el-estado\/#breadcrumb","itemListElement":[{"@type":"ListItem","position":1,"name":"Inicio","item":"https:\/\/angelsolisnoticias.com\/"},{"@type":"ListItem","position":2,"name":"Solidaridad logra reforma que sanciona el robo de motocicletas y motonetas en el Estado"}]},{"@type":"WebSite","@id":"https:\/\/angelsolisnoticias.com\/#website","url":"https:\/\/angelsolisnoticias.com\/","name":"\u00c1ngel Solis","description":"Noticias de Quintana Roo","publisher":{"@id":"https:\/\/angelsolisnoticias.com\/#organization"},"potentialAction":[{"@type":"SearchAction","target":{"@type":"EntryPoint","urlTemplate":"https:\/\/angelsolisnoticias.com\/?s={search_term_string}"},"query-input":"required name=search_term_string"}],"inLanguage":"es"},{"@type":"Organization","@id":"https:\/\/angelsolisnoticias.com\/#organization","name":"\u00c1ngel Solis","url":"https:\/\/angelsolisnoticias.com\/","logo":{"@type":"ImageObject","inLanguage":"es","@id":"https:\/\/angelsolisnoticias.com\/#\/schema\/logo\/image\/","url":"https:\/\/angelsolisnoticias.com\/wp-content\/uploads\/2023\/01\/LOGO3.png","contentUrl":"https:\/\/angelsolisnoticias.com\/wp-content\/uploads\/2023\/01\/LOGO3.png","width":1853,"height":570,"caption":"\u00c1ngel Solis"},"image":{"@id":"https:\/\/angelsolisnoticias.com\/#\/schema\/logo\/image\/"},"sameAs":["https:\/\/www.facebook.com\/periodistasquintanaroo","https:\/\/twitter.com\/PERIODISTASQROO"]},{"@type":"Person","@id":"https:\/\/angelsolisnoticias.com\/#\/schema\/person\/d5ca5e4c5f05db44e86cb564bf81ae6f","name":"admin","image":{"@type":"ImageObject","inLanguage":"es","@id":"https:\/\/angelsolisnoticias.com\/#\/schema\/person\/image\/","url":"https:\/\/secure.gravatar.com\/avatar\/dff3eaf7d33320066684ce268bff2bf90ce4f69456139b2d65d7796f64299e47?s=96&d=mm&r=g","contentUrl":"https:\/\/secure.gravatar.com\/avatar\/dff3eaf7d33320066684ce268bff2bf90ce4f69456139b2d65d7796f64299e47?s=96&d=mm&r=g","caption":"admin"},"sameAs":["https:\/\/angelsolisnoticias.com"],"url":"https:\/\/angelsolisnoticias.com\/index.php\/author\/admin_qnbaat5l\/"}]}},"jetpack_featured_media_url":"https:\/\/angelsolisnoticias.com\/wp-content\/uploads\/2024\/06\/Solidaridad-Robo-Motocicletas1.jpg","_links":{"self":[{"href":"https:\/\/angelsolisnoticias.com\/index.php\/wp-json\/wp\/v2\/posts\/8047","targetHints":{"allow":["GET"]}}],"collection":[{"href":"https:\/\/angelsolisnoticias.com\/index.php\/wp-json\/wp\/v2\/posts"}],"about":[{"href":"https:\/\/angelsolisnoticias.com\/index.php\/wp-json\/wp\/v2\/types\/post"}],"author":[{"embeddable":true,"href":"https:\/\/angelsolisnoticias.com\/index.php\/wp-json\/wp\/v2\/users\/1"}],"replies":[{"embeddable":true,"href":"https:\/\/angelsolisnoticias.com\/index.php\/wp-json\/wp\/v2\/comments?post=8047"}],"version-history":[{"count":3,"href":"https:\/\/angelsolisnoticias.com\/index.php\/wp-json\/wp\/v2\/posts\/8047\/revisions"}],"predecessor-version":[{"id":8054,"href":"https:\/\/angelsolisnoticias.com\/index.php\/wp-json\/wp\/v2\/posts\/8047\/revisions\/8054"}],"wp:featuredmedia":[{"embeddable":true,"href":"https:\/\/angelsolisnoticias.com\/index.php\/wp-json\/wp\/v2\/media\/8052"}],"wp:attachment":[{"href":"https:\/\/angelsolisnoticias.com\/index.php\/wp-json\/wp\/v2\/media?parent=8047"}],"wp:term":[{"taxonomy":"category","embeddable":true,"href":"https:\/\/angelsolisnoticias.com\/index.php\/wp-json\/wp\/v2\/categories?post=8047"},{"taxonomy":"post_tag","embeddable":true,"href":"https:\/\/angelsolisnoticias.com\/index.php\/wp-json\/wp\/v2\/tags?post=8047"}],"curies":[{"name":"wp","href":"https:\/\/api.w.org\/{rel}","templated":true}]}}