{"id":8163,"date":"2024-07-02T14:20:33","date_gmt":"2024-07-02T14:20:33","guid":{"rendered":"https:\/\/angelsolisnoticias.com\/?p=8163"},"modified":"2024-07-02T23:24:31","modified_gmt":"2024-07-02T23:24:31","slug":"mara-lezama-y-la-coordinadora-nacional-de-proteccion-civil-encabezan-acciones-ante-la-llegada-del-huracan-beryl","status":"publish","type":"post","link":"https:\/\/angelsolisnoticias.com\/index.php\/2024\/07\/02\/mara-lezama-y-la-coordinadora-nacional-de-proteccion-civil-encabezan-acciones-ante-la-llegada-del-huracan-beryl\/","title":{"rendered":"Mara Lezama y la Coordinadora Nacional de Protecci\u00f3n Civil encabezan acciones ante la llegada del Hurac\u00e1n \u201cBeryl\u201d"},"content":{"rendered":"<p>Canc\u00fan, 2 de julio<br \/>\nEspecial<\/p>\n<p>Para fortalecer el trabajo de manera coordinada y preventiva y anticipar acciones ante los fen\u00f3menos metereol\u00f3gicos, principalmente por el hurac\u00e1n \u201cBeryl\u201d, la gobernadora Mara Lezama Espinosa se reuni\u00f3 con la coordinadora nacional de Protecci\u00f3n Civil Laura Vel\u00e1zquez Alz\u00faa.<\/p>\n<p>La titular del Ejecutivo destac\u00f3 la estrecha coordinaci\u00f3n con el gobierno federal, gobierno estatal, gobiernos municipales, as\u00ed como con las fuerzas armadas para informar puntualmente a la ciudadan\u00eda de las medidas preventivas y la evoluci\u00f3n del fen\u00f3meno.<\/p>\n<p><img loading=\"lazy\" decoding=\"async\" class=\"aligncenter wp-image-8169 \" src=\"https:\/\/angelsolisnoticias.com\/wp-content\/uploads\/2024\/07\/Mara-Proteccion-Civil04.jpg\" alt=\"\" width=\"563\" height=\"371\" \/><\/p>\n<p>La coordinadora nacional de Protecci\u00f3n Civil precis\u00f3 que ser\u00e1 este mi\u00e9rcoles cuando se conozca a precisi\u00f3n el impacto que tendr\u00eda \u201cBeryl\u201d en territorio quintanarroense, mismo que ser\u00e1 informado oportunamente por los canales oficiales. \u201cSepan que el gobierno est\u00e1 unido y trabajando a favor de la gente\u201d, dijo.<\/p>\n<p><img loading=\"lazy\" decoding=\"async\" class=\"aligncenter wp-image-8168 \" src=\"https:\/\/angelsolisnoticias.com\/wp-content\/uploads\/2024\/07\/Mara-Proteccion-Civil05.jpg\" alt=\"\" width=\"605\" height=\"414\" \/><\/p>\n<p>Por otra parte, Mara Lezama Inform\u00f3 que ha sostenido reuniones con representantes del sector salud, hospitales p\u00fablicos y privados de Quintana Roo para anticipar acciones que nos permitan contar con las capacidades necesarias para responder por la vida y bienestar de las y los quintanarroenses en temas de salud.<\/p>\n<p><iframe loading=\"lazy\" src=\"https:\/\/www.facebook.com\/plugins\/video.php?height=314&amp;href=https%3A%2F%2Fwww.facebook.com%2FMaraLezamaOficial%2Fvideos%2F7867581806663485%2F&amp;show_text=false&amp;width=560&amp;t=0\" width=\"560\" height=\"314\" frameborder=\"0\" scrolling=\"no\" allowfullscreen=\"allowfullscreen\" data-mce-fragment=\"1\"><\/iframe><\/p>\n<p>Asimismo, ha hecho lo propio con el sector turismo, embajadas, aerol\u00edneas, hoteleros, navieras, etc., para darles a conocer los protocolos de actuaci\u00f3n. \u201cEn estos momentos, la prevenci\u00f3n es clave y se fortalece con la suma de esfuerzos y voluntades a trav\u00e9s del Nuevo Acuerdo por el Bienestar y Desarrollo de Quintana Roo\u201d, enfatiz\u00f3.<\/p>\n","protected":false},"excerpt":{"rendered":"<p>Canc\u00fan, 2 de julio Especial Para fortalecer el trabajo de manera coordinada y preventiva y anticipar acciones ante los fen\u00f3menos metereol\u00f3gicos, principalmente por el hurac\u00e1n \u201cBeryl\u201d, la gobernadora Mara Lezama Espinosa se reuni\u00f3 con la coordinadora nacional de Protecci\u00f3n Civil Laura Vel\u00e1zquez Alz\u00faa. La titular del Ejecutivo destac\u00f3 la estrecha <a href=\"https:\/\/angelsolisnoticias.com\/index.php\/2024\/07\/02\/mara-lezama-y-la-coordinadora-nacional-de-proteccion-civil-encabezan-acciones-ante-la-llegada-del-huracan-beryl\/\" class=\"btn btn-link continue-link\">Seguir leyendo<\/a><\/p>\n","protected":false},"author":1,"featured_media":8167,"comment_status":"open","ping_status":"open","sticky":false,"template":"","format":"standard","meta":{"footnotes":""},"categories":[1],"tags":[],"class_list":["post-8163","post","type-post","status-publish","format-standard","has-post-thumbnail","hentry","category-uncategorized"],"yoast_head":"<!-- This site is optimized with the Yoast SEO plugin v21.1 - https:\/\/yoast.com\/wordpress\/plugins\/seo\/ -->\n<title>Mara Lezama y la Coordinadora Nacional de Protecci\u00f3n Civil encabezan acciones ante la llegada del Hurac\u00e1n \u201cBeryl\u201d<\/title>\n<meta name=\"description\" content=\".\" \/>\n<meta name=\"robots\" content=\"index, follow, max-snippet:-1, max-image-preview:large, max-video-preview:-1\" \/>\n<link rel=\"canonical\" href=\"https:\/\/angelsolisnoticias.com\/index.php\/2024\/07\/02\/mara-lezama-y-la-coordinadora-nacional-de-proteccion-civil-encabezan-acciones-ante-la-llegada-del-huracan-beryl\/\" \/>\n<meta property=\"og:locale\" content=\"es_MX\" \/>\n<meta property=\"og:type\" content=\"article\" \/>\n<meta property=\"og:title\" content=\"Mara Lezama y la Coordinadora Nacional de Protecci\u00f3n Civil encabezan acciones ante la llegada del Hurac\u00e1n \u201cBeryl\u201d\" \/>\n<meta property=\"og:description\" content=\".\" \/>\n<meta property=\"og:url\" content=\"https:\/\/angelsolisnoticias.com\/index.php\/2024\/07\/02\/mara-lezama-y-la-coordinadora-nacional-de-proteccion-civil-encabezan-acciones-ante-la-llegada-del-huracan-beryl\/\" \/>\n<meta property=\"og:site_name\" content=\"\u00c1ngel Solis\" \/>\n<meta property=\"article:publisher\" content=\"https:\/\/www.facebook.com\/periodistasquintanaroo\" \/>\n<meta property=\"article:published_time\" content=\"2024-07-02T14:20:33+00:00\" \/>\n<meta property=\"article:modified_time\" content=\"2024-07-02T23:24:31+00:00\" \/>\n<meta property=\"og:image\" content=\"https:\/\/angelsolisnoticias.com\/wp-content\/uploads\/2024\/07\/Mara-Proteccion-Civil06.jpg\" \/>\n\t<meta property=\"og:image:width\" content=\"800\" \/>\n\t<meta property=\"og:image:height\" content=\"569\" \/>\n\t<meta property=\"og:image:type\" content=\"image\/jpeg\" \/>\n<meta name=\"author\" content=\"admin\" \/>\n<meta name=\"twitter:card\" content=\"summary_large_image\" \/>\n<meta name=\"twitter:creator\" content=\"@PERIODISTASQROO\" \/>\n<meta name=\"twitter:site\" content=\"@PERIODISTASQROO\" \/>\n<meta name=\"twitter:label1\" content=\"Escrito por\" \/>\n\t<meta name=\"twitter:data1\" content=\"admin\" \/>\n\t<meta name=\"twitter:label2\" content=\"Tiempo de lectura\" \/>\n\t<meta name=\"twitter:data2\" content=\"2 minutos\" \/>\n<script type=\"application\/ld+json\" class=\"yoast-schema-graph\">{\"@context\":\"https:\/\/schema.org\",\"@graph\":[{\"@type\":\"Article\",\"@id\":\"https:\/\/angelsolisnoticias.com\/index.php\/2024\/07\/02\/mara-lezama-y-la-coordinadora-nacional-de-proteccion-civil-encabezan-acciones-ante-la-llegada-del-huracan-beryl\/#article\",\"isPartOf\":{\"@id\":\"https:\/\/angelsolisnoticias.com\/index.php\/2024\/07\/02\/mara-lezama-y-la-coordinadora-nacional-de-proteccion-civil-encabezan-acciones-ante-la-llegada-del-huracan-beryl\/\"},\"author\":{\"name\":\"admin\",\"@id\":\"https:\/\/angelsolisnoticias.com\/#\/schema\/person\/d5ca5e4c5f05db44e86cb564bf81ae6f\"},\"headline\":\"Mara Lezama y la Coordinadora Nacional de Protecci\u00f3n Civil encabezan acciones ante la llegada del Hurac\u00e1n \u201cBeryl\u201d\",\"datePublished\":\"2024-07-02T14:20:33+00:00\",\"dateModified\":\"2024-07-02T23:24:31+00:00\",\"mainEntityOfPage\":{\"@id\":\"https:\/\/angelsolisnoticias.com\/index.php\/2024\/07\/02\/mara-lezama-y-la-coordinadora-nacional-de-proteccion-civil-encabezan-acciones-ante-la-llegada-del-huracan-beryl\/\"},\"wordCount\":267,\"commentCount\":0,\"publisher\":{\"@id\":\"https:\/\/angelsolisnoticias.com\/#organization\"},\"articleSection\":[\"Uncategorized\"],\"inLanguage\":\"es\",\"potentialAction\":[{\"@type\":\"CommentAction\",\"name\":\"Comment\",\"target\":[\"https:\/\/angelsolisnoticias.com\/index.php\/2024\/07\/02\/mara-lezama-y-la-coordinadora-nacional-de-proteccion-civil-encabezan-acciones-ante-la-llegada-del-huracan-beryl\/#respond\"]}]},{\"@type\":\"WebPage\",\"@id\":\"https:\/\/angelsolisnoticias.com\/index.php\/2024\/07\/02\/mara-lezama-y-la-coordinadora-nacional-de-proteccion-civil-encabezan-acciones-ante-la-llegada-del-huracan-beryl\/\",\"url\":\"https:\/\/angelsolisnoticias.com\/index.php\/2024\/07\/02\/mara-lezama-y-la-coordinadora-nacional-de-proteccion-civil-encabezan-acciones-ante-la-llegada-del-huracan-beryl\/\",\"name\":\"Mara Lezama y la Coordinadora Nacional de Protecci\u00f3n Civil encabezan acciones ante la llegada del Hurac\u00e1n \u201cBeryl\u201d\",\"isPartOf\":{\"@id\":\"https:\/\/angelsolisnoticias.com\/#website\"},\"datePublished\":\"2024-07-02T14:20:33+00:00\",\"dateModified\":\"2024-07-02T23:24:31+00:00\",\"description\":\".\",\"breadcrumb\":{\"@id\":\"https:\/\/angelsolisnoticias.com\/index.php\/2024\/07\/02\/mara-lezama-y-la-coordinadora-nacional-de-proteccion-civil-encabezan-acciones-ante-la-llegada-del-huracan-beryl\/#breadcrumb\"},\"inLanguage\":\"es\",\"potentialAction\":[{\"@type\":\"ReadAction\",\"target\":[\"https:\/\/angelsolisnoticias.com\/index.php\/2024\/07\/02\/mara-lezama-y-la-coordinadora-nacional-de-proteccion-civil-encabezan-acciones-ante-la-llegada-del-huracan-beryl\/\"]}]},{\"@type\":\"BreadcrumbList\",\"@id\":\"https:\/\/angelsolisnoticias.com\/index.php\/2024\/07\/02\/mara-lezama-y-la-coordinadora-nacional-de-proteccion-civil-encabezan-acciones-ante-la-llegada-del-huracan-beryl\/#breadcrumb\",\"itemListElement\":[{\"@type\":\"ListItem\",\"position\":1,\"name\":\"Inicio\",\"item\":\"https:\/\/angelsolisnoticias.com\/\"},{\"@type\":\"ListItem\",\"position\":2,\"name\":\"Mara Lezama y la Coordinadora Nacional de Protecci\u00f3n Civil encabezan acciones ante la llegada del Hurac\u00e1n \u201cBeryl\u201d\"}]},{\"@type\":\"WebSite\",\"@id\":\"https:\/\/angelsolisnoticias.com\/#website\",\"url\":\"https:\/\/angelsolisnoticias.com\/\",\"name\":\"\u00c1ngel Solis\",\"description\":\"Noticias de Quintana Roo\",\"publisher\":{\"@id\":\"https:\/\/angelsolisnoticias.com\/#organization\"},\"potentialAction\":[{\"@type\":\"SearchAction\",\"target\":{\"@type\":\"EntryPoint\",\"urlTemplate\":\"https:\/\/angelsolisnoticias.com\/?s={search_term_string}\"},\"query-input\":\"required name=search_term_string\"}],\"inLanguage\":\"es\"},{\"@type\":\"Organization\",\"@id\":\"https:\/\/angelsolisnoticias.com\/#organization\",\"name\":\"\u00c1ngel Solis\",\"url\":\"https:\/\/angelsolisnoticias.com\/\",\"logo\":{\"@type\":\"ImageObject\",\"inLanguage\":\"es\",\"@id\":\"https:\/\/angelsolisnoticias.com\/#\/schema\/logo\/image\/\",\"url\":\"https:\/\/angelsolisnoticias.com\/wp-content\/uploads\/2023\/01\/LOGO3.png\",\"contentUrl\":\"https:\/\/angelsolisnoticias.com\/wp-content\/uploads\/2023\/01\/LOGO3.png\",\"width\":1853,\"height\":570,\"caption\":\"\u00c1ngel Solis\"},\"image\":{\"@id\":\"https:\/\/angelsolisnoticias.com\/#\/schema\/logo\/image\/\"},\"sameAs\":[\"https:\/\/www.facebook.com\/periodistasquintanaroo\",\"https:\/\/twitter.com\/PERIODISTASQROO\"]},{\"@type\":\"Person\",\"@id\":\"https:\/\/angelsolisnoticias.com\/#\/schema\/person\/d5ca5e4c5f05db44e86cb564bf81ae6f\",\"name\":\"admin\",\"image\":{\"@type\":\"ImageObject\",\"inLanguage\":\"es\",\"@id\":\"https:\/\/angelsolisnoticias.com\/#\/schema\/person\/image\/\",\"url\":\"https:\/\/secure.gravatar.com\/avatar\/dff3eaf7d33320066684ce268bff2bf90ce4f69456139b2d65d7796f64299e47?s=96&d=mm&r=g\",\"contentUrl\":\"https:\/\/secure.gravatar.com\/avatar\/dff3eaf7d33320066684ce268bff2bf90ce4f69456139b2d65d7796f64299e47?s=96&d=mm&r=g\",\"caption\":\"admin\"},\"sameAs\":[\"https:\/\/angelsolisnoticias.com\"],\"url\":\"https:\/\/angelsolisnoticias.com\/index.php\/author\/admin_qnbaat5l\/\"}]}<\/script>\n<!-- \/ Yoast SEO plugin. -->","yoast_head_json":{"title":"Mara Lezama y la Coordinadora Nacional de Protecci\u00f3n Civil encabezan acciones ante la llegada del Hurac\u00e1n \u201cBeryl\u201d","description":".","robots":{"index":"index","follow":"follow","max-snippet":"max-snippet:-1","max-image-preview":"max-image-preview:large","max-video-preview":"max-video-preview:-1"},"canonical":"https:\/\/angelsolisnoticias.com\/index.php\/2024\/07\/02\/mara-lezama-y-la-coordinadora-nacional-de-proteccion-civil-encabezan-acciones-ante-la-llegada-del-huracan-beryl\/","og_locale":"es_MX","og_type":"article","og_title":"Mara Lezama y la Coordinadora Nacional de Protecci\u00f3n Civil encabezan acciones ante la llegada del Hurac\u00e1n \u201cBeryl\u201d","og_description":".","og_url":"https:\/\/angelsolisnoticias.com\/index.php\/2024\/07\/02\/mara-lezama-y-la-coordinadora-nacional-de-proteccion-civil-encabezan-acciones-ante-la-llegada-del-huracan-beryl\/","og_site_name":"\u00c1ngel Solis","article_publisher":"https:\/\/www.facebook.com\/periodistasquintanaroo","article_published_time":"2024-07-02T14:20:33+00:00","article_modified_time":"2024-07-02T23:24:31+00:00","og_image":[{"width":800,"height":569,"url":"https:\/\/angelsolisnoticias.com\/wp-content\/uploads\/2024\/07\/Mara-Proteccion-Civil06.jpg","type":"image\/jpeg"}],"author":"admin","twitter_card":"summary_large_image","twitter_creator":"@PERIODISTASQROO","twitter_site":"@PERIODISTASQROO","twitter_misc":{"Escrito por":"admin","Tiempo de lectura":"2 minutos"},"schema":{"@context":"https:\/\/schema.org","@graph":[{"@type":"Article","@id":"https:\/\/angelsolisnoticias.com\/index.php\/2024\/07\/02\/mara-lezama-y-la-coordinadora-nacional-de-proteccion-civil-encabezan-acciones-ante-la-llegada-del-huracan-beryl\/#article","isPartOf":{"@id":"https:\/\/angelsolisnoticias.com\/index.php\/2024\/07\/02\/mara-lezama-y-la-coordinadora-nacional-de-proteccion-civil-encabezan-acciones-ante-la-llegada-del-huracan-beryl\/"},"author":{"name":"admin","@id":"https:\/\/angelsolisnoticias.com\/#\/schema\/person\/d5ca5e4c5f05db44e86cb564bf81ae6f"},"headline":"Mara Lezama y la Coordinadora Nacional de Protecci\u00f3n Civil encabezan acciones ante la llegada del Hurac\u00e1n \u201cBeryl\u201d","datePublished":"2024-07-02T14:20:33+00:00","dateModified":"2024-07-02T23:24:31+00:00","mainEntityOfPage":{"@id":"https:\/\/angelsolisnoticias.com\/index.php\/2024\/07\/02\/mara-lezama-y-la-coordinadora-nacional-de-proteccion-civil-encabezan-acciones-ante-la-llegada-del-huracan-beryl\/"},"wordCount":267,"commentCount":0,"publisher":{"@id":"https:\/\/angelsolisnoticias.com\/#organization"},"articleSection":["Uncategorized"],"inLanguage":"es","potentialAction":[{"@type":"CommentAction","name":"Comment","target":["https:\/\/angelsolisnoticias.com\/index.php\/2024\/07\/02\/mara-lezama-y-la-coordinadora-nacional-de-proteccion-civil-encabezan-acciones-ante-la-llegada-del-huracan-beryl\/#respond"]}]},{"@type":"WebPage","@id":"https:\/\/angelsolisnoticias.com\/index.php\/2024\/07\/02\/mara-lezama-y-la-coordinadora-nacional-de-proteccion-civil-encabezan-acciones-ante-la-llegada-del-huracan-beryl\/","url":"https:\/\/angelsolisnoticias.com\/index.php\/2024\/07\/02\/mara-lezama-y-la-coordinadora-nacional-de-proteccion-civil-encabezan-acciones-ante-la-llegada-del-huracan-beryl\/","name":"Mara Lezama y la Coordinadora Nacional de Protecci\u00f3n Civil encabezan acciones ante la llegada del Hurac\u00e1n \u201cBeryl\u201d","isPartOf":{"@id":"https:\/\/angelsolisnoticias.com\/#website"},"datePublished":"2024-07-02T14:20:33+00:00","dateModified":"2024-07-02T23:24:31+00:00","description":".","breadcrumb":{"@id":"https:\/\/angelsolisnoticias.com\/index.php\/2024\/07\/02\/mara-lezama-y-la-coordinadora-nacional-de-proteccion-civil-encabezan-acciones-ante-la-llegada-del-huracan-beryl\/#breadcrumb"},"inLanguage":"es","potentialAction":[{"@type":"ReadAction","target":["https:\/\/angelsolisnoticias.com\/index.php\/2024\/07\/02\/mara-lezama-y-la-coordinadora-nacional-de-proteccion-civil-encabezan-acciones-ante-la-llegada-del-huracan-beryl\/"]}]},{"@type":"BreadcrumbList","@id":"https:\/\/angelsolisnoticias.com\/index.php\/2024\/07\/02\/mara-lezama-y-la-coordinadora-nacional-de-proteccion-civil-encabezan-acciones-ante-la-llegada-del-huracan-beryl\/#breadcrumb","itemListElement":[{"@type":"ListItem","position":1,"name":"Inicio","item":"https:\/\/angelsolisnoticias.com\/"},{"@type":"ListItem","position":2,"name":"Mara Lezama y la Coordinadora Nacional de Protecci\u00f3n Civil encabezan acciones ante la llegada del Hurac\u00e1n \u201cBeryl\u201d"}]},{"@type":"WebSite","@id":"https:\/\/angelsolisnoticias.com\/#website","url":"https:\/\/angelsolisnoticias.com\/","name":"\u00c1ngel Solis","description":"Noticias de Quintana Roo","publisher":{"@id":"https:\/\/angelsolisnoticias.com\/#organization"},"potentialAction":[{"@type":"SearchAction","target":{"@type":"EntryPoint","urlTemplate":"https:\/\/angelsolisnoticias.com\/?s={search_term_string}"},"query-input":"required name=search_term_string"}],"inLanguage":"es"},{"@type":"Organization","@id":"https:\/\/angelsolisnoticias.com\/#organization","name":"\u00c1ngel Solis","url":"https:\/\/angelsolisnoticias.com\/","logo":{"@type":"ImageObject","inLanguage":"es","@id":"https:\/\/angelsolisnoticias.com\/#\/schema\/logo\/image\/","url":"https:\/\/angelsolisnoticias.com\/wp-content\/uploads\/2023\/01\/LOGO3.png","contentUrl":"https:\/\/angelsolisnoticias.com\/wp-content\/uploads\/2023\/01\/LOGO3.png","width":1853,"height":570,"caption":"\u00c1ngel Solis"},"image":{"@id":"https:\/\/angelsolisnoticias.com\/#\/schema\/logo\/image\/"},"sameAs":["https:\/\/www.facebook.com\/periodistasquintanaroo","https:\/\/twitter.com\/PERIODISTASQROO"]},{"@type":"Person","@id":"https:\/\/angelsolisnoticias.com\/#\/schema\/person\/d5ca5e4c5f05db44e86cb564bf81ae6f","name":"admin","image":{"@type":"ImageObject","inLanguage":"es","@id":"https:\/\/angelsolisnoticias.com\/#\/schema\/person\/image\/","url":"https:\/\/secure.gravatar.com\/avatar\/dff3eaf7d33320066684ce268bff2bf90ce4f69456139b2d65d7796f64299e47?s=96&d=mm&r=g","contentUrl":"https:\/\/secure.gravatar.com\/avatar\/dff3eaf7d33320066684ce268bff2bf90ce4f69456139b2d65d7796f64299e47?s=96&d=mm&r=g","caption":"admin"},"sameAs":["https:\/\/angelsolisnoticias.com"],"url":"https:\/\/angelsolisnoticias.com\/index.php\/author\/admin_qnbaat5l\/"}]}},"jetpack_featured_media_url":"https:\/\/angelsolisnoticias.com\/wp-content\/uploads\/2024\/07\/Mara-Proteccion-Civil06.jpg","_links":{"self":[{"href":"https:\/\/angelsolisnoticias.com\/index.php\/wp-json\/wp\/v2\/posts\/8163","targetHints":{"allow":["GET"]}}],"collection":[{"href":"https:\/\/angelsolisnoticias.com\/index.php\/wp-json\/wp\/v2\/posts"}],"about":[{"href":"https:\/\/angelsolisnoticias.com\/index.php\/wp-json\/wp\/v2\/types\/post"}],"author":[{"embeddable":true,"href":"https:\/\/angelsolisnoticias.com\/index.php\/wp-json\/wp\/v2\/users\/1"}],"replies":[{"embeddable":true,"href":"https:\/\/angelsolisnoticias.com\/index.php\/wp-json\/wp\/v2\/comments?post=8163"}],"version-history":[{"count":4,"href":"https:\/\/angelsolisnoticias.com\/index.php\/wp-json\/wp\/v2\/posts\/8163\/revisions"}],"predecessor-version":[{"id":8172,"href":"https:\/\/angelsolisnoticias.com\/index.php\/wp-json\/wp\/v2\/posts\/8163\/revisions\/8172"}],"wp:featuredmedia":[{"embeddable":true,"href":"https:\/\/angelsolisnoticias.com\/index.php\/wp-json\/wp\/v2\/media\/8167"}],"wp:attachment":[{"href":"https:\/\/angelsolisnoticias.com\/index.php\/wp-json\/wp\/v2\/media?parent=8163"}],"wp:term":[{"taxonomy":"category","embeddable":true,"href":"https:\/\/angelsolisnoticias.com\/index.php\/wp-json\/wp\/v2\/categories?post=8163"},{"taxonomy":"post_tag","embeddable":true,"href":"https:\/\/angelsolisnoticias.com\/index.php\/wp-json\/wp\/v2\/tags?post=8163"}],"curies":[{"name":"wp","href":"https:\/\/api.w.org\/{rel}","templated":true}]}}