{"id":8188,"date":"2024-07-01T16:34:37","date_gmt":"2024-07-01T16:34:37","guid":{"rendered":"https:\/\/angelsolisnoticias.com\/?p=8188"},"modified":"2024-07-02T23:59:20","modified_gmt":"2024-07-02T23:59:20","slug":"gran-participacion-de-solidaridad-en-el-36o-festival-de-la-horticultura-en-colombia","status":"publish","type":"post","link":"https:\/\/angelsolisnoticias.com\/index.php\/2024\/07\/01\/gran-participacion-de-solidaridad-en-el-36o-festival-de-la-horticultura-en-colombia\/","title":{"rendered":"Gran participaci\u00f3n de Solidaridad en el 36\u00ba festival de la Horticultura en Colombia"},"content":{"rendered":"<p>Playa del Carmen, Solidaridad a 01 de julio del 2024<br \/>\nEspecial<\/p>\n<p>Con \u00e9xito concluy\u00f3 participaci\u00f3n en el 36\u00ba festival de la Horticultura en la alcald\u00eda de Villamar\u00eda Calas, Colombia, del Ayuntamiento dirigido por la presidenta municipal Lili Campos, a trav\u00e9s Instituto Municipal de la Cultura y las Artes de Solidaridad (IMCAS). Evento llevado a cabo para el intercambio cultural y promoci\u00f3n entre ambos pa\u00edses.<\/p>\n<p>Durante el festival del 27 al 30 de junio, participaron artistas del IMCAS como el grupo &#8220;Ra\u00edces&#8221;, el ballet Lol Beh, dirigido por \u00c1ngela C\u00f3rdoba. Adem\u00e1s, un concierto de m\u00fasica regional mexicana por Armando Ferral y Consuelo del Toro imparti\u00f3 un taller de artes pl\u00e1sticas. Tambi\u00e9n participaron el cronista Raymundo Tineo y la artista pl\u00e1stica Daniela Jauregui.<\/p>\n<p><img loading=\"lazy\" decoding=\"async\" class=\"aligncenter wp-image-8190 \" src=\"https:\/\/angelsolisnoticias.com\/wp-content\/uploads\/2024\/07\/Solidaridad-Horticultura-Colombia5.jpg\" alt=\"\" width=\"615\" height=\"392\" \/><\/p>\n<p>Al finalizar, el alcalde de Villamar\u00eda Calas, Jonier Alejandro Ram\u00edrez, agradeci\u00f3 a Lili Campos por la participaci\u00f3n del IMCAS en el festival, destacando que estos intercambios culturales enriquecen la visi\u00f3n y el conocimiento art\u00edstico de ambos pa\u00edses, fortaleciendo los lazos de amistad y colaboraci\u00f3n.<\/p>\n<p><img loading=\"lazy\" decoding=\"async\" class=\"alignnone size-medium wp-image-8191\" src=\"https:\/\/angelsolisnoticias.com\/wp-content\/uploads\/2024\/07\/Solidaridad-Horticultura-Colombia4-300x200.jpg\" alt=\"\" width=\"300\" height=\"200\" srcset=\"https:\/\/angelsolisnoticias.com\/wp-content\/uploads\/2024\/07\/Solidaridad-Horticultura-Colombia4-300x200.jpg 300w, https:\/\/angelsolisnoticias.com\/wp-content\/uploads\/2024\/07\/Solidaridad-Horticultura-Colombia4.jpg 720w\" sizes=\"auto, (max-width: 300px) 100vw, 300px\" \/><img loading=\"lazy\" decoding=\"async\" class=\"alignnone size-medium wp-image-8193\" src=\"https:\/\/angelsolisnoticias.com\/wp-content\/uploads\/2024\/07\/Solidaridad-Horticultura-Colombia2-300x200.jpg\" alt=\"\" width=\"300\" height=\"200\" srcset=\"https:\/\/angelsolisnoticias.com\/wp-content\/uploads\/2024\/07\/Solidaridad-Horticultura-Colombia2-300x200.jpg 300w, https:\/\/angelsolisnoticias.com\/wp-content\/uploads\/2024\/07\/Solidaridad-Horticultura-Colombia2.jpg 720w\" sizes=\"auto, (max-width: 300px) 100vw, 300px\" \/><\/p>\n","protected":false},"excerpt":{"rendered":"<p>Playa del Carmen, Solidaridad a 01 de julio del 2024 Especial Con \u00e9xito concluy\u00f3 participaci\u00f3n en el 36\u00ba festival de la Horticultura en la alcald\u00eda de Villamar\u00eda Calas, Colombia, del Ayuntamiento dirigido por la presidenta municipal Lili Campos, a trav\u00e9s Instituto Municipal de la Cultura y las Artes de Solidaridad <a href=\"https:\/\/angelsolisnoticias.com\/index.php\/2024\/07\/01\/gran-participacion-de-solidaridad-en-el-36o-festival-de-la-horticultura-en-colombia\/\" class=\"btn btn-link continue-link\">Seguir leyendo<\/a><\/p>\n","protected":false},"author":1,"featured_media":8194,"comment_status":"open","ping_status":"open","sticky":false,"template":"","format":"standard","meta":{"footnotes":""},"categories":[6,1],"tags":[],"class_list":["post-8188","post","type-post","status-publish","format-standard","has-post-thumbnail","hentry","category-solidaridad","category-uncategorized"],"yoast_head":"<!-- This site is optimized with the Yoast SEO plugin v21.1 - https:\/\/yoast.com\/wordpress\/plugins\/seo\/ -->\n<title>Gran participaci\u00f3n de Solidaridad en el 36\u00ba festival de la Horticultura en Colombia<\/title>\n<meta name=\"description\" content=\".\" \/>\n<meta name=\"robots\" content=\"index, follow, max-snippet:-1, max-image-preview:large, max-video-preview:-1\" \/>\n<link rel=\"canonical\" href=\"https:\/\/angelsolisnoticias.com\/index.php\/2024\/07\/01\/gran-participacion-de-solidaridad-en-el-36o-festival-de-la-horticultura-en-colombia\/\" \/>\n<meta property=\"og:locale\" content=\"es_MX\" \/>\n<meta property=\"og:type\" content=\"article\" \/>\n<meta property=\"og:title\" content=\"Gran participaci\u00f3n de Solidaridad en el 36\u00ba festival de la Horticultura en Colombia\" \/>\n<meta property=\"og:description\" content=\".\" \/>\n<meta property=\"og:url\" content=\"https:\/\/angelsolisnoticias.com\/index.php\/2024\/07\/01\/gran-participacion-de-solidaridad-en-el-36o-festival-de-la-horticultura-en-colombia\/\" \/>\n<meta property=\"og:site_name\" content=\"\u00c1ngel Solis\" \/>\n<meta property=\"article:publisher\" content=\"https:\/\/www.facebook.com\/periodistasquintanaroo\" \/>\n<meta property=\"article:published_time\" content=\"2024-07-01T16:34:37+00:00\" \/>\n<meta property=\"article:modified_time\" content=\"2024-07-02T23:59:20+00:00\" \/>\n<meta property=\"og:image\" content=\"https:\/\/angelsolisnoticias.com\/wp-content\/uploads\/2024\/07\/Solidaridad-Horticultura-Colombia1.jpg\" \/>\n\t<meta property=\"og:image:width\" content=\"800\" \/>\n\t<meta property=\"og:image:height\" content=\"569\" \/>\n\t<meta property=\"og:image:type\" content=\"image\/jpeg\" \/>\n<meta name=\"author\" content=\"admin\" \/>\n<meta name=\"twitter:card\" content=\"summary_large_image\" \/>\n<meta name=\"twitter:creator\" content=\"@PERIODISTASQROO\" \/>\n<meta name=\"twitter:site\" content=\"@PERIODISTASQROO\" \/>\n<meta name=\"twitter:label1\" content=\"Escrito por\" \/>\n\t<meta name=\"twitter:data1\" content=\"admin\" \/>\n\t<meta name=\"twitter:label2\" content=\"Tiempo de lectura\" \/>\n\t<meta name=\"twitter:data2\" content=\"2 minutos\" \/>\n<script type=\"application\/ld+json\" class=\"yoast-schema-graph\">{\"@context\":\"https:\/\/schema.org\",\"@graph\":[{\"@type\":\"Article\",\"@id\":\"https:\/\/angelsolisnoticias.com\/index.php\/2024\/07\/01\/gran-participacion-de-solidaridad-en-el-36o-festival-de-la-horticultura-en-colombia\/#article\",\"isPartOf\":{\"@id\":\"https:\/\/angelsolisnoticias.com\/index.php\/2024\/07\/01\/gran-participacion-de-solidaridad-en-el-36o-festival-de-la-horticultura-en-colombia\/\"},\"author\":{\"name\":\"admin\",\"@id\":\"https:\/\/angelsolisnoticias.com\/#\/schema\/person\/d5ca5e4c5f05db44e86cb564bf81ae6f\"},\"headline\":\"Gran participaci\u00f3n de Solidaridad en el 36\u00ba festival de la Horticultura en Colombia\",\"datePublished\":\"2024-07-01T16:34:37+00:00\",\"dateModified\":\"2024-07-02T23:59:20+00:00\",\"mainEntityOfPage\":{\"@id\":\"https:\/\/angelsolisnoticias.com\/index.php\/2024\/07\/01\/gran-participacion-de-solidaridad-en-el-36o-festival-de-la-horticultura-en-colombia\/\"},\"wordCount\":193,\"commentCount\":0,\"publisher\":{\"@id\":\"https:\/\/angelsolisnoticias.com\/#organization\"},\"articleSection\":[\"Solidaridad\",\"Uncategorized\"],\"inLanguage\":\"es\",\"potentialAction\":[{\"@type\":\"CommentAction\",\"name\":\"Comment\",\"target\":[\"https:\/\/angelsolisnoticias.com\/index.php\/2024\/07\/01\/gran-participacion-de-solidaridad-en-el-36o-festival-de-la-horticultura-en-colombia\/#respond\"]}]},{\"@type\":\"WebPage\",\"@id\":\"https:\/\/angelsolisnoticias.com\/index.php\/2024\/07\/01\/gran-participacion-de-solidaridad-en-el-36o-festival-de-la-horticultura-en-colombia\/\",\"url\":\"https:\/\/angelsolisnoticias.com\/index.php\/2024\/07\/01\/gran-participacion-de-solidaridad-en-el-36o-festival-de-la-horticultura-en-colombia\/\",\"name\":\"Gran participaci\u00f3n de Solidaridad en el 36\u00ba festival de la Horticultura en Colombia\",\"isPartOf\":{\"@id\":\"https:\/\/angelsolisnoticias.com\/#website\"},\"datePublished\":\"2024-07-01T16:34:37+00:00\",\"dateModified\":\"2024-07-02T23:59:20+00:00\",\"description\":\".\",\"breadcrumb\":{\"@id\":\"https:\/\/angelsolisnoticias.com\/index.php\/2024\/07\/01\/gran-participacion-de-solidaridad-en-el-36o-festival-de-la-horticultura-en-colombia\/#breadcrumb\"},\"inLanguage\":\"es\",\"potentialAction\":[{\"@type\":\"ReadAction\",\"target\":[\"https:\/\/angelsolisnoticias.com\/index.php\/2024\/07\/01\/gran-participacion-de-solidaridad-en-el-36o-festival-de-la-horticultura-en-colombia\/\"]}]},{\"@type\":\"BreadcrumbList\",\"@id\":\"https:\/\/angelsolisnoticias.com\/index.php\/2024\/07\/01\/gran-participacion-de-solidaridad-en-el-36o-festival-de-la-horticultura-en-colombia\/#breadcrumb\",\"itemListElement\":[{\"@type\":\"ListItem\",\"position\":1,\"name\":\"Inicio\",\"item\":\"https:\/\/angelsolisnoticias.com\/\"},{\"@type\":\"ListItem\",\"position\":2,\"name\":\"Gran participaci\u00f3n de Solidaridad en el 36\u00ba festival de la Horticultura en Colombia\"}]},{\"@type\":\"WebSite\",\"@id\":\"https:\/\/angelsolisnoticias.com\/#website\",\"url\":\"https:\/\/angelsolisnoticias.com\/\",\"name\":\"\u00c1ngel Solis\",\"description\":\"Noticias de Quintana Roo\",\"publisher\":{\"@id\":\"https:\/\/angelsolisnoticias.com\/#organization\"},\"potentialAction\":[{\"@type\":\"SearchAction\",\"target\":{\"@type\":\"EntryPoint\",\"urlTemplate\":\"https:\/\/angelsolisnoticias.com\/?s={search_term_string}\"},\"query-input\":\"required name=search_term_string\"}],\"inLanguage\":\"es\"},{\"@type\":\"Organization\",\"@id\":\"https:\/\/angelsolisnoticias.com\/#organization\",\"name\":\"\u00c1ngel Solis\",\"url\":\"https:\/\/angelsolisnoticias.com\/\",\"logo\":{\"@type\":\"ImageObject\",\"inLanguage\":\"es\",\"@id\":\"https:\/\/angelsolisnoticias.com\/#\/schema\/logo\/image\/\",\"url\":\"https:\/\/angelsolisnoticias.com\/wp-content\/uploads\/2023\/01\/LOGO3.png\",\"contentUrl\":\"https:\/\/angelsolisnoticias.com\/wp-content\/uploads\/2023\/01\/LOGO3.png\",\"width\":1853,\"height\":570,\"caption\":\"\u00c1ngel Solis\"},\"image\":{\"@id\":\"https:\/\/angelsolisnoticias.com\/#\/schema\/logo\/image\/\"},\"sameAs\":[\"https:\/\/www.facebook.com\/periodistasquintanaroo\",\"https:\/\/twitter.com\/PERIODISTASQROO\"]},{\"@type\":\"Person\",\"@id\":\"https:\/\/angelsolisnoticias.com\/#\/schema\/person\/d5ca5e4c5f05db44e86cb564bf81ae6f\",\"name\":\"admin\",\"image\":{\"@type\":\"ImageObject\",\"inLanguage\":\"es\",\"@id\":\"https:\/\/angelsolisnoticias.com\/#\/schema\/person\/image\/\",\"url\":\"https:\/\/secure.gravatar.com\/avatar\/dff3eaf7d33320066684ce268bff2bf90ce4f69456139b2d65d7796f64299e47?s=96&d=mm&r=g\",\"contentUrl\":\"https:\/\/secure.gravatar.com\/avatar\/dff3eaf7d33320066684ce268bff2bf90ce4f69456139b2d65d7796f64299e47?s=96&d=mm&r=g\",\"caption\":\"admin\"},\"sameAs\":[\"https:\/\/angelsolisnoticias.com\"],\"url\":\"https:\/\/angelsolisnoticias.com\/index.php\/author\/admin_qnbaat5l\/\"}]}<\/script>\n<!-- \/ Yoast SEO plugin. -->","yoast_head_json":{"title":"Gran participaci\u00f3n de Solidaridad en el 36\u00ba festival de la Horticultura en Colombia","description":".","robots":{"index":"index","follow":"follow","max-snippet":"max-snippet:-1","max-image-preview":"max-image-preview:large","max-video-preview":"max-video-preview:-1"},"canonical":"https:\/\/angelsolisnoticias.com\/index.php\/2024\/07\/01\/gran-participacion-de-solidaridad-en-el-36o-festival-de-la-horticultura-en-colombia\/","og_locale":"es_MX","og_type":"article","og_title":"Gran participaci\u00f3n de Solidaridad en el 36\u00ba festival de la Horticultura en Colombia","og_description":".","og_url":"https:\/\/angelsolisnoticias.com\/index.php\/2024\/07\/01\/gran-participacion-de-solidaridad-en-el-36o-festival-de-la-horticultura-en-colombia\/","og_site_name":"\u00c1ngel Solis","article_publisher":"https:\/\/www.facebook.com\/periodistasquintanaroo","article_published_time":"2024-07-01T16:34:37+00:00","article_modified_time":"2024-07-02T23:59:20+00:00","og_image":[{"width":800,"height":569,"url":"https:\/\/angelsolisnoticias.com\/wp-content\/uploads\/2024\/07\/Solidaridad-Horticultura-Colombia1.jpg","type":"image\/jpeg"}],"author":"admin","twitter_card":"summary_large_image","twitter_creator":"@PERIODISTASQROO","twitter_site":"@PERIODISTASQROO","twitter_misc":{"Escrito por":"admin","Tiempo de lectura":"2 minutos"},"schema":{"@context":"https:\/\/schema.org","@graph":[{"@type":"Article","@id":"https:\/\/angelsolisnoticias.com\/index.php\/2024\/07\/01\/gran-participacion-de-solidaridad-en-el-36o-festival-de-la-horticultura-en-colombia\/#article","isPartOf":{"@id":"https:\/\/angelsolisnoticias.com\/index.php\/2024\/07\/01\/gran-participacion-de-solidaridad-en-el-36o-festival-de-la-horticultura-en-colombia\/"},"author":{"name":"admin","@id":"https:\/\/angelsolisnoticias.com\/#\/schema\/person\/d5ca5e4c5f05db44e86cb564bf81ae6f"},"headline":"Gran participaci\u00f3n de Solidaridad en el 36\u00ba festival de la Horticultura en Colombia","datePublished":"2024-07-01T16:34:37+00:00","dateModified":"2024-07-02T23:59:20+00:00","mainEntityOfPage":{"@id":"https:\/\/angelsolisnoticias.com\/index.php\/2024\/07\/01\/gran-participacion-de-solidaridad-en-el-36o-festival-de-la-horticultura-en-colombia\/"},"wordCount":193,"commentCount":0,"publisher":{"@id":"https:\/\/angelsolisnoticias.com\/#organization"},"articleSection":["Solidaridad","Uncategorized"],"inLanguage":"es","potentialAction":[{"@type":"CommentAction","name":"Comment","target":["https:\/\/angelsolisnoticias.com\/index.php\/2024\/07\/01\/gran-participacion-de-solidaridad-en-el-36o-festival-de-la-horticultura-en-colombia\/#respond"]}]},{"@type":"WebPage","@id":"https:\/\/angelsolisnoticias.com\/index.php\/2024\/07\/01\/gran-participacion-de-solidaridad-en-el-36o-festival-de-la-horticultura-en-colombia\/","url":"https:\/\/angelsolisnoticias.com\/index.php\/2024\/07\/01\/gran-participacion-de-solidaridad-en-el-36o-festival-de-la-horticultura-en-colombia\/","name":"Gran participaci\u00f3n de Solidaridad en el 36\u00ba festival de la Horticultura en Colombia","isPartOf":{"@id":"https:\/\/angelsolisnoticias.com\/#website"},"datePublished":"2024-07-01T16:34:37+00:00","dateModified":"2024-07-02T23:59:20+00:00","description":".","breadcrumb":{"@id":"https:\/\/angelsolisnoticias.com\/index.php\/2024\/07\/01\/gran-participacion-de-solidaridad-en-el-36o-festival-de-la-horticultura-en-colombia\/#breadcrumb"},"inLanguage":"es","potentialAction":[{"@type":"ReadAction","target":["https:\/\/angelsolisnoticias.com\/index.php\/2024\/07\/01\/gran-participacion-de-solidaridad-en-el-36o-festival-de-la-horticultura-en-colombia\/"]}]},{"@type":"BreadcrumbList","@id":"https:\/\/angelsolisnoticias.com\/index.php\/2024\/07\/01\/gran-participacion-de-solidaridad-en-el-36o-festival-de-la-horticultura-en-colombia\/#breadcrumb","itemListElement":[{"@type":"ListItem","position":1,"name":"Inicio","item":"https:\/\/angelsolisnoticias.com\/"},{"@type":"ListItem","position":2,"name":"Gran participaci\u00f3n de Solidaridad en el 36\u00ba festival de la Horticultura en Colombia"}]},{"@type":"WebSite","@id":"https:\/\/angelsolisnoticias.com\/#website","url":"https:\/\/angelsolisnoticias.com\/","name":"\u00c1ngel Solis","description":"Noticias de Quintana Roo","publisher":{"@id":"https:\/\/angelsolisnoticias.com\/#organization"},"potentialAction":[{"@type":"SearchAction","target":{"@type":"EntryPoint","urlTemplate":"https:\/\/angelsolisnoticias.com\/?s={search_term_string}"},"query-input":"required name=search_term_string"}],"inLanguage":"es"},{"@type":"Organization","@id":"https:\/\/angelsolisnoticias.com\/#organization","name":"\u00c1ngel Solis","url":"https:\/\/angelsolisnoticias.com\/","logo":{"@type":"ImageObject","inLanguage":"es","@id":"https:\/\/angelsolisnoticias.com\/#\/schema\/logo\/image\/","url":"https:\/\/angelsolisnoticias.com\/wp-content\/uploads\/2023\/01\/LOGO3.png","contentUrl":"https:\/\/angelsolisnoticias.com\/wp-content\/uploads\/2023\/01\/LOGO3.png","width":1853,"height":570,"caption":"\u00c1ngel Solis"},"image":{"@id":"https:\/\/angelsolisnoticias.com\/#\/schema\/logo\/image\/"},"sameAs":["https:\/\/www.facebook.com\/periodistasquintanaroo","https:\/\/twitter.com\/PERIODISTASQROO"]},{"@type":"Person","@id":"https:\/\/angelsolisnoticias.com\/#\/schema\/person\/d5ca5e4c5f05db44e86cb564bf81ae6f","name":"admin","image":{"@type":"ImageObject","inLanguage":"es","@id":"https:\/\/angelsolisnoticias.com\/#\/schema\/person\/image\/","url":"https:\/\/secure.gravatar.com\/avatar\/dff3eaf7d33320066684ce268bff2bf90ce4f69456139b2d65d7796f64299e47?s=96&d=mm&r=g","contentUrl":"https:\/\/secure.gravatar.com\/avatar\/dff3eaf7d33320066684ce268bff2bf90ce4f69456139b2d65d7796f64299e47?s=96&d=mm&r=g","caption":"admin"},"sameAs":["https:\/\/angelsolisnoticias.com"],"url":"https:\/\/angelsolisnoticias.com\/index.php\/author\/admin_qnbaat5l\/"}]}},"jetpack_featured_media_url":"https:\/\/angelsolisnoticias.com\/wp-content\/uploads\/2024\/07\/Solidaridad-Horticultura-Colombia1.jpg","_links":{"self":[{"href":"https:\/\/angelsolisnoticias.com\/index.php\/wp-json\/wp\/v2\/posts\/8188","targetHints":{"allow":["GET"]}}],"collection":[{"href":"https:\/\/angelsolisnoticias.com\/index.php\/wp-json\/wp\/v2\/posts"}],"about":[{"href":"https:\/\/angelsolisnoticias.com\/index.php\/wp-json\/wp\/v2\/types\/post"}],"author":[{"embeddable":true,"href":"https:\/\/angelsolisnoticias.com\/index.php\/wp-json\/wp\/v2\/users\/1"}],"replies":[{"embeddable":true,"href":"https:\/\/angelsolisnoticias.com\/index.php\/wp-json\/wp\/v2\/comments?post=8188"}],"version-history":[{"count":3,"href":"https:\/\/angelsolisnoticias.com\/index.php\/wp-json\/wp\/v2\/posts\/8188\/revisions"}],"predecessor-version":[{"id":8196,"href":"https:\/\/angelsolisnoticias.com\/index.php\/wp-json\/wp\/v2\/posts\/8188\/revisions\/8196"}],"wp:featuredmedia":[{"embeddable":true,"href":"https:\/\/angelsolisnoticias.com\/index.php\/wp-json\/wp\/v2\/media\/8194"}],"wp:attachment":[{"href":"https:\/\/angelsolisnoticias.com\/index.php\/wp-json\/wp\/v2\/media?parent=8188"}],"wp:term":[{"taxonomy":"category","embeddable":true,"href":"https:\/\/angelsolisnoticias.com\/index.php\/wp-json\/wp\/v2\/categories?post=8188"},{"taxonomy":"post_tag","embeddable":true,"href":"https:\/\/angelsolisnoticias.com\/index.php\/wp-json\/wp\/v2\/tags?post=8188"}],"curies":[{"name":"wp","href":"https:\/\/api.w.org\/{rel}","templated":true}]}}