{"id":8204,"date":"2024-07-01T22:55:59","date_gmt":"2024-07-01T22:55:59","guid":{"rendered":"https:\/\/angelsolisnoticias.com\/?p=8204"},"modified":"2024-07-03T00:15:05","modified_gmt":"2024-07-03T00:15:05","slug":"impulsa-mara-lezama-politica-de-igualdad-laboral-y-no-discriminacion","status":"publish","type":"post","link":"https:\/\/angelsolisnoticias.com\/index.php\/2024\/07\/01\/impulsa-mara-lezama-politica-de-igualdad-laboral-y-no-discriminacion\/","title":{"rendered":"Impulsa Mara Lezama pol\u00edtica de igualdad laboral y no discriminaci\u00f3n"},"content":{"rendered":"<p>Canc\u00fan, 1 de julio<br \/>\nEspecial<\/p>\n<p>La gobernadora Mara Lezama entreg\u00f3 el Certificado de la Norma Mexicana NMX-R-025-SCFI-2015 en Igualdad Laboral y No Discriminaci\u00f3n, en el Nivel Oro, a la Secretar\u00eda de Gobierno (SEGOB) y sus \u00d3rganos Administrativos Desconcentrados del gobierno de Quintana Roo, que contribuye a la transformaci\u00f3n del servicio p\u00fablico a favor de las personas.<\/p>\n<p>Mara Lezama destac\u00f3 que la SEGOB es la \u00fanica dependencia del Gobierno del Estado en contar con esta certificaci\u00f3n, y la \u00fanica Secretar\u00eda de Gobierno a nivel nacional con 16 edificios Certificados, los que cumplen al 100% los 14 requisitos y las 5 medidas afirmativas, nivelaci\u00f3n e inclusi\u00f3n contenidas en la norma.<\/p>\n<p>\u201cNuestro gobierno es humanista e incluyente, ponemos a las personas al centro de nuestra gesti\u00f3n y pol\u00edticas p\u00fablicas durante un trabajo 24\/7, todos los d\u00edas. Una de las m\u00faltiples formas de hacerlo es reconocer la dignidad de cada persona y reivindicar plenamente sus derechos\u201d expres\u00f3 la gobernadora de Quintana Roo.<\/p>\n<p><img loading=\"lazy\" decoding=\"async\" class=\"aligncenter wp-image-8209 \" src=\"https:\/\/angelsolisnoticias.com\/wp-content\/uploads\/2024\/07\/Mara-Cerificados2.jpg\" alt=\"\" width=\"611\" height=\"389\" \/><\/p>\n<p>\u201cY estamos obligados a hacerlo en el servicio p\u00fablico, trabajarlo cada uno desde nuestras trincheras, desde nuestras casas, ejercerlo a diario. Hoy somos en el Congreso m\u00e1s mujeres, porque se lo merecen. Y tambi\u00e9n en gabinete vamos a seguir trabajando por la paridad y en la reivindicar nuestros derechos. Si queremos que las cosas cambien, tenemos que hacer que cambien\u201d puntualiz\u00f3.<\/p>\n<p>Agradeci\u00f3 la presencia de la presidenta del Consejo Nacional para Prevenir la Discriminaci\u00f3n (CONAPRED), Claudia Olivia Morales Reza, quien dio su aval en este paso, \u201cen este pelda\u00f1o que escalamos y que forma parte de una escalera que debemos subir hasta llegar a la meta de cero discriminaci\u00f3n, y que nos permiten confirmar que s\u00ed podemos\u201d.<\/p>\n<p>Asimismo, Edgar Isa\u00ed P\u00e9rez Santiago, auditor de Verificadores Internacionales Mexicanos, organismo certificador acreditado por la Entidad Mexicana de Acreditaci\u00f3n (EMA), cuya gu\u00eda y orientaci\u00f3n permitieron este logro.<\/p>\n<p><img loading=\"lazy\" decoding=\"async\" class=\"aligncenter wp-image-8208 \" src=\"https:\/\/angelsolisnoticias.com\/wp-content\/uploads\/2024\/07\/Mara-Cerificados3.jpg\" alt=\"\" width=\"613\" height=\"401\" \/><\/p>\n<p>Mara Lezama reiter\u00f3 el compromiso de este gobierno transformador de seguir trabajando por la no discriminaci\u00f3n, impulsando el bienestar y la prosperidad compartida donde nadie se quede fuera ni nadie se quede atr\u00e1s.<\/p>\n<p>La Certificaci\u00f3n Oro de la Norma Mexicana NMX-R-O25-SECFI-2015, fue alcanzada por la Secretar\u00eda de Gobierno tras cumplir al 100 por ciento con las medidas de nivelaci\u00f3n, inclusi\u00f3n y acciones afirmativas consideradas en los 14 puntos que comprende la certificaci\u00f3n VIM, explic\u00f3 la secretaria Cristina Torres G\u00f3mez.<\/p>\n<p>El Nuevo Acuerdo por el Bienestar y Desarrollo, adem\u00e1s de reducir las brechas de la desigualdad, impulsa pr\u00e1cticas de igualdad laboral y no discriminaci\u00f3n en oficinas p\u00fablicas para favorecer el desarrollo integral del personal, a\u00f1adi\u00f3.<\/p>\n<p><img loading=\"lazy\" decoding=\"async\" class=\"aligncenter wp-image-8207 \" src=\"https:\/\/angelsolisnoticias.com\/wp-content\/uploads\/2024\/07\/Mara-Cerificados4.jpg\" alt=\"\" width=\"650\" height=\"421\" \/><\/p>\n<p>Para obtener el certificado, los centros de trabajo son objeto de una auditor\u00eda de tercera parte, a trav\u00e9s de la cual se verifica que efectivamente sus pol\u00edticas y pr\u00e1cticas cumplen con los requisitos de igualdad laboral y no discriminaci\u00f3n.<\/p>\n<p>En consecuencia, la Secretar\u00eda de Gobierno de Quintana Roo, con calificaci\u00f3n total de 100 puntos, es la segunda del Pa\u00eds y primera dependencia de la administraci\u00f3n p\u00fablica estatal con lograr la certificaci\u00f3n con Nivel Oro.<\/p>\n<p>Al entregar la certificaci\u00f3n, la presidenta del Consejo Nacional para Prevenir la Discriminaci\u00f3n (CONAPRED), Claudia Olivia Morales Reza destac\u00f3 que Quintana Roo ha brillado much\u00edsimo en estos meses con actividades como el de diversidad sexual que se realizar\u00e1 ma\u00f1ana.<\/p>\n<p>\u201cEscogimos a Quintana Roo por el liderazgo que tienen en el turismo, un espacio donde se est\u00e1 trabajando la inclusi\u00f3n\u201d, a\u00f1adi\u00f3.<\/p>\n<p>El acto de entrega se realiz\u00f3 en el sal\u00f3n \u201cJusto Sierra\u201d de la Secretar\u00eda de Educaci\u00f3n de Quintana Roo, en esta ciudad.<\/p>\n","protected":false},"excerpt":{"rendered":"<p>Canc\u00fan, 1 de julio Especial La gobernadora Mara Lezama entreg\u00f3 el Certificado de la Norma Mexicana NMX-R-025-SCFI-2015 en Igualdad Laboral y No Discriminaci\u00f3n, en el Nivel Oro, a la Secretar\u00eda de Gobierno (SEGOB) y sus \u00d3rganos Administrativos Desconcentrados del gobierno de Quintana Roo, que contribuye a la transformaci\u00f3n del servicio <a href=\"https:\/\/angelsolisnoticias.com\/index.php\/2024\/07\/01\/impulsa-mara-lezama-politica-de-igualdad-laboral-y-no-discriminacion\/\" class=\"btn btn-link continue-link\">Seguir leyendo<\/a><\/p>\n","protected":false},"author":1,"featured_media":8206,"comment_status":"open","ping_status":"open","sticky":false,"template":"","format":"standard","meta":{"footnotes":""},"categories":[1],"tags":[],"class_list":["post-8204","post","type-post","status-publish","format-standard","has-post-thumbnail","hentry","category-uncategorized"],"yoast_head":"<!-- This site is optimized with the Yoast SEO plugin v21.1 - https:\/\/yoast.com\/wordpress\/plugins\/seo\/ -->\n<title>Impulsa Mara Lezama pol\u00edtica de igualdad laboral y no discriminaci\u00f3n<\/title>\n<meta name=\"description\" content=\".\" \/>\n<meta name=\"robots\" content=\"index, follow, max-snippet:-1, max-image-preview:large, max-video-preview:-1\" \/>\n<link rel=\"canonical\" href=\"https:\/\/angelsolisnoticias.com\/index.php\/2024\/07\/01\/impulsa-mara-lezama-politica-de-igualdad-laboral-y-no-discriminacion\/\" \/>\n<meta property=\"og:locale\" content=\"es_MX\" \/>\n<meta property=\"og:type\" content=\"article\" \/>\n<meta property=\"og:title\" content=\"Impulsa Mara Lezama pol\u00edtica de igualdad laboral y no discriminaci\u00f3n\" \/>\n<meta property=\"og:description\" content=\".\" \/>\n<meta property=\"og:url\" content=\"https:\/\/angelsolisnoticias.com\/index.php\/2024\/07\/01\/impulsa-mara-lezama-politica-de-igualdad-laboral-y-no-discriminacion\/\" \/>\n<meta property=\"og:site_name\" content=\"\u00c1ngel Solis\" \/>\n<meta property=\"article:publisher\" content=\"https:\/\/www.facebook.com\/periodistasquintanaroo\" \/>\n<meta property=\"article:published_time\" content=\"2024-07-01T22:55:59+00:00\" \/>\n<meta property=\"article:modified_time\" content=\"2024-07-03T00:15:05+00:00\" \/>\n<meta property=\"og:image\" content=\"https:\/\/angelsolisnoticias.com\/wp-content\/uploads\/2024\/07\/Mara-Cerificados5.jpg\" \/>\n\t<meta property=\"og:image:width\" content=\"800\" \/>\n\t<meta property=\"og:image:height\" content=\"569\" \/>\n\t<meta property=\"og:image:type\" content=\"image\/jpeg\" \/>\n<meta name=\"author\" content=\"admin\" \/>\n<meta name=\"twitter:card\" content=\"summary_large_image\" \/>\n<meta name=\"twitter:creator\" content=\"@PERIODISTASQROO\" \/>\n<meta name=\"twitter:site\" content=\"@PERIODISTASQROO\" \/>\n<meta name=\"twitter:label1\" content=\"Escrito por\" \/>\n\t<meta name=\"twitter:data1\" content=\"admin\" \/>\n\t<meta name=\"twitter:label2\" content=\"Tiempo de lectura\" \/>\n\t<meta name=\"twitter:data2\" content=\"4 minutos\" \/>\n<script type=\"application\/ld+json\" class=\"yoast-schema-graph\">{\"@context\":\"https:\/\/schema.org\",\"@graph\":[{\"@type\":\"Article\",\"@id\":\"https:\/\/angelsolisnoticias.com\/index.php\/2024\/07\/01\/impulsa-mara-lezama-politica-de-igualdad-laboral-y-no-discriminacion\/#article\",\"isPartOf\":{\"@id\":\"https:\/\/angelsolisnoticias.com\/index.php\/2024\/07\/01\/impulsa-mara-lezama-politica-de-igualdad-laboral-y-no-discriminacion\/\"},\"author\":{\"name\":\"admin\",\"@id\":\"https:\/\/angelsolisnoticias.com\/#\/schema\/person\/d5ca5e4c5f05db44e86cb564bf81ae6f\"},\"headline\":\"Impulsa Mara Lezama pol\u00edtica de igualdad laboral y no discriminaci\u00f3n\",\"datePublished\":\"2024-07-01T22:55:59+00:00\",\"dateModified\":\"2024-07-03T00:15:05+00:00\",\"mainEntityOfPage\":{\"@id\":\"https:\/\/angelsolisnoticias.com\/index.php\/2024\/07\/01\/impulsa-mara-lezama-politica-de-igualdad-laboral-y-no-discriminacion\/\"},\"wordCount\":634,\"commentCount\":0,\"publisher\":{\"@id\":\"https:\/\/angelsolisnoticias.com\/#organization\"},\"articleSection\":[\"Uncategorized\"],\"inLanguage\":\"es\",\"potentialAction\":[{\"@type\":\"CommentAction\",\"name\":\"Comment\",\"target\":[\"https:\/\/angelsolisnoticias.com\/index.php\/2024\/07\/01\/impulsa-mara-lezama-politica-de-igualdad-laboral-y-no-discriminacion\/#respond\"]}]},{\"@type\":\"WebPage\",\"@id\":\"https:\/\/angelsolisnoticias.com\/index.php\/2024\/07\/01\/impulsa-mara-lezama-politica-de-igualdad-laboral-y-no-discriminacion\/\",\"url\":\"https:\/\/angelsolisnoticias.com\/index.php\/2024\/07\/01\/impulsa-mara-lezama-politica-de-igualdad-laboral-y-no-discriminacion\/\",\"name\":\"Impulsa Mara Lezama pol\u00edtica de igualdad laboral y no discriminaci\u00f3n\",\"isPartOf\":{\"@id\":\"https:\/\/angelsolisnoticias.com\/#website\"},\"datePublished\":\"2024-07-01T22:55:59+00:00\",\"dateModified\":\"2024-07-03T00:15:05+00:00\",\"description\":\".\",\"breadcrumb\":{\"@id\":\"https:\/\/angelsolisnoticias.com\/index.php\/2024\/07\/01\/impulsa-mara-lezama-politica-de-igualdad-laboral-y-no-discriminacion\/#breadcrumb\"},\"inLanguage\":\"es\",\"potentialAction\":[{\"@type\":\"ReadAction\",\"target\":[\"https:\/\/angelsolisnoticias.com\/index.php\/2024\/07\/01\/impulsa-mara-lezama-politica-de-igualdad-laboral-y-no-discriminacion\/\"]}]},{\"@type\":\"BreadcrumbList\",\"@id\":\"https:\/\/angelsolisnoticias.com\/index.php\/2024\/07\/01\/impulsa-mara-lezama-politica-de-igualdad-laboral-y-no-discriminacion\/#breadcrumb\",\"itemListElement\":[{\"@type\":\"ListItem\",\"position\":1,\"name\":\"Inicio\",\"item\":\"https:\/\/angelsolisnoticias.com\/\"},{\"@type\":\"ListItem\",\"position\":2,\"name\":\"Impulsa Mara Lezama pol\u00edtica de igualdad laboral y no discriminaci\u00f3n\"}]},{\"@type\":\"WebSite\",\"@id\":\"https:\/\/angelsolisnoticias.com\/#website\",\"url\":\"https:\/\/angelsolisnoticias.com\/\",\"name\":\"\u00c1ngel Solis\",\"description\":\"Noticias de Quintana Roo\",\"publisher\":{\"@id\":\"https:\/\/angelsolisnoticias.com\/#organization\"},\"potentialAction\":[{\"@type\":\"SearchAction\",\"target\":{\"@type\":\"EntryPoint\",\"urlTemplate\":\"https:\/\/angelsolisnoticias.com\/?s={search_term_string}\"},\"query-input\":\"required name=search_term_string\"}],\"inLanguage\":\"es\"},{\"@type\":\"Organization\",\"@id\":\"https:\/\/angelsolisnoticias.com\/#organization\",\"name\":\"\u00c1ngel Solis\",\"url\":\"https:\/\/angelsolisnoticias.com\/\",\"logo\":{\"@type\":\"ImageObject\",\"inLanguage\":\"es\",\"@id\":\"https:\/\/angelsolisnoticias.com\/#\/schema\/logo\/image\/\",\"url\":\"https:\/\/angelsolisnoticias.com\/wp-content\/uploads\/2023\/01\/LOGO3.png\",\"contentUrl\":\"https:\/\/angelsolisnoticias.com\/wp-content\/uploads\/2023\/01\/LOGO3.png\",\"width\":1853,\"height\":570,\"caption\":\"\u00c1ngel Solis\"},\"image\":{\"@id\":\"https:\/\/angelsolisnoticias.com\/#\/schema\/logo\/image\/\"},\"sameAs\":[\"https:\/\/www.facebook.com\/periodistasquintanaroo\",\"https:\/\/twitter.com\/PERIODISTASQROO\"]},{\"@type\":\"Person\",\"@id\":\"https:\/\/angelsolisnoticias.com\/#\/schema\/person\/d5ca5e4c5f05db44e86cb564bf81ae6f\",\"name\":\"admin\",\"image\":{\"@type\":\"ImageObject\",\"inLanguage\":\"es\",\"@id\":\"https:\/\/angelsolisnoticias.com\/#\/schema\/person\/image\/\",\"url\":\"https:\/\/secure.gravatar.com\/avatar\/dff3eaf7d33320066684ce268bff2bf90ce4f69456139b2d65d7796f64299e47?s=96&d=mm&r=g\",\"contentUrl\":\"https:\/\/secure.gravatar.com\/avatar\/dff3eaf7d33320066684ce268bff2bf90ce4f69456139b2d65d7796f64299e47?s=96&d=mm&r=g\",\"caption\":\"admin\"},\"sameAs\":[\"https:\/\/angelsolisnoticias.com\"],\"url\":\"https:\/\/angelsolisnoticias.com\/index.php\/author\/admin_qnbaat5l\/\"}]}<\/script>\n<!-- \/ Yoast SEO plugin. -->","yoast_head_json":{"title":"Impulsa Mara Lezama pol\u00edtica de igualdad laboral y no discriminaci\u00f3n","description":".","robots":{"index":"index","follow":"follow","max-snippet":"max-snippet:-1","max-image-preview":"max-image-preview:large","max-video-preview":"max-video-preview:-1"},"canonical":"https:\/\/angelsolisnoticias.com\/index.php\/2024\/07\/01\/impulsa-mara-lezama-politica-de-igualdad-laboral-y-no-discriminacion\/","og_locale":"es_MX","og_type":"article","og_title":"Impulsa Mara Lezama pol\u00edtica de igualdad laboral y no discriminaci\u00f3n","og_description":".","og_url":"https:\/\/angelsolisnoticias.com\/index.php\/2024\/07\/01\/impulsa-mara-lezama-politica-de-igualdad-laboral-y-no-discriminacion\/","og_site_name":"\u00c1ngel Solis","article_publisher":"https:\/\/www.facebook.com\/periodistasquintanaroo","article_published_time":"2024-07-01T22:55:59+00:00","article_modified_time":"2024-07-03T00:15:05+00:00","og_image":[{"width":800,"height":569,"url":"https:\/\/angelsolisnoticias.com\/wp-content\/uploads\/2024\/07\/Mara-Cerificados5.jpg","type":"image\/jpeg"}],"author":"admin","twitter_card":"summary_large_image","twitter_creator":"@PERIODISTASQROO","twitter_site":"@PERIODISTASQROO","twitter_misc":{"Escrito por":"admin","Tiempo de lectura":"4 minutos"},"schema":{"@context":"https:\/\/schema.org","@graph":[{"@type":"Article","@id":"https:\/\/angelsolisnoticias.com\/index.php\/2024\/07\/01\/impulsa-mara-lezama-politica-de-igualdad-laboral-y-no-discriminacion\/#article","isPartOf":{"@id":"https:\/\/angelsolisnoticias.com\/index.php\/2024\/07\/01\/impulsa-mara-lezama-politica-de-igualdad-laboral-y-no-discriminacion\/"},"author":{"name":"admin","@id":"https:\/\/angelsolisnoticias.com\/#\/schema\/person\/d5ca5e4c5f05db44e86cb564bf81ae6f"},"headline":"Impulsa Mara Lezama pol\u00edtica de igualdad laboral y no discriminaci\u00f3n","datePublished":"2024-07-01T22:55:59+00:00","dateModified":"2024-07-03T00:15:05+00:00","mainEntityOfPage":{"@id":"https:\/\/angelsolisnoticias.com\/index.php\/2024\/07\/01\/impulsa-mara-lezama-politica-de-igualdad-laboral-y-no-discriminacion\/"},"wordCount":634,"commentCount":0,"publisher":{"@id":"https:\/\/angelsolisnoticias.com\/#organization"},"articleSection":["Uncategorized"],"inLanguage":"es","potentialAction":[{"@type":"CommentAction","name":"Comment","target":["https:\/\/angelsolisnoticias.com\/index.php\/2024\/07\/01\/impulsa-mara-lezama-politica-de-igualdad-laboral-y-no-discriminacion\/#respond"]}]},{"@type":"WebPage","@id":"https:\/\/angelsolisnoticias.com\/index.php\/2024\/07\/01\/impulsa-mara-lezama-politica-de-igualdad-laboral-y-no-discriminacion\/","url":"https:\/\/angelsolisnoticias.com\/index.php\/2024\/07\/01\/impulsa-mara-lezama-politica-de-igualdad-laboral-y-no-discriminacion\/","name":"Impulsa Mara Lezama pol\u00edtica de igualdad laboral y no discriminaci\u00f3n","isPartOf":{"@id":"https:\/\/angelsolisnoticias.com\/#website"},"datePublished":"2024-07-01T22:55:59+00:00","dateModified":"2024-07-03T00:15:05+00:00","description":".","breadcrumb":{"@id":"https:\/\/angelsolisnoticias.com\/index.php\/2024\/07\/01\/impulsa-mara-lezama-politica-de-igualdad-laboral-y-no-discriminacion\/#breadcrumb"},"inLanguage":"es","potentialAction":[{"@type":"ReadAction","target":["https:\/\/angelsolisnoticias.com\/index.php\/2024\/07\/01\/impulsa-mara-lezama-politica-de-igualdad-laboral-y-no-discriminacion\/"]}]},{"@type":"BreadcrumbList","@id":"https:\/\/angelsolisnoticias.com\/index.php\/2024\/07\/01\/impulsa-mara-lezama-politica-de-igualdad-laboral-y-no-discriminacion\/#breadcrumb","itemListElement":[{"@type":"ListItem","position":1,"name":"Inicio","item":"https:\/\/angelsolisnoticias.com\/"},{"@type":"ListItem","position":2,"name":"Impulsa Mara Lezama pol\u00edtica de igualdad laboral y no discriminaci\u00f3n"}]},{"@type":"WebSite","@id":"https:\/\/angelsolisnoticias.com\/#website","url":"https:\/\/angelsolisnoticias.com\/","name":"\u00c1ngel Solis","description":"Noticias de Quintana Roo","publisher":{"@id":"https:\/\/angelsolisnoticias.com\/#organization"},"potentialAction":[{"@type":"SearchAction","target":{"@type":"EntryPoint","urlTemplate":"https:\/\/angelsolisnoticias.com\/?s={search_term_string}"},"query-input":"required name=search_term_string"}],"inLanguage":"es"},{"@type":"Organization","@id":"https:\/\/angelsolisnoticias.com\/#organization","name":"\u00c1ngel Solis","url":"https:\/\/angelsolisnoticias.com\/","logo":{"@type":"ImageObject","inLanguage":"es","@id":"https:\/\/angelsolisnoticias.com\/#\/schema\/logo\/image\/","url":"https:\/\/angelsolisnoticias.com\/wp-content\/uploads\/2023\/01\/LOGO3.png","contentUrl":"https:\/\/angelsolisnoticias.com\/wp-content\/uploads\/2023\/01\/LOGO3.png","width":1853,"height":570,"caption":"\u00c1ngel Solis"},"image":{"@id":"https:\/\/angelsolisnoticias.com\/#\/schema\/logo\/image\/"},"sameAs":["https:\/\/www.facebook.com\/periodistasquintanaroo","https:\/\/twitter.com\/PERIODISTASQROO"]},{"@type":"Person","@id":"https:\/\/angelsolisnoticias.com\/#\/schema\/person\/d5ca5e4c5f05db44e86cb564bf81ae6f","name":"admin","image":{"@type":"ImageObject","inLanguage":"es","@id":"https:\/\/angelsolisnoticias.com\/#\/schema\/person\/image\/","url":"https:\/\/secure.gravatar.com\/avatar\/dff3eaf7d33320066684ce268bff2bf90ce4f69456139b2d65d7796f64299e47?s=96&d=mm&r=g","contentUrl":"https:\/\/secure.gravatar.com\/avatar\/dff3eaf7d33320066684ce268bff2bf90ce4f69456139b2d65d7796f64299e47?s=96&d=mm&r=g","caption":"admin"},"sameAs":["https:\/\/angelsolisnoticias.com"],"url":"https:\/\/angelsolisnoticias.com\/index.php\/author\/admin_qnbaat5l\/"}]}},"jetpack_featured_media_url":"https:\/\/angelsolisnoticias.com\/wp-content\/uploads\/2024\/07\/Mara-Cerificados5.jpg","_links":{"self":[{"href":"https:\/\/angelsolisnoticias.com\/index.php\/wp-json\/wp\/v2\/posts\/8204","targetHints":{"allow":["GET"]}}],"collection":[{"href":"https:\/\/angelsolisnoticias.com\/index.php\/wp-json\/wp\/v2\/posts"}],"about":[{"href":"https:\/\/angelsolisnoticias.com\/index.php\/wp-json\/wp\/v2\/types\/post"}],"author":[{"embeddable":true,"href":"https:\/\/angelsolisnoticias.com\/index.php\/wp-json\/wp\/v2\/users\/1"}],"replies":[{"embeddable":true,"href":"https:\/\/angelsolisnoticias.com\/index.php\/wp-json\/wp\/v2\/comments?post=8204"}],"version-history":[{"count":2,"href":"https:\/\/angelsolisnoticias.com\/index.php\/wp-json\/wp\/v2\/posts\/8204\/revisions"}],"predecessor-version":[{"id":8212,"href":"https:\/\/angelsolisnoticias.com\/index.php\/wp-json\/wp\/v2\/posts\/8204\/revisions\/8212"}],"wp:featuredmedia":[{"embeddable":true,"href":"https:\/\/angelsolisnoticias.com\/index.php\/wp-json\/wp\/v2\/media\/8206"}],"wp:attachment":[{"href":"https:\/\/angelsolisnoticias.com\/index.php\/wp-json\/wp\/v2\/media?parent=8204"}],"wp:term":[{"taxonomy":"category","embeddable":true,"href":"https:\/\/angelsolisnoticias.com\/index.php\/wp-json\/wp\/v2\/categories?post=8204"},{"taxonomy":"post_tag","embeddable":true,"href":"https:\/\/angelsolisnoticias.com\/index.php\/wp-json\/wp\/v2\/tags?post=8204"}],"curies":[{"name":"wp","href":"https:\/\/api.w.org\/{rel}","templated":true}]}}