{"id":8329,"date":"2024-07-08T15:38:04","date_gmt":"2024-07-08T15:38:04","guid":{"rendered":"https:\/\/angelsolisnoticias.com\/?p=8329"},"modified":"2024-07-08T21:29:49","modified_gmt":"2024-07-08T21:29:49","slug":"ya-esta-cerca-la-feria-de-playa-del-carmen-2024","status":"publish","type":"post","link":"https:\/\/angelsolisnoticias.com\/index.php\/2024\/07\/08\/ya-esta-cerca-la-feria-de-playa-del-carmen-2024\/","title":{"rendered":"Ya est\u00e1 cerca la \u201cFeria de Playa del Carmen 2024"},"content":{"rendered":"<p>Playa del Carmen, Solidaridad a 8 de julio de 2024<br \/>\nEspecial<\/p>\n<p>Playa del Carmen ser\u00e1 el centro de la celebraci\u00f3n con la \u201cFeria de Playa del Carmen 2024 Legado, Cultura y Tradici\u00f3n\u201d del 10 al 16 de julio. Este evento, organizado por el gobierno municipal de Solidaridad bajo la direcci\u00f3n de la presidenta Lili Campos, busca brindar actividades culturales, recreativas y gastron\u00f3micas para el disfrute de familias locales y turistas.<\/p>\n<p>La Feria contar\u00e1 con la participaci\u00f3n de artistas de talla internacional, ofreciendo conciertos gratuitos en la Plaza 28 de Julio. El viernes 12 de julio la Plaza vibrar\u00e1 con la presentaci\u00f3n de la \u201cBanda El Recodo de Cruz Liz\u00e1rraga\u201d. Al d\u00eda siguiente, el s\u00e1bado 13 de julio, ser\u00e1 el turno de \u201cAlicia Villarreal\u201d, y el lunes 15 de julio, \u201cCar\u00edn Le\u00f3n\u201d cerrar\u00e1 con broche de oro esta serie de presentaciones estelares.<\/p>\n<p><img loading=\"lazy\" decoding=\"async\" class=\"aligncenter wp-image-8332 \" src=\"https:\/\/angelsolisnoticias.com\/wp-content\/uploads\/2024\/07\/Solidaridad-Feria-2024-3.jpg\" alt=\"\" width=\"632\" height=\"326\" \/><\/p>\n<p>Adem\u00e1s de los conciertos en la renovada plaza 28 de Julio, se ofrecer\u00e1n una amplia gama de actividades recreativas y culturales en el Recinto Ferial, como la Tradicional Cabalgata y Vaquer\u00eda. Los asistentes tambi\u00e9n podr\u00e1n adquirir y deleitarse con una gran variedad de antojitos. Asimismo, el disfrute gratuito de juegos mec\u00e1nicos y de presentaciones en el Teatro del Pueblo como de Paleto La Voz de la Cumbia, Omar Corona y su Norte\u00f1o Banda, Tila Mar\u00eda Sesto y un tributo a Dinamita, entre otros artistas m\u00e1s.<\/p>\n<p><img loading=\"lazy\" decoding=\"async\" class=\"aligncenter wp-image-8333 \" src=\"https:\/\/angelsolisnoticias.com\/wp-content\/uploads\/2024\/07\/Solidaridad-Feria-2024-2.jpg\" alt=\"\" width=\"637\" height=\"335\" \/><\/p>\n","protected":false},"excerpt":{"rendered":"<p>Playa del Carmen, Solidaridad a 8 de julio de 2024 Especial Playa del Carmen ser\u00e1 el centro de la celebraci\u00f3n con la \u201cFeria de Playa del Carmen 2024 Legado, Cultura y Tradici\u00f3n\u201d del 10 al 16 de julio. Este evento, organizado por el gobierno municipal de Solidaridad bajo la direcci\u00f3n <a href=\"https:\/\/angelsolisnoticias.com\/index.php\/2024\/07\/08\/ya-esta-cerca-la-feria-de-playa-del-carmen-2024\/\" class=\"btn btn-link continue-link\">Seguir leyendo<\/a><\/p>\n","protected":false},"author":1,"featured_media":8334,"comment_status":"open","ping_status":"open","sticky":false,"template":"","format":"standard","meta":{"footnotes":""},"categories":[6,1],"tags":[],"class_list":["post-8329","post","type-post","status-publish","format-standard","has-post-thumbnail","hentry","category-solidaridad","category-uncategorized"],"yoast_head":"<!-- This site is optimized with the Yoast SEO plugin v21.1 - https:\/\/yoast.com\/wordpress\/plugins\/seo\/ -->\n<title>Ya est\u00e1 cerca la \u201cFeria de Playa del Carmen 2024<\/title>\n<meta name=\"description\" content=\".\" \/>\n<meta name=\"robots\" content=\"index, follow, max-snippet:-1, max-image-preview:large, max-video-preview:-1\" \/>\n<link rel=\"canonical\" href=\"https:\/\/angelsolisnoticias.com\/index.php\/2024\/07\/08\/ya-esta-cerca-la-feria-de-playa-del-carmen-2024\/\" \/>\n<meta property=\"og:locale\" content=\"es_MX\" \/>\n<meta property=\"og:type\" content=\"article\" \/>\n<meta property=\"og:title\" content=\"Ya est\u00e1 cerca la \u201cFeria de Playa del Carmen 2024\" \/>\n<meta property=\"og:description\" content=\".\" \/>\n<meta property=\"og:url\" content=\"https:\/\/angelsolisnoticias.com\/index.php\/2024\/07\/08\/ya-esta-cerca-la-feria-de-playa-del-carmen-2024\/\" \/>\n<meta property=\"og:site_name\" content=\"\u00c1ngel Solis\" \/>\n<meta property=\"article:publisher\" content=\"https:\/\/www.facebook.com\/periodistasquintanaroo\" \/>\n<meta property=\"article:published_time\" content=\"2024-07-08T15:38:04+00:00\" \/>\n<meta property=\"article:modified_time\" content=\"2024-07-08T21:29:49+00:00\" \/>\n<meta property=\"og:image\" content=\"https:\/\/angelsolisnoticias.com\/wp-content\/uploads\/2024\/07\/Solidaridad-Feria-2024-1.jpg\" \/>\n\t<meta property=\"og:image:width\" content=\"800\" \/>\n\t<meta property=\"og:image:height\" content=\"569\" \/>\n\t<meta property=\"og:image:type\" content=\"image\/jpeg\" \/>\n<meta name=\"author\" content=\"admin\" \/>\n<meta name=\"twitter:card\" content=\"summary_large_image\" \/>\n<meta name=\"twitter:creator\" content=\"@PERIODISTASQROO\" \/>\n<meta name=\"twitter:site\" content=\"@PERIODISTASQROO\" \/>\n<meta name=\"twitter:label1\" content=\"Escrito por\" \/>\n\t<meta name=\"twitter:data1\" content=\"admin\" \/>\n\t<meta name=\"twitter:label2\" content=\"Tiempo de lectura\" \/>\n\t<meta name=\"twitter:data2\" content=\"2 minutos\" \/>\n<script type=\"application\/ld+json\" class=\"yoast-schema-graph\">{\"@context\":\"https:\/\/schema.org\",\"@graph\":[{\"@type\":\"Article\",\"@id\":\"https:\/\/angelsolisnoticias.com\/index.php\/2024\/07\/08\/ya-esta-cerca-la-feria-de-playa-del-carmen-2024\/#article\",\"isPartOf\":{\"@id\":\"https:\/\/angelsolisnoticias.com\/index.php\/2024\/07\/08\/ya-esta-cerca-la-feria-de-playa-del-carmen-2024\/\"},\"author\":{\"name\":\"admin\",\"@id\":\"https:\/\/angelsolisnoticias.com\/#\/schema\/person\/d5ca5e4c5f05db44e86cb564bf81ae6f\"},\"headline\":\"Ya est\u00e1 cerca la \u201cFeria de Playa del Carmen 2024\",\"datePublished\":\"2024-07-08T15:38:04+00:00\",\"dateModified\":\"2024-07-08T21:29:49+00:00\",\"mainEntityOfPage\":{\"@id\":\"https:\/\/angelsolisnoticias.com\/index.php\/2024\/07\/08\/ya-esta-cerca-la-feria-de-playa-del-carmen-2024\/\"},\"wordCount\":245,\"commentCount\":0,\"publisher\":{\"@id\":\"https:\/\/angelsolisnoticias.com\/#organization\"},\"articleSection\":[\"Solidaridad\",\"Uncategorized\"],\"inLanguage\":\"es\",\"potentialAction\":[{\"@type\":\"CommentAction\",\"name\":\"Comment\",\"target\":[\"https:\/\/angelsolisnoticias.com\/index.php\/2024\/07\/08\/ya-esta-cerca-la-feria-de-playa-del-carmen-2024\/#respond\"]}]},{\"@type\":\"WebPage\",\"@id\":\"https:\/\/angelsolisnoticias.com\/index.php\/2024\/07\/08\/ya-esta-cerca-la-feria-de-playa-del-carmen-2024\/\",\"url\":\"https:\/\/angelsolisnoticias.com\/index.php\/2024\/07\/08\/ya-esta-cerca-la-feria-de-playa-del-carmen-2024\/\",\"name\":\"Ya est\u00e1 cerca la \u201cFeria de Playa del Carmen 2024\",\"isPartOf\":{\"@id\":\"https:\/\/angelsolisnoticias.com\/#website\"},\"datePublished\":\"2024-07-08T15:38:04+00:00\",\"dateModified\":\"2024-07-08T21:29:49+00:00\",\"description\":\".\",\"breadcrumb\":{\"@id\":\"https:\/\/angelsolisnoticias.com\/index.php\/2024\/07\/08\/ya-esta-cerca-la-feria-de-playa-del-carmen-2024\/#breadcrumb\"},\"inLanguage\":\"es\",\"potentialAction\":[{\"@type\":\"ReadAction\",\"target\":[\"https:\/\/angelsolisnoticias.com\/index.php\/2024\/07\/08\/ya-esta-cerca-la-feria-de-playa-del-carmen-2024\/\"]}]},{\"@type\":\"BreadcrumbList\",\"@id\":\"https:\/\/angelsolisnoticias.com\/index.php\/2024\/07\/08\/ya-esta-cerca-la-feria-de-playa-del-carmen-2024\/#breadcrumb\",\"itemListElement\":[{\"@type\":\"ListItem\",\"position\":1,\"name\":\"Inicio\",\"item\":\"https:\/\/angelsolisnoticias.com\/\"},{\"@type\":\"ListItem\",\"position\":2,\"name\":\"Ya est\u00e1 cerca la \u201cFeria de Playa del Carmen 2024\"}]},{\"@type\":\"WebSite\",\"@id\":\"https:\/\/angelsolisnoticias.com\/#website\",\"url\":\"https:\/\/angelsolisnoticias.com\/\",\"name\":\"\u00c1ngel Solis\",\"description\":\"Noticias de Quintana Roo\",\"publisher\":{\"@id\":\"https:\/\/angelsolisnoticias.com\/#organization\"},\"potentialAction\":[{\"@type\":\"SearchAction\",\"target\":{\"@type\":\"EntryPoint\",\"urlTemplate\":\"https:\/\/angelsolisnoticias.com\/?s={search_term_string}\"},\"query-input\":\"required name=search_term_string\"}],\"inLanguage\":\"es\"},{\"@type\":\"Organization\",\"@id\":\"https:\/\/angelsolisnoticias.com\/#organization\",\"name\":\"\u00c1ngel Solis\",\"url\":\"https:\/\/angelsolisnoticias.com\/\",\"logo\":{\"@type\":\"ImageObject\",\"inLanguage\":\"es\",\"@id\":\"https:\/\/angelsolisnoticias.com\/#\/schema\/logo\/image\/\",\"url\":\"https:\/\/angelsolisnoticias.com\/wp-content\/uploads\/2023\/01\/LOGO3.png\",\"contentUrl\":\"https:\/\/angelsolisnoticias.com\/wp-content\/uploads\/2023\/01\/LOGO3.png\",\"width\":1853,\"height\":570,\"caption\":\"\u00c1ngel Solis\"},\"image\":{\"@id\":\"https:\/\/angelsolisnoticias.com\/#\/schema\/logo\/image\/\"},\"sameAs\":[\"https:\/\/www.facebook.com\/periodistasquintanaroo\",\"https:\/\/twitter.com\/PERIODISTASQROO\"]},{\"@type\":\"Person\",\"@id\":\"https:\/\/angelsolisnoticias.com\/#\/schema\/person\/d5ca5e4c5f05db44e86cb564bf81ae6f\",\"name\":\"admin\",\"image\":{\"@type\":\"ImageObject\",\"inLanguage\":\"es\",\"@id\":\"https:\/\/angelsolisnoticias.com\/#\/schema\/person\/image\/\",\"url\":\"https:\/\/secure.gravatar.com\/avatar\/dff3eaf7d33320066684ce268bff2bf90ce4f69456139b2d65d7796f64299e47?s=96&d=mm&r=g\",\"contentUrl\":\"https:\/\/secure.gravatar.com\/avatar\/dff3eaf7d33320066684ce268bff2bf90ce4f69456139b2d65d7796f64299e47?s=96&d=mm&r=g\",\"caption\":\"admin\"},\"sameAs\":[\"https:\/\/angelsolisnoticias.com\"],\"url\":\"https:\/\/angelsolisnoticias.com\/index.php\/author\/admin_qnbaat5l\/\"}]}<\/script>\n<!-- \/ Yoast SEO plugin. -->","yoast_head_json":{"title":"Ya est\u00e1 cerca la \u201cFeria de Playa del Carmen 2024","description":".","robots":{"index":"index","follow":"follow","max-snippet":"max-snippet:-1","max-image-preview":"max-image-preview:large","max-video-preview":"max-video-preview:-1"},"canonical":"https:\/\/angelsolisnoticias.com\/index.php\/2024\/07\/08\/ya-esta-cerca-la-feria-de-playa-del-carmen-2024\/","og_locale":"es_MX","og_type":"article","og_title":"Ya est\u00e1 cerca la \u201cFeria de Playa del Carmen 2024","og_description":".","og_url":"https:\/\/angelsolisnoticias.com\/index.php\/2024\/07\/08\/ya-esta-cerca-la-feria-de-playa-del-carmen-2024\/","og_site_name":"\u00c1ngel Solis","article_publisher":"https:\/\/www.facebook.com\/periodistasquintanaroo","article_published_time":"2024-07-08T15:38:04+00:00","article_modified_time":"2024-07-08T21:29:49+00:00","og_image":[{"width":800,"height":569,"url":"https:\/\/angelsolisnoticias.com\/wp-content\/uploads\/2024\/07\/Solidaridad-Feria-2024-1.jpg","type":"image\/jpeg"}],"author":"admin","twitter_card":"summary_large_image","twitter_creator":"@PERIODISTASQROO","twitter_site":"@PERIODISTASQROO","twitter_misc":{"Escrito por":"admin","Tiempo de lectura":"2 minutos"},"schema":{"@context":"https:\/\/schema.org","@graph":[{"@type":"Article","@id":"https:\/\/angelsolisnoticias.com\/index.php\/2024\/07\/08\/ya-esta-cerca-la-feria-de-playa-del-carmen-2024\/#article","isPartOf":{"@id":"https:\/\/angelsolisnoticias.com\/index.php\/2024\/07\/08\/ya-esta-cerca-la-feria-de-playa-del-carmen-2024\/"},"author":{"name":"admin","@id":"https:\/\/angelsolisnoticias.com\/#\/schema\/person\/d5ca5e4c5f05db44e86cb564bf81ae6f"},"headline":"Ya est\u00e1 cerca la \u201cFeria de Playa del Carmen 2024","datePublished":"2024-07-08T15:38:04+00:00","dateModified":"2024-07-08T21:29:49+00:00","mainEntityOfPage":{"@id":"https:\/\/angelsolisnoticias.com\/index.php\/2024\/07\/08\/ya-esta-cerca-la-feria-de-playa-del-carmen-2024\/"},"wordCount":245,"commentCount":0,"publisher":{"@id":"https:\/\/angelsolisnoticias.com\/#organization"},"articleSection":["Solidaridad","Uncategorized"],"inLanguage":"es","potentialAction":[{"@type":"CommentAction","name":"Comment","target":["https:\/\/angelsolisnoticias.com\/index.php\/2024\/07\/08\/ya-esta-cerca-la-feria-de-playa-del-carmen-2024\/#respond"]}]},{"@type":"WebPage","@id":"https:\/\/angelsolisnoticias.com\/index.php\/2024\/07\/08\/ya-esta-cerca-la-feria-de-playa-del-carmen-2024\/","url":"https:\/\/angelsolisnoticias.com\/index.php\/2024\/07\/08\/ya-esta-cerca-la-feria-de-playa-del-carmen-2024\/","name":"Ya est\u00e1 cerca la \u201cFeria de Playa del Carmen 2024","isPartOf":{"@id":"https:\/\/angelsolisnoticias.com\/#website"},"datePublished":"2024-07-08T15:38:04+00:00","dateModified":"2024-07-08T21:29:49+00:00","description":".","breadcrumb":{"@id":"https:\/\/angelsolisnoticias.com\/index.php\/2024\/07\/08\/ya-esta-cerca-la-feria-de-playa-del-carmen-2024\/#breadcrumb"},"inLanguage":"es","potentialAction":[{"@type":"ReadAction","target":["https:\/\/angelsolisnoticias.com\/index.php\/2024\/07\/08\/ya-esta-cerca-la-feria-de-playa-del-carmen-2024\/"]}]},{"@type":"BreadcrumbList","@id":"https:\/\/angelsolisnoticias.com\/index.php\/2024\/07\/08\/ya-esta-cerca-la-feria-de-playa-del-carmen-2024\/#breadcrumb","itemListElement":[{"@type":"ListItem","position":1,"name":"Inicio","item":"https:\/\/angelsolisnoticias.com\/"},{"@type":"ListItem","position":2,"name":"Ya est\u00e1 cerca la \u201cFeria de Playa del Carmen 2024"}]},{"@type":"WebSite","@id":"https:\/\/angelsolisnoticias.com\/#website","url":"https:\/\/angelsolisnoticias.com\/","name":"\u00c1ngel Solis","description":"Noticias de Quintana Roo","publisher":{"@id":"https:\/\/angelsolisnoticias.com\/#organization"},"potentialAction":[{"@type":"SearchAction","target":{"@type":"EntryPoint","urlTemplate":"https:\/\/angelsolisnoticias.com\/?s={search_term_string}"},"query-input":"required name=search_term_string"}],"inLanguage":"es"},{"@type":"Organization","@id":"https:\/\/angelsolisnoticias.com\/#organization","name":"\u00c1ngel Solis","url":"https:\/\/angelsolisnoticias.com\/","logo":{"@type":"ImageObject","inLanguage":"es","@id":"https:\/\/angelsolisnoticias.com\/#\/schema\/logo\/image\/","url":"https:\/\/angelsolisnoticias.com\/wp-content\/uploads\/2023\/01\/LOGO3.png","contentUrl":"https:\/\/angelsolisnoticias.com\/wp-content\/uploads\/2023\/01\/LOGO3.png","width":1853,"height":570,"caption":"\u00c1ngel Solis"},"image":{"@id":"https:\/\/angelsolisnoticias.com\/#\/schema\/logo\/image\/"},"sameAs":["https:\/\/www.facebook.com\/periodistasquintanaroo","https:\/\/twitter.com\/PERIODISTASQROO"]},{"@type":"Person","@id":"https:\/\/angelsolisnoticias.com\/#\/schema\/person\/d5ca5e4c5f05db44e86cb564bf81ae6f","name":"admin","image":{"@type":"ImageObject","inLanguage":"es","@id":"https:\/\/angelsolisnoticias.com\/#\/schema\/person\/image\/","url":"https:\/\/secure.gravatar.com\/avatar\/dff3eaf7d33320066684ce268bff2bf90ce4f69456139b2d65d7796f64299e47?s=96&d=mm&r=g","contentUrl":"https:\/\/secure.gravatar.com\/avatar\/dff3eaf7d33320066684ce268bff2bf90ce4f69456139b2d65d7796f64299e47?s=96&d=mm&r=g","caption":"admin"},"sameAs":["https:\/\/angelsolisnoticias.com"],"url":"https:\/\/angelsolisnoticias.com\/index.php\/author\/admin_qnbaat5l\/"}]}},"jetpack_featured_media_url":"https:\/\/angelsolisnoticias.com\/wp-content\/uploads\/2024\/07\/Solidaridad-Feria-2024-1.jpg","_links":{"self":[{"href":"https:\/\/angelsolisnoticias.com\/index.php\/wp-json\/wp\/v2\/posts\/8329","targetHints":{"allow":["GET"]}}],"collection":[{"href":"https:\/\/angelsolisnoticias.com\/index.php\/wp-json\/wp\/v2\/posts"}],"about":[{"href":"https:\/\/angelsolisnoticias.com\/index.php\/wp-json\/wp\/v2\/types\/post"}],"author":[{"embeddable":true,"href":"https:\/\/angelsolisnoticias.com\/index.php\/wp-json\/wp\/v2\/users\/1"}],"replies":[{"embeddable":true,"href":"https:\/\/angelsolisnoticias.com\/index.php\/wp-json\/wp\/v2\/comments?post=8329"}],"version-history":[{"count":3,"href":"https:\/\/angelsolisnoticias.com\/index.php\/wp-json\/wp\/v2\/posts\/8329\/revisions"}],"predecessor-version":[{"id":8336,"href":"https:\/\/angelsolisnoticias.com\/index.php\/wp-json\/wp\/v2\/posts\/8329\/revisions\/8336"}],"wp:featuredmedia":[{"embeddable":true,"href":"https:\/\/angelsolisnoticias.com\/index.php\/wp-json\/wp\/v2\/media\/8334"}],"wp:attachment":[{"href":"https:\/\/angelsolisnoticias.com\/index.php\/wp-json\/wp\/v2\/media?parent=8329"}],"wp:term":[{"taxonomy":"category","embeddable":true,"href":"https:\/\/angelsolisnoticias.com\/index.php\/wp-json\/wp\/v2\/categories?post=8329"},{"taxonomy":"post_tag","embeddable":true,"href":"https:\/\/angelsolisnoticias.com\/index.php\/wp-json\/wp\/v2\/tags?post=8329"}],"curies":[{"name":"wp","href":"https:\/\/api.w.org\/{rel}","templated":true}]}}