{"id":8432,"date":"2024-07-12T23:28:48","date_gmt":"2024-07-12T23:28:48","guid":{"rendered":"https:\/\/angelsolisnoticias.com\/?p=8432"},"modified":"2024-07-14T02:38:53","modified_gmt":"2024-07-14T02:38:53","slug":"exitosa-presentacion-de-la-banda-el-recodo-en-la-feria-de-playa-del-carmen","status":"publish","type":"post","link":"https:\/\/angelsolisnoticias.com\/index.php\/2024\/07\/12\/exitosa-presentacion-de-la-banda-el-recodo-en-la-feria-de-playa-del-carmen\/","title":{"rendered":"Exitosa presentaci\u00f3n de la banda El Recodo en la feria de Playa del Carmen"},"content":{"rendered":"<p>Playa del Carmen, Solidaridad a 12 de julio del 2024<br \/>\nEspecial<\/p>\n<p>Con m\u00e1s de 20 mil personas, la Plaza 28 de Julio vibr\u00f3 de alegr\u00eda con el concierto gratuito de la banda El Recodo de Cruz Lizarraga, que el Ayuntamiento de Solidaridad dirigido por Lili Campos, trajo para impulsar las tradiciones y cultura, as\u00ed como destacar al municipio como uno de los mejores destinos tur\u00edsticos de M\u00e9xico y del mundo.<\/p>\n<p>En representaci\u00f3n de la presidenta municipal Lili Campos, el Secretario General del Ayuntamiento Cecilio Puc enfatiz\u00f3 que, &#8220;este destino, antes un pueblo chiclero, ahora cuenta con eventos de renombre mundial como lo es \u00e9sta Feria del Carmen. Evento hecho especialmente para el disfrute de todas y todos&#8221;.<\/p>\n<p><img loading=\"lazy\" decoding=\"async\" class=\"aligncenter wp-image-8437 \" src=\"https:\/\/angelsolisnoticias.com\/wp-content\/uploads\/2024\/07\/Solidaridad-recodo2.jpg\" alt=\"\" width=\"592\" height=\"441\" \/><\/p>\n<p>La madre de todas la bandas El Recodo hizo cantar y bailar con gran entusiasmo a todos los presentes con sus \u00e9xitos como &#8220;El quelite&#8221;,\u00a0 &#8220;Cada vez te extra\u00f1o m\u00e1s&#8221;, &#8220;Ac\u00e1 entre nos&#8221; &#8220;Te presumo&#8221;,\u00a0 &#8220;Me gusta todo de ti&#8221;,\u00a0 &#8220;Mi vicio m\u00e1s grande&#8221;,\u00a0 &#8220;Entonces que somos&#8221;, &#8220;Vas a llorar por mi&#8221;, entre muchos m\u00e1s.<\/p>\n<p><img loading=\"lazy\" decoding=\"async\" class=\"aligncenter wp-image-8436 \" src=\"https:\/\/angelsolisnoticias.com\/wp-content\/uploads\/2024\/07\/Solidaridad-recodo3.jpg\" alt=\"\" width=\"608\" height=\"408\" \/><\/p>\n<p>Adem\u00e1s, continuando con las festividades en honor a la virgen del Carmen, alrededor de un centenar del Gremio de Mujeres llevaron a cabo una procesi\u00f3n de m\u00e1s de dos kil\u00f3metros, iniciando en la capilla de la Quinta con Ju\u00e1rez hasta la parroquia de la Virgen Del Carmen y de all\u00ed hasta la Casa Ejidal donde depositaron a la patrona del pueblo,\u00a0 celebraci\u00f3n en la que particip\u00f3 la tesorera Kira Iris, en representaci\u00f3n de Lili Campos, posteriormente se realiz\u00f3 el tradicional baile del cochino.<\/p>\n<p><img loading=\"lazy\" decoding=\"async\" class=\"aligncenter wp-image-8434 \" src=\"https:\/\/angelsolisnoticias.com\/wp-content\/uploads\/2024\/07\/Solidaridad-recodo5.jpg\" alt=\"\" width=\"600\" height=\"351\" \/><\/p>\n<p>Por otra parte, en el recinto Ferial se present\u00f3 la comediante Ruperta P\u00e9rez Sosa qui\u00e9n deslumbr\u00f3 a los asistentes con su divertido show y comedia para toda la familia, llenando de risas y alegr\u00eda el ambiente, disfrutando de una velada de comedia de humor blanco, una velada inolvidable.<\/p>\n<p><img loading=\"lazy\" decoding=\"async\" class=\"aligncenter wp-image-8435 \" src=\"https:\/\/angelsolisnoticias.com\/wp-content\/uploads\/2024\/07\/Solidaridad-recodo4.jpg\" alt=\"\" width=\"584\" height=\"430\" \/><\/p>\n<p>&nbsp;<\/p>\n","protected":false},"excerpt":{"rendered":"<p>Playa del Carmen, Solidaridad a 12 de julio del 2024 Especial Con m\u00e1s de 20 mil personas, la Plaza 28 de Julio vibr\u00f3 de alegr\u00eda con el concierto gratuito de la banda El Recodo de Cruz Lizarraga, que el Ayuntamiento de Solidaridad dirigido por Lili Campos, trajo para impulsar las <a href=\"https:\/\/angelsolisnoticias.com\/index.php\/2024\/07\/12\/exitosa-presentacion-de-la-banda-el-recodo-en-la-feria-de-playa-del-carmen\/\" class=\"btn btn-link continue-link\">Seguir leyendo<\/a><\/p>\n","protected":false},"author":1,"featured_media":8438,"comment_status":"open","ping_status":"open","sticky":false,"template":"","format":"standard","meta":{"footnotes":""},"categories":[6,1],"tags":[],"class_list":["post-8432","post","type-post","status-publish","format-standard","has-post-thumbnail","hentry","category-solidaridad","category-uncategorized"],"yoast_head":"<!-- This site is optimized with the Yoast SEO plugin v21.1 - https:\/\/yoast.com\/wordpress\/plugins\/seo\/ -->\n<title>Exitosa presentaci\u00f3n de la banda El Recodo en la feria de Playa del Carmen<\/title>\n<meta name=\"description\" content=\".\" \/>\n<meta name=\"robots\" content=\"index, follow, max-snippet:-1, max-image-preview:large, max-video-preview:-1\" \/>\n<link rel=\"canonical\" href=\"https:\/\/angelsolisnoticias.com\/index.php\/2024\/07\/12\/exitosa-presentacion-de-la-banda-el-recodo-en-la-feria-de-playa-del-carmen\/\" \/>\n<meta property=\"og:locale\" content=\"es_MX\" \/>\n<meta property=\"og:type\" content=\"article\" \/>\n<meta property=\"og:title\" content=\"Exitosa presentaci\u00f3n de la banda El Recodo en la feria de Playa del Carmen\" \/>\n<meta property=\"og:description\" content=\".\" \/>\n<meta property=\"og:url\" content=\"https:\/\/angelsolisnoticias.com\/index.php\/2024\/07\/12\/exitosa-presentacion-de-la-banda-el-recodo-en-la-feria-de-playa-del-carmen\/\" \/>\n<meta property=\"og:site_name\" content=\"\u00c1ngel Solis\" \/>\n<meta property=\"article:publisher\" content=\"https:\/\/www.facebook.com\/periodistasquintanaroo\" \/>\n<meta property=\"article:published_time\" content=\"2024-07-12T23:28:48+00:00\" \/>\n<meta property=\"article:modified_time\" content=\"2024-07-14T02:38:53+00:00\" \/>\n<meta property=\"og:image\" content=\"https:\/\/angelsolisnoticias.com\/wp-content\/uploads\/2024\/07\/Solidaridad-recodo1.jpg\" \/>\n\t<meta property=\"og:image:width\" content=\"800\" \/>\n\t<meta property=\"og:image:height\" content=\"569\" \/>\n\t<meta property=\"og:image:type\" content=\"image\/jpeg\" \/>\n<meta name=\"author\" content=\"admin\" \/>\n<meta name=\"twitter:card\" content=\"summary_large_image\" \/>\n<meta name=\"twitter:creator\" content=\"@PERIODISTASQROO\" \/>\n<meta name=\"twitter:site\" content=\"@PERIODISTASQROO\" \/>\n<meta name=\"twitter:label1\" content=\"Escrito por\" \/>\n\t<meta name=\"twitter:data1\" content=\"admin\" \/>\n\t<meta name=\"twitter:label2\" content=\"Tiempo de lectura\" \/>\n\t<meta name=\"twitter:data2\" content=\"3 minutos\" \/>\n<script type=\"application\/ld+json\" class=\"yoast-schema-graph\">{\"@context\":\"https:\/\/schema.org\",\"@graph\":[{\"@type\":\"Article\",\"@id\":\"https:\/\/angelsolisnoticias.com\/index.php\/2024\/07\/12\/exitosa-presentacion-de-la-banda-el-recodo-en-la-feria-de-playa-del-carmen\/#article\",\"isPartOf\":{\"@id\":\"https:\/\/angelsolisnoticias.com\/index.php\/2024\/07\/12\/exitosa-presentacion-de-la-banda-el-recodo-en-la-feria-de-playa-del-carmen\/\"},\"author\":{\"name\":\"admin\",\"@id\":\"https:\/\/angelsolisnoticias.com\/#\/schema\/person\/d5ca5e4c5f05db44e86cb564bf81ae6f\"},\"headline\":\"Exitosa presentaci\u00f3n de la banda El Recodo en la feria de Playa del Carmen\",\"datePublished\":\"2024-07-12T23:28:48+00:00\",\"dateModified\":\"2024-07-14T02:38:53+00:00\",\"mainEntityOfPage\":{\"@id\":\"https:\/\/angelsolisnoticias.com\/index.php\/2024\/07\/12\/exitosa-presentacion-de-la-banda-el-recodo-en-la-feria-de-playa-del-carmen\/\"},\"wordCount\":334,\"commentCount\":0,\"publisher\":{\"@id\":\"https:\/\/angelsolisnoticias.com\/#organization\"},\"articleSection\":[\"Solidaridad\",\"Uncategorized\"],\"inLanguage\":\"es\",\"potentialAction\":[{\"@type\":\"CommentAction\",\"name\":\"Comment\",\"target\":[\"https:\/\/angelsolisnoticias.com\/index.php\/2024\/07\/12\/exitosa-presentacion-de-la-banda-el-recodo-en-la-feria-de-playa-del-carmen\/#respond\"]}]},{\"@type\":\"WebPage\",\"@id\":\"https:\/\/angelsolisnoticias.com\/index.php\/2024\/07\/12\/exitosa-presentacion-de-la-banda-el-recodo-en-la-feria-de-playa-del-carmen\/\",\"url\":\"https:\/\/angelsolisnoticias.com\/index.php\/2024\/07\/12\/exitosa-presentacion-de-la-banda-el-recodo-en-la-feria-de-playa-del-carmen\/\",\"name\":\"Exitosa presentaci\u00f3n de la banda El Recodo en la feria de Playa del Carmen\",\"isPartOf\":{\"@id\":\"https:\/\/angelsolisnoticias.com\/#website\"},\"datePublished\":\"2024-07-12T23:28:48+00:00\",\"dateModified\":\"2024-07-14T02:38:53+00:00\",\"description\":\".\",\"breadcrumb\":{\"@id\":\"https:\/\/angelsolisnoticias.com\/index.php\/2024\/07\/12\/exitosa-presentacion-de-la-banda-el-recodo-en-la-feria-de-playa-del-carmen\/#breadcrumb\"},\"inLanguage\":\"es\",\"potentialAction\":[{\"@type\":\"ReadAction\",\"target\":[\"https:\/\/angelsolisnoticias.com\/index.php\/2024\/07\/12\/exitosa-presentacion-de-la-banda-el-recodo-en-la-feria-de-playa-del-carmen\/\"]}]},{\"@type\":\"BreadcrumbList\",\"@id\":\"https:\/\/angelsolisnoticias.com\/index.php\/2024\/07\/12\/exitosa-presentacion-de-la-banda-el-recodo-en-la-feria-de-playa-del-carmen\/#breadcrumb\",\"itemListElement\":[{\"@type\":\"ListItem\",\"position\":1,\"name\":\"Inicio\",\"item\":\"https:\/\/angelsolisnoticias.com\/\"},{\"@type\":\"ListItem\",\"position\":2,\"name\":\"Exitosa presentaci\u00f3n de la banda El Recodo en la feria de Playa del Carmen\"}]},{\"@type\":\"WebSite\",\"@id\":\"https:\/\/angelsolisnoticias.com\/#website\",\"url\":\"https:\/\/angelsolisnoticias.com\/\",\"name\":\"\u00c1ngel Solis\",\"description\":\"Noticias de Quintana Roo\",\"publisher\":{\"@id\":\"https:\/\/angelsolisnoticias.com\/#organization\"},\"potentialAction\":[{\"@type\":\"SearchAction\",\"target\":{\"@type\":\"EntryPoint\",\"urlTemplate\":\"https:\/\/angelsolisnoticias.com\/?s={search_term_string}\"},\"query-input\":\"required name=search_term_string\"}],\"inLanguage\":\"es\"},{\"@type\":\"Organization\",\"@id\":\"https:\/\/angelsolisnoticias.com\/#organization\",\"name\":\"\u00c1ngel Solis\",\"url\":\"https:\/\/angelsolisnoticias.com\/\",\"logo\":{\"@type\":\"ImageObject\",\"inLanguage\":\"es\",\"@id\":\"https:\/\/angelsolisnoticias.com\/#\/schema\/logo\/image\/\",\"url\":\"https:\/\/angelsolisnoticias.com\/wp-content\/uploads\/2023\/01\/LOGO3.png\",\"contentUrl\":\"https:\/\/angelsolisnoticias.com\/wp-content\/uploads\/2023\/01\/LOGO3.png\",\"width\":1853,\"height\":570,\"caption\":\"\u00c1ngel Solis\"},\"image\":{\"@id\":\"https:\/\/angelsolisnoticias.com\/#\/schema\/logo\/image\/\"},\"sameAs\":[\"https:\/\/www.facebook.com\/periodistasquintanaroo\",\"https:\/\/twitter.com\/PERIODISTASQROO\"]},{\"@type\":\"Person\",\"@id\":\"https:\/\/angelsolisnoticias.com\/#\/schema\/person\/d5ca5e4c5f05db44e86cb564bf81ae6f\",\"name\":\"admin\",\"image\":{\"@type\":\"ImageObject\",\"inLanguage\":\"es\",\"@id\":\"https:\/\/angelsolisnoticias.com\/#\/schema\/person\/image\/\",\"url\":\"https:\/\/secure.gravatar.com\/avatar\/dff3eaf7d33320066684ce268bff2bf90ce4f69456139b2d65d7796f64299e47?s=96&d=mm&r=g\",\"contentUrl\":\"https:\/\/secure.gravatar.com\/avatar\/dff3eaf7d33320066684ce268bff2bf90ce4f69456139b2d65d7796f64299e47?s=96&d=mm&r=g\",\"caption\":\"admin\"},\"sameAs\":[\"https:\/\/angelsolisnoticias.com\"],\"url\":\"https:\/\/angelsolisnoticias.com\/index.php\/author\/admin_qnbaat5l\/\"}]}<\/script>\n<!-- \/ Yoast SEO plugin. -->","yoast_head_json":{"title":"Exitosa presentaci\u00f3n de la banda El Recodo en la feria de Playa del Carmen","description":".","robots":{"index":"index","follow":"follow","max-snippet":"max-snippet:-1","max-image-preview":"max-image-preview:large","max-video-preview":"max-video-preview:-1"},"canonical":"https:\/\/angelsolisnoticias.com\/index.php\/2024\/07\/12\/exitosa-presentacion-de-la-banda-el-recodo-en-la-feria-de-playa-del-carmen\/","og_locale":"es_MX","og_type":"article","og_title":"Exitosa presentaci\u00f3n de la banda El Recodo en la feria de Playa del Carmen","og_description":".","og_url":"https:\/\/angelsolisnoticias.com\/index.php\/2024\/07\/12\/exitosa-presentacion-de-la-banda-el-recodo-en-la-feria-de-playa-del-carmen\/","og_site_name":"\u00c1ngel Solis","article_publisher":"https:\/\/www.facebook.com\/periodistasquintanaroo","article_published_time":"2024-07-12T23:28:48+00:00","article_modified_time":"2024-07-14T02:38:53+00:00","og_image":[{"width":800,"height":569,"url":"https:\/\/angelsolisnoticias.com\/wp-content\/uploads\/2024\/07\/Solidaridad-recodo1.jpg","type":"image\/jpeg"}],"author":"admin","twitter_card":"summary_large_image","twitter_creator":"@PERIODISTASQROO","twitter_site":"@PERIODISTASQROO","twitter_misc":{"Escrito por":"admin","Tiempo de lectura":"3 minutos"},"schema":{"@context":"https:\/\/schema.org","@graph":[{"@type":"Article","@id":"https:\/\/angelsolisnoticias.com\/index.php\/2024\/07\/12\/exitosa-presentacion-de-la-banda-el-recodo-en-la-feria-de-playa-del-carmen\/#article","isPartOf":{"@id":"https:\/\/angelsolisnoticias.com\/index.php\/2024\/07\/12\/exitosa-presentacion-de-la-banda-el-recodo-en-la-feria-de-playa-del-carmen\/"},"author":{"name":"admin","@id":"https:\/\/angelsolisnoticias.com\/#\/schema\/person\/d5ca5e4c5f05db44e86cb564bf81ae6f"},"headline":"Exitosa presentaci\u00f3n de la banda El Recodo en la feria de Playa del Carmen","datePublished":"2024-07-12T23:28:48+00:00","dateModified":"2024-07-14T02:38:53+00:00","mainEntityOfPage":{"@id":"https:\/\/angelsolisnoticias.com\/index.php\/2024\/07\/12\/exitosa-presentacion-de-la-banda-el-recodo-en-la-feria-de-playa-del-carmen\/"},"wordCount":334,"commentCount":0,"publisher":{"@id":"https:\/\/angelsolisnoticias.com\/#organization"},"articleSection":["Solidaridad","Uncategorized"],"inLanguage":"es","potentialAction":[{"@type":"CommentAction","name":"Comment","target":["https:\/\/angelsolisnoticias.com\/index.php\/2024\/07\/12\/exitosa-presentacion-de-la-banda-el-recodo-en-la-feria-de-playa-del-carmen\/#respond"]}]},{"@type":"WebPage","@id":"https:\/\/angelsolisnoticias.com\/index.php\/2024\/07\/12\/exitosa-presentacion-de-la-banda-el-recodo-en-la-feria-de-playa-del-carmen\/","url":"https:\/\/angelsolisnoticias.com\/index.php\/2024\/07\/12\/exitosa-presentacion-de-la-banda-el-recodo-en-la-feria-de-playa-del-carmen\/","name":"Exitosa presentaci\u00f3n de la banda El Recodo en la feria de Playa del Carmen","isPartOf":{"@id":"https:\/\/angelsolisnoticias.com\/#website"},"datePublished":"2024-07-12T23:28:48+00:00","dateModified":"2024-07-14T02:38:53+00:00","description":".","breadcrumb":{"@id":"https:\/\/angelsolisnoticias.com\/index.php\/2024\/07\/12\/exitosa-presentacion-de-la-banda-el-recodo-en-la-feria-de-playa-del-carmen\/#breadcrumb"},"inLanguage":"es","potentialAction":[{"@type":"ReadAction","target":["https:\/\/angelsolisnoticias.com\/index.php\/2024\/07\/12\/exitosa-presentacion-de-la-banda-el-recodo-en-la-feria-de-playa-del-carmen\/"]}]},{"@type":"BreadcrumbList","@id":"https:\/\/angelsolisnoticias.com\/index.php\/2024\/07\/12\/exitosa-presentacion-de-la-banda-el-recodo-en-la-feria-de-playa-del-carmen\/#breadcrumb","itemListElement":[{"@type":"ListItem","position":1,"name":"Inicio","item":"https:\/\/angelsolisnoticias.com\/"},{"@type":"ListItem","position":2,"name":"Exitosa presentaci\u00f3n de la banda El Recodo en la feria de Playa del Carmen"}]},{"@type":"WebSite","@id":"https:\/\/angelsolisnoticias.com\/#website","url":"https:\/\/angelsolisnoticias.com\/","name":"\u00c1ngel Solis","description":"Noticias de Quintana Roo","publisher":{"@id":"https:\/\/angelsolisnoticias.com\/#organization"},"potentialAction":[{"@type":"SearchAction","target":{"@type":"EntryPoint","urlTemplate":"https:\/\/angelsolisnoticias.com\/?s={search_term_string}"},"query-input":"required name=search_term_string"}],"inLanguage":"es"},{"@type":"Organization","@id":"https:\/\/angelsolisnoticias.com\/#organization","name":"\u00c1ngel Solis","url":"https:\/\/angelsolisnoticias.com\/","logo":{"@type":"ImageObject","inLanguage":"es","@id":"https:\/\/angelsolisnoticias.com\/#\/schema\/logo\/image\/","url":"https:\/\/angelsolisnoticias.com\/wp-content\/uploads\/2023\/01\/LOGO3.png","contentUrl":"https:\/\/angelsolisnoticias.com\/wp-content\/uploads\/2023\/01\/LOGO3.png","width":1853,"height":570,"caption":"\u00c1ngel Solis"},"image":{"@id":"https:\/\/angelsolisnoticias.com\/#\/schema\/logo\/image\/"},"sameAs":["https:\/\/www.facebook.com\/periodistasquintanaroo","https:\/\/twitter.com\/PERIODISTASQROO"]},{"@type":"Person","@id":"https:\/\/angelsolisnoticias.com\/#\/schema\/person\/d5ca5e4c5f05db44e86cb564bf81ae6f","name":"admin","image":{"@type":"ImageObject","inLanguage":"es","@id":"https:\/\/angelsolisnoticias.com\/#\/schema\/person\/image\/","url":"https:\/\/secure.gravatar.com\/avatar\/dff3eaf7d33320066684ce268bff2bf90ce4f69456139b2d65d7796f64299e47?s=96&d=mm&r=g","contentUrl":"https:\/\/secure.gravatar.com\/avatar\/dff3eaf7d33320066684ce268bff2bf90ce4f69456139b2d65d7796f64299e47?s=96&d=mm&r=g","caption":"admin"},"sameAs":["https:\/\/angelsolisnoticias.com"],"url":"https:\/\/angelsolisnoticias.com\/index.php\/author\/admin_qnbaat5l\/"}]}},"jetpack_featured_media_url":"https:\/\/angelsolisnoticias.com\/wp-content\/uploads\/2024\/07\/Solidaridad-recodo1.jpg","_links":{"self":[{"href":"https:\/\/angelsolisnoticias.com\/index.php\/wp-json\/wp\/v2\/posts\/8432","targetHints":{"allow":["GET"]}}],"collection":[{"href":"https:\/\/angelsolisnoticias.com\/index.php\/wp-json\/wp\/v2\/posts"}],"about":[{"href":"https:\/\/angelsolisnoticias.com\/index.php\/wp-json\/wp\/v2\/types\/post"}],"author":[{"embeddable":true,"href":"https:\/\/angelsolisnoticias.com\/index.php\/wp-json\/wp\/v2\/users\/1"}],"replies":[{"embeddable":true,"href":"https:\/\/angelsolisnoticias.com\/index.php\/wp-json\/wp\/v2\/comments?post=8432"}],"version-history":[{"count":3,"href":"https:\/\/angelsolisnoticias.com\/index.php\/wp-json\/wp\/v2\/posts\/8432\/revisions"}],"predecessor-version":[{"id":8440,"href":"https:\/\/angelsolisnoticias.com\/index.php\/wp-json\/wp\/v2\/posts\/8432\/revisions\/8440"}],"wp:featuredmedia":[{"embeddable":true,"href":"https:\/\/angelsolisnoticias.com\/index.php\/wp-json\/wp\/v2\/media\/8438"}],"wp:attachment":[{"href":"https:\/\/angelsolisnoticias.com\/index.php\/wp-json\/wp\/v2\/media?parent=8432"}],"wp:term":[{"taxonomy":"category","embeddable":true,"href":"https:\/\/angelsolisnoticias.com\/index.php\/wp-json\/wp\/v2\/categories?post=8432"},{"taxonomy":"post_tag","embeddable":true,"href":"https:\/\/angelsolisnoticias.com\/index.php\/wp-json\/wp\/v2\/tags?post=8432"}],"curies":[{"name":"wp","href":"https:\/\/api.w.org\/{rel}","templated":true}]}}