{"id":8491,"date":"2024-07-15T23:11:17","date_gmt":"2024-07-15T23:11:17","guid":{"rendered":"https:\/\/angelsolisnoticias.com\/?p=8491"},"modified":"2024-07-16T23:09:26","modified_gmt":"2024-07-16T23:09:26","slug":"carin-leon-hace-vibrar-a-la-plaza-28-de-julio","status":"publish","type":"post","link":"https:\/\/angelsolisnoticias.com\/index.php\/2024\/07\/15\/carin-leon-hace-vibrar-a-la-plaza-28-de-julio\/","title":{"rendered":"Car\u00edn Le\u00f3n, hace vibrar a la Plaza 28 de Julio"},"content":{"rendered":"<p>Playa del Carmen, Solidaridad a 15 de julio del 2024<br \/>\nEspecial<\/p>\n<p>Ante la asistencia de m\u00e1s de 25 mil personas en la Plaza 28 de Julio, Car\u00edn Le\u00f3n deleit\u00f3 a los asistentes con sus grandes \u00e9xitos, cumpliendo las expectativas de eventos de talla internacional, como se ha distinguido el gobierno que encabeza Lili Campos.<\/p>\n<p>Cecilio Puc, Secretario General destac\u00f3 que este festejo a la Virgen del Carmen, tiene m\u00e1s de 120 a\u00f1os de tradici\u00f3n, por lo que pidi\u00f3 a los asistentes disfrutar de este magno concierto.<\/p>\n<p><img loading=\"lazy\" decoding=\"async\" class=\"aligncenter wp-image-8496 \" src=\"https:\/\/angelsolisnoticias.com\/wp-content\/uploads\/2024\/07\/Solidaridad-Carin-Leon2.jpg\" alt=\"\" width=\"576\" height=\"384\" srcset=\"https:\/\/angelsolisnoticias.com\/wp-content\/uploads\/2024\/07\/Solidaridad-Carin-Leon2.jpg 720w, https:\/\/angelsolisnoticias.com\/wp-content\/uploads\/2024\/07\/Solidaridad-Carin-Leon2-300x200.jpg 300w\" sizes=\"auto, (max-width: 576px) 100vw, 576px\" \/><\/p>\n<p>El cantante de regional mexicano, Braulio Mata fue el encargado de abrir el concierto del compositor mexicano Car\u00edn Le\u00f3n, quien interpret\u00f3 sus m\u00e1s grandes \u00e9xitos como \u2018La boda del Huitlacoche\u2019, \u2018Primera cita\u2019, Desp\u00eddase bien\u2019, \u2018Seg\u00fan qui\u00e9n\u2019, entre otros temas, rompiendo r\u00e9cord en asistencia en este pen\u00faltimo d\u00eda de Feria del Playa del Carmen 2024.<\/p>\n<p><img loading=\"lazy\" decoding=\"async\" class=\"aligncenter wp-image-8495 \" src=\"https:\/\/angelsolisnoticias.com\/wp-content\/uploads\/2024\/07\/Solidaridad-Carin-Leon3.jpg\" alt=\"\" width=\"599\" height=\"399\" srcset=\"https:\/\/angelsolisnoticias.com\/wp-content\/uploads\/2024\/07\/Solidaridad-Carin-Leon3.jpg 720w, https:\/\/angelsolisnoticias.com\/wp-content\/uploads\/2024\/07\/Solidaridad-Carin-Leon3-300x200.jpg 300w\" sizes=\"auto, (max-width: 599px) 100vw, 599px\" \/><\/p>\n<p>Asimismo, los solidarenses disfrutaron de la presentaci\u00f3n de \u2018Tributo a Dinamita\u2019 en el escenario principal del recinto ferial, as\u00ed como actividades culturales y gastron\u00f3micas que ofrece esta festividad tradicional.<\/p>\n<p><img loading=\"lazy\" decoding=\"async\" class=\"aligncenter wp-image-8493 \" src=\"https:\/\/angelsolisnoticias.com\/wp-content\/uploads\/2024\/07\/Solidaridad-Carin-Leon5.jpg\" alt=\"\" width=\"608\" height=\"405\" srcset=\"https:\/\/angelsolisnoticias.com\/wp-content\/uploads\/2024\/07\/Solidaridad-Carin-Leon5.jpg 720w, https:\/\/angelsolisnoticias.com\/wp-content\/uploads\/2024\/07\/Solidaridad-Carin-Leon5-300x200.jpg 300w\" sizes=\"auto, (max-width: 608px) 100vw, 608px\" \/><\/p>\n<p>Para cerrar con broche de oro este festejo a la Virgen del Carmen, el 16 de julio se realizar\u00e1 la solemne procesi\u00f3n con la imagen de Nuestra Se\u00f1ora del Carmen, as\u00ed como el paseo por el mar para posteriormente dar inicio a la santa misa encabezada por el Monse\u00f1or Pedro Pablo Elizondo y concluir con la tradicional vaquer\u00eda.<\/p>\n","protected":false},"excerpt":{"rendered":"<p>Playa del Carmen, Solidaridad a 15 de julio del 2024 Especial Ante la asistencia de m\u00e1s de 25 mil personas en la Plaza 28 de Julio, Car\u00edn Le\u00f3n deleit\u00f3 a los asistentes con sus grandes \u00e9xitos, cumpliendo las expectativas de eventos de talla internacional, como se ha distinguido el gobierno <a href=\"https:\/\/angelsolisnoticias.com\/index.php\/2024\/07\/15\/carin-leon-hace-vibrar-a-la-plaza-28-de-julio\/\" class=\"btn btn-link continue-link\">Seguir leyendo<\/a><\/p>\n","protected":false},"author":1,"featured_media":8497,"comment_status":"open","ping_status":"open","sticky":false,"template":"","format":"standard","meta":{"footnotes":""},"categories":[6,1],"tags":[],"class_list":["post-8491","post","type-post","status-publish","format-standard","has-post-thumbnail","hentry","category-solidaridad","category-uncategorized"],"yoast_head":"<!-- This site is optimized with the Yoast SEO plugin v21.1 - https:\/\/yoast.com\/wordpress\/plugins\/seo\/ -->\n<title>Car\u00edn Le\u00f3n, hace vibrar a la Plaza 28 de Julio<\/title>\n<meta name=\"description\" content=\".\" \/>\n<meta name=\"robots\" content=\"index, follow, max-snippet:-1, max-image-preview:large, max-video-preview:-1\" \/>\n<link rel=\"canonical\" href=\"https:\/\/angelsolisnoticias.com\/index.php\/2024\/07\/15\/carin-leon-hace-vibrar-a-la-plaza-28-de-julio\/\" \/>\n<meta property=\"og:locale\" content=\"es_MX\" \/>\n<meta property=\"og:type\" content=\"article\" \/>\n<meta property=\"og:title\" content=\"Car\u00edn Le\u00f3n, hace vibrar a la Plaza 28 de Julio\" \/>\n<meta property=\"og:description\" content=\".\" \/>\n<meta property=\"og:url\" content=\"https:\/\/angelsolisnoticias.com\/index.php\/2024\/07\/15\/carin-leon-hace-vibrar-a-la-plaza-28-de-julio\/\" \/>\n<meta property=\"og:site_name\" content=\"\u00c1ngel Solis\" \/>\n<meta property=\"article:publisher\" content=\"https:\/\/www.facebook.com\/periodistasquintanaroo\" \/>\n<meta property=\"article:published_time\" content=\"2024-07-15T23:11:17+00:00\" \/>\n<meta property=\"article:modified_time\" content=\"2024-07-16T23:09:26+00:00\" \/>\n<meta property=\"og:image\" content=\"https:\/\/angelsolisnoticias.com\/wp-content\/uploads\/2024\/07\/Solidaridad-Carin-Leon1.jpg\" \/>\n\t<meta property=\"og:image:width\" content=\"800\" \/>\n\t<meta property=\"og:image:height\" content=\"569\" \/>\n\t<meta property=\"og:image:type\" content=\"image\/jpeg\" \/>\n<meta name=\"author\" content=\"admin\" \/>\n<meta name=\"twitter:card\" content=\"summary_large_image\" \/>\n<meta name=\"twitter:creator\" content=\"@PERIODISTASQROO\" \/>\n<meta name=\"twitter:site\" content=\"@PERIODISTASQROO\" \/>\n<meta name=\"twitter:label1\" content=\"Escrito por\" \/>\n\t<meta name=\"twitter:data1\" content=\"admin\" \/>\n\t<meta name=\"twitter:label2\" content=\"Tiempo de lectura\" \/>\n\t<meta name=\"twitter:data2\" content=\"2 minutos\" \/>\n<script type=\"application\/ld+json\" class=\"yoast-schema-graph\">{\"@context\":\"https:\/\/schema.org\",\"@graph\":[{\"@type\":\"Article\",\"@id\":\"https:\/\/angelsolisnoticias.com\/index.php\/2024\/07\/15\/carin-leon-hace-vibrar-a-la-plaza-28-de-julio\/#article\",\"isPartOf\":{\"@id\":\"https:\/\/angelsolisnoticias.com\/index.php\/2024\/07\/15\/carin-leon-hace-vibrar-a-la-plaza-28-de-julio\/\"},\"author\":{\"name\":\"admin\",\"@id\":\"https:\/\/angelsolisnoticias.com\/#\/schema\/person\/d5ca5e4c5f05db44e86cb564bf81ae6f\"},\"headline\":\"Car\u00edn Le\u00f3n, hace vibrar a la Plaza 28 de Julio\",\"datePublished\":\"2024-07-15T23:11:17+00:00\",\"dateModified\":\"2024-07-16T23:09:26+00:00\",\"mainEntityOfPage\":{\"@id\":\"https:\/\/angelsolisnoticias.com\/index.php\/2024\/07\/15\/carin-leon-hace-vibrar-a-la-plaza-28-de-julio\/\"},\"wordCount\":252,\"commentCount\":0,\"publisher\":{\"@id\":\"https:\/\/angelsolisnoticias.com\/#organization\"},\"articleSection\":[\"Solidaridad\",\"Uncategorized\"],\"inLanguage\":\"es\",\"potentialAction\":[{\"@type\":\"CommentAction\",\"name\":\"Comment\",\"target\":[\"https:\/\/angelsolisnoticias.com\/index.php\/2024\/07\/15\/carin-leon-hace-vibrar-a-la-plaza-28-de-julio\/#respond\"]}]},{\"@type\":\"WebPage\",\"@id\":\"https:\/\/angelsolisnoticias.com\/index.php\/2024\/07\/15\/carin-leon-hace-vibrar-a-la-plaza-28-de-julio\/\",\"url\":\"https:\/\/angelsolisnoticias.com\/index.php\/2024\/07\/15\/carin-leon-hace-vibrar-a-la-plaza-28-de-julio\/\",\"name\":\"Car\u00edn Le\u00f3n, hace vibrar a la Plaza 28 de Julio\",\"isPartOf\":{\"@id\":\"https:\/\/angelsolisnoticias.com\/#website\"},\"datePublished\":\"2024-07-15T23:11:17+00:00\",\"dateModified\":\"2024-07-16T23:09:26+00:00\",\"description\":\".\",\"breadcrumb\":{\"@id\":\"https:\/\/angelsolisnoticias.com\/index.php\/2024\/07\/15\/carin-leon-hace-vibrar-a-la-plaza-28-de-julio\/#breadcrumb\"},\"inLanguage\":\"es\",\"potentialAction\":[{\"@type\":\"ReadAction\",\"target\":[\"https:\/\/angelsolisnoticias.com\/index.php\/2024\/07\/15\/carin-leon-hace-vibrar-a-la-plaza-28-de-julio\/\"]}]},{\"@type\":\"BreadcrumbList\",\"@id\":\"https:\/\/angelsolisnoticias.com\/index.php\/2024\/07\/15\/carin-leon-hace-vibrar-a-la-plaza-28-de-julio\/#breadcrumb\",\"itemListElement\":[{\"@type\":\"ListItem\",\"position\":1,\"name\":\"Inicio\",\"item\":\"https:\/\/angelsolisnoticias.com\/\"},{\"@type\":\"ListItem\",\"position\":2,\"name\":\"Car\u00edn Le\u00f3n, hace vibrar a la Plaza 28 de Julio\"}]},{\"@type\":\"WebSite\",\"@id\":\"https:\/\/angelsolisnoticias.com\/#website\",\"url\":\"https:\/\/angelsolisnoticias.com\/\",\"name\":\"\u00c1ngel Solis\",\"description\":\"Noticias de Quintana Roo\",\"publisher\":{\"@id\":\"https:\/\/angelsolisnoticias.com\/#organization\"},\"potentialAction\":[{\"@type\":\"SearchAction\",\"target\":{\"@type\":\"EntryPoint\",\"urlTemplate\":\"https:\/\/angelsolisnoticias.com\/?s={search_term_string}\"},\"query-input\":\"required name=search_term_string\"}],\"inLanguage\":\"es\"},{\"@type\":\"Organization\",\"@id\":\"https:\/\/angelsolisnoticias.com\/#organization\",\"name\":\"\u00c1ngel Solis\",\"url\":\"https:\/\/angelsolisnoticias.com\/\",\"logo\":{\"@type\":\"ImageObject\",\"inLanguage\":\"es\",\"@id\":\"https:\/\/angelsolisnoticias.com\/#\/schema\/logo\/image\/\",\"url\":\"https:\/\/angelsolisnoticias.com\/wp-content\/uploads\/2023\/01\/LOGO3.png\",\"contentUrl\":\"https:\/\/angelsolisnoticias.com\/wp-content\/uploads\/2023\/01\/LOGO3.png\",\"width\":1853,\"height\":570,\"caption\":\"\u00c1ngel Solis\"},\"image\":{\"@id\":\"https:\/\/angelsolisnoticias.com\/#\/schema\/logo\/image\/\"},\"sameAs\":[\"https:\/\/www.facebook.com\/periodistasquintanaroo\",\"https:\/\/twitter.com\/PERIODISTASQROO\"]},{\"@type\":\"Person\",\"@id\":\"https:\/\/angelsolisnoticias.com\/#\/schema\/person\/d5ca5e4c5f05db44e86cb564bf81ae6f\",\"name\":\"admin\",\"image\":{\"@type\":\"ImageObject\",\"inLanguage\":\"es\",\"@id\":\"https:\/\/angelsolisnoticias.com\/#\/schema\/person\/image\/\",\"url\":\"https:\/\/secure.gravatar.com\/avatar\/dff3eaf7d33320066684ce268bff2bf90ce4f69456139b2d65d7796f64299e47?s=96&d=mm&r=g\",\"contentUrl\":\"https:\/\/secure.gravatar.com\/avatar\/dff3eaf7d33320066684ce268bff2bf90ce4f69456139b2d65d7796f64299e47?s=96&d=mm&r=g\",\"caption\":\"admin\"},\"sameAs\":[\"https:\/\/angelsolisnoticias.com\"],\"url\":\"https:\/\/angelsolisnoticias.com\/index.php\/author\/admin_qnbaat5l\/\"}]}<\/script>\n<!-- \/ Yoast SEO plugin. -->","yoast_head_json":{"title":"Car\u00edn Le\u00f3n, hace vibrar a la Plaza 28 de Julio","description":".","robots":{"index":"index","follow":"follow","max-snippet":"max-snippet:-1","max-image-preview":"max-image-preview:large","max-video-preview":"max-video-preview:-1"},"canonical":"https:\/\/angelsolisnoticias.com\/index.php\/2024\/07\/15\/carin-leon-hace-vibrar-a-la-plaza-28-de-julio\/","og_locale":"es_MX","og_type":"article","og_title":"Car\u00edn Le\u00f3n, hace vibrar a la Plaza 28 de Julio","og_description":".","og_url":"https:\/\/angelsolisnoticias.com\/index.php\/2024\/07\/15\/carin-leon-hace-vibrar-a-la-plaza-28-de-julio\/","og_site_name":"\u00c1ngel Solis","article_publisher":"https:\/\/www.facebook.com\/periodistasquintanaroo","article_published_time":"2024-07-15T23:11:17+00:00","article_modified_time":"2024-07-16T23:09:26+00:00","og_image":[{"width":800,"height":569,"url":"https:\/\/angelsolisnoticias.com\/wp-content\/uploads\/2024\/07\/Solidaridad-Carin-Leon1.jpg","type":"image\/jpeg"}],"author":"admin","twitter_card":"summary_large_image","twitter_creator":"@PERIODISTASQROO","twitter_site":"@PERIODISTASQROO","twitter_misc":{"Escrito por":"admin","Tiempo de lectura":"2 minutos"},"schema":{"@context":"https:\/\/schema.org","@graph":[{"@type":"Article","@id":"https:\/\/angelsolisnoticias.com\/index.php\/2024\/07\/15\/carin-leon-hace-vibrar-a-la-plaza-28-de-julio\/#article","isPartOf":{"@id":"https:\/\/angelsolisnoticias.com\/index.php\/2024\/07\/15\/carin-leon-hace-vibrar-a-la-plaza-28-de-julio\/"},"author":{"name":"admin","@id":"https:\/\/angelsolisnoticias.com\/#\/schema\/person\/d5ca5e4c5f05db44e86cb564bf81ae6f"},"headline":"Car\u00edn Le\u00f3n, hace vibrar a la Plaza 28 de Julio","datePublished":"2024-07-15T23:11:17+00:00","dateModified":"2024-07-16T23:09:26+00:00","mainEntityOfPage":{"@id":"https:\/\/angelsolisnoticias.com\/index.php\/2024\/07\/15\/carin-leon-hace-vibrar-a-la-plaza-28-de-julio\/"},"wordCount":252,"commentCount":0,"publisher":{"@id":"https:\/\/angelsolisnoticias.com\/#organization"},"articleSection":["Solidaridad","Uncategorized"],"inLanguage":"es","potentialAction":[{"@type":"CommentAction","name":"Comment","target":["https:\/\/angelsolisnoticias.com\/index.php\/2024\/07\/15\/carin-leon-hace-vibrar-a-la-plaza-28-de-julio\/#respond"]}]},{"@type":"WebPage","@id":"https:\/\/angelsolisnoticias.com\/index.php\/2024\/07\/15\/carin-leon-hace-vibrar-a-la-plaza-28-de-julio\/","url":"https:\/\/angelsolisnoticias.com\/index.php\/2024\/07\/15\/carin-leon-hace-vibrar-a-la-plaza-28-de-julio\/","name":"Car\u00edn Le\u00f3n, hace vibrar a la Plaza 28 de Julio","isPartOf":{"@id":"https:\/\/angelsolisnoticias.com\/#website"},"datePublished":"2024-07-15T23:11:17+00:00","dateModified":"2024-07-16T23:09:26+00:00","description":".","breadcrumb":{"@id":"https:\/\/angelsolisnoticias.com\/index.php\/2024\/07\/15\/carin-leon-hace-vibrar-a-la-plaza-28-de-julio\/#breadcrumb"},"inLanguage":"es","potentialAction":[{"@type":"ReadAction","target":["https:\/\/angelsolisnoticias.com\/index.php\/2024\/07\/15\/carin-leon-hace-vibrar-a-la-plaza-28-de-julio\/"]}]},{"@type":"BreadcrumbList","@id":"https:\/\/angelsolisnoticias.com\/index.php\/2024\/07\/15\/carin-leon-hace-vibrar-a-la-plaza-28-de-julio\/#breadcrumb","itemListElement":[{"@type":"ListItem","position":1,"name":"Inicio","item":"https:\/\/angelsolisnoticias.com\/"},{"@type":"ListItem","position":2,"name":"Car\u00edn Le\u00f3n, hace vibrar a la Plaza 28 de Julio"}]},{"@type":"WebSite","@id":"https:\/\/angelsolisnoticias.com\/#website","url":"https:\/\/angelsolisnoticias.com\/","name":"\u00c1ngel Solis","description":"Noticias de Quintana Roo","publisher":{"@id":"https:\/\/angelsolisnoticias.com\/#organization"},"potentialAction":[{"@type":"SearchAction","target":{"@type":"EntryPoint","urlTemplate":"https:\/\/angelsolisnoticias.com\/?s={search_term_string}"},"query-input":"required name=search_term_string"}],"inLanguage":"es"},{"@type":"Organization","@id":"https:\/\/angelsolisnoticias.com\/#organization","name":"\u00c1ngel Solis","url":"https:\/\/angelsolisnoticias.com\/","logo":{"@type":"ImageObject","inLanguage":"es","@id":"https:\/\/angelsolisnoticias.com\/#\/schema\/logo\/image\/","url":"https:\/\/angelsolisnoticias.com\/wp-content\/uploads\/2023\/01\/LOGO3.png","contentUrl":"https:\/\/angelsolisnoticias.com\/wp-content\/uploads\/2023\/01\/LOGO3.png","width":1853,"height":570,"caption":"\u00c1ngel Solis"},"image":{"@id":"https:\/\/angelsolisnoticias.com\/#\/schema\/logo\/image\/"},"sameAs":["https:\/\/www.facebook.com\/periodistasquintanaroo","https:\/\/twitter.com\/PERIODISTASQROO"]},{"@type":"Person","@id":"https:\/\/angelsolisnoticias.com\/#\/schema\/person\/d5ca5e4c5f05db44e86cb564bf81ae6f","name":"admin","image":{"@type":"ImageObject","inLanguage":"es","@id":"https:\/\/angelsolisnoticias.com\/#\/schema\/person\/image\/","url":"https:\/\/secure.gravatar.com\/avatar\/dff3eaf7d33320066684ce268bff2bf90ce4f69456139b2d65d7796f64299e47?s=96&d=mm&r=g","contentUrl":"https:\/\/secure.gravatar.com\/avatar\/dff3eaf7d33320066684ce268bff2bf90ce4f69456139b2d65d7796f64299e47?s=96&d=mm&r=g","caption":"admin"},"sameAs":["https:\/\/angelsolisnoticias.com"],"url":"https:\/\/angelsolisnoticias.com\/index.php\/author\/admin_qnbaat5l\/"}]}},"jetpack_featured_media_url":"https:\/\/angelsolisnoticias.com\/wp-content\/uploads\/2024\/07\/Solidaridad-Carin-Leon1.jpg","_links":{"self":[{"href":"https:\/\/angelsolisnoticias.com\/index.php\/wp-json\/wp\/v2\/posts\/8491","targetHints":{"allow":["GET"]}}],"collection":[{"href":"https:\/\/angelsolisnoticias.com\/index.php\/wp-json\/wp\/v2\/posts"}],"about":[{"href":"https:\/\/angelsolisnoticias.com\/index.php\/wp-json\/wp\/v2\/types\/post"}],"author":[{"embeddable":true,"href":"https:\/\/angelsolisnoticias.com\/index.php\/wp-json\/wp\/v2\/users\/1"}],"replies":[{"embeddable":true,"href":"https:\/\/angelsolisnoticias.com\/index.php\/wp-json\/wp\/v2\/comments?post=8491"}],"version-history":[{"count":3,"href":"https:\/\/angelsolisnoticias.com\/index.php\/wp-json\/wp\/v2\/posts\/8491\/revisions"}],"predecessor-version":[{"id":8499,"href":"https:\/\/angelsolisnoticias.com\/index.php\/wp-json\/wp\/v2\/posts\/8491\/revisions\/8499"}],"wp:featuredmedia":[{"embeddable":true,"href":"https:\/\/angelsolisnoticias.com\/index.php\/wp-json\/wp\/v2\/media\/8497"}],"wp:attachment":[{"href":"https:\/\/angelsolisnoticias.com\/index.php\/wp-json\/wp\/v2\/media?parent=8491"}],"wp:term":[{"taxonomy":"category","embeddable":true,"href":"https:\/\/angelsolisnoticias.com\/index.php\/wp-json\/wp\/v2\/categories?post=8491"},{"taxonomy":"post_tag","embeddable":true,"href":"https:\/\/angelsolisnoticias.com\/index.php\/wp-json\/wp\/v2\/tags?post=8491"}],"curies":[{"name":"wp","href":"https:\/\/api.w.org\/{rel}","templated":true}]}}